{"id":127,"date":"2013-03-01T12:34:25","date_gmt":"2013-03-01T10:34:25","guid":{"rendered":"http:\/\/paulmelian.de\/blog\/?p=127"},"modified":"2013-03-01T12:34:25","modified_gmt":"2013-03-01T10:34:25","slug":"anti-spumante","status":"publish","type":"post","link":"https:\/\/paulmelian.de\/blog\/?p=127","title":{"rendered":"Anti (Spumante)"},"content":{"rendered":"<p><small><i>Maistre, f\u0103-\u021bi poman\u0103!<br \/>\nDuhurile tale,<br \/>\nDoamne,-\u0219i fac de cap<br \/>\nLe-am chemat, \u0219i-acuma<br \/>\nNu mai pot s\u0103 scap!<br \/>\n(J.W. von Goethe, Ucenicul Vr\u0103jitor)<\/i><\/small><\/p>\n<p>Maestrul Dinescu \u00eel mai sl\u0103be\u015fte pe B\u0103sescu \u015fi se leag\u0103 mai nou \u015fi de <a href=\"http:\/\/www.catavencii.ro\/Dulap-cu-papagal_0_7342.html\">liberali<\/a>.<\/p>\n<blockquote><p><small>Achizi\u021bionarea neam\u021bului monosilabic de c\u0103tre liberali echivaleaz\u0103 cu lovitura pe care ar da-o gr\u0103dina zoologic\u0103 din B\u0103neasa dac\u0103 ar cump\u0103ra ursul \u00eemp\u0103iat al fotografului din Ci\u0219migiu.[]<\/small><\/p><\/blockquote>\n<p>Hm. Hm. Oare chiar a\u015fa s\u0103 fie? Nici o implica\u0163ie politic\u0103 major\u0103? Biiineee. Vom mai vorbi despre asta dup\u0103 viitoarele alegeri.<!--more--><\/p>\n<blockquote><p><small>[]Nevoia de neam\u021b a poporului rom\u00e2n fiind satisf\u0103cut\u0103, r\u0103m\u00eene de v\u0103zut dac\u0103 \u0219mecheria cu ghivent german \u00eei va fi de folos \u0219efului liberal \u0219i \u00een deplasare, c\u00eend se va prezenta cu acest dulap s\u0103sesc din lemn masiv \u00een sufrageria Angelei Merkel.[]<\/small><\/p><\/blockquote>\n<p>Chestia cu &#8222;nevoia de neam\u0163 a poporului rom\u00e2n&#8221; o fi sun\u00e2nd bine unora, dar mie nu. Poporul rom\u00e2n s-a lep\u0103dat de &#8222;neam\u0163&#8221; la fel de u\u015for cum acesta din urm\u0103 s-a lep\u0103dat de poporul rom\u00e2n, aici cauza se cam suprapune cu efectul. Ca s\u0103-\u0163i dai seama mai bine de ce are Antonescu nevoie de &#8222;neam\u0163&#8221; \u00ee\u0163i trebuie ni\u015fte antene&#8230; mai bune.<\/p>\n<blockquote><p><small>[]Una peste alta, frigiditatea teluric\u0103 a lui Iohannis, \u00eengem\u0103nat\u0103 cu s\u00eengele rece de animal marin al lui Crin Antonescu, ne \u00eembr\u00eence\u0219te-n ideea c\u0103, din dou\u0103 congelatoare, un me\u0219ter priceput ar putea \u00eencropi totu\u0219i un mic calorifer.<\/small><\/p><\/blockquote>\n<p>Fiind vorba aici de congelatoare, eu cred c\u0103 nu stric\u0103 s\u0103 consider\u0103m lucrurile din punct de vedere strict tehnic. (Iar dac\u0103 m\u0103 \u00eentreba\u0163i pe mine, obiectivitatea nu stric\u0103, de fapt, niciodat\u0103.)<br \/>\nN-ai nevoie de dou\u0103 congelatoare ca s\u0103 faci un calorifer. Un congelator este \u00een acela\u015fi timp \u015fi un calorifer. Chestia aia cu conservarea energiei (a\u0163i auzit, nu?) ne \u00eenva\u0163\u0103 c\u0103 dac\u0103 r\u0103cim \u00eentr-o parte, vom \u00eenc\u0103lzi \u00een alta&#8230; \u00cen aceea\u015fi ordine de idei, Josb\u0103sescianismul ultimilor ani a fost, implicit, acompaniat de Susantonescianism, iar efortul de a spumega la gur\u0103 a dus, \u00een mod <del datetime=\"2013-03-01T10:20:24+00:00\">v<\/del>lizibil, la atrofierea altor organe.<br \/>\nNu ai nevoie nici de doi raha\u0163i, maestre Dinescu, ca s\u0103 faci o pra\u015ftie. Ajunge unul. L-a\u0163i vrut, \u00eel ave\u0163i. Acuma m\u00e2nca\u0163i-l fript.<\/p>\n","protected":false},"excerpt":{"rendered":"<p>Maistre, f\u0103-\u021bi poman\u0103! Duhurile tale, Doamne,-\u0219i fac de cap Le-am chemat, \u0219i-acuma Nu mai pot s\u0103 scap! (J.W. von Goethe, Ucenicul Vr\u0103jitor) Maestrul Dinescu \u00eel mai sl\u0103be\u015fte pe B\u0103sescu \u015fi se leag\u0103 mai nou \u015fi de liberali. Achizi\u021bionarea neam\u021bului monosilabic &hellip; <a href=\"https:\/\/paulmelian.de\/blog\/?p=127\">Continu\u0103 s\u0103 cite\u0219ti <span class=\"meta-nav\">&rarr;<\/span><\/a><\/p>\n","protected":false},"author":1,"featured_media":0,"comment_status":"open","ping_status":"open","sticky":false,"template":"","format":"standard","meta":{"ngg_post_thumbnail":0,"jetpack_post_was_ever_published":false,"_jetpack_newsletter_access":"","_jetpack_dont_email_post_to_subs":false,"_jetpack_newsletter_tier_id":0,"_jetpack_memberships_contains_paywalled_content":false,"_jetpack_memberships_contains_paid_content":false,"footnotes":"","jetpack_publicize_message":"","jetpack_publicize_feature_enabled":true,"jetpack_social_post_already_shared":false,"jetpack_social_options":{"image_generator_settings":{"template":"highway","default_image_id":0,"font":"","enabled":false},"version":2}},"categories":[8,14,17,19],"tags":[],"class_list":["post-127","post","type-post","status-publish","format-standard","hentry","category-general","category-oameni","category-politica","category-romania-in-lume"],"jetpack_publicize_connections":[],"jetpack_featured_media_url":"","jetpack_sharing_enabled":true,"jetpack_shortlink":"https:\/\/wp.me\/p9mZDH-23","jetpack_likes_enabled":true,"jetpack-related-posts":[{"id":693,"url":"https:\/\/paulmelian.de\/blog\/?p=693","url_meta":{"origin":127,"position":0},"title":"Chestii bovine","author":"Mihai","date":"22 februarie 2015","format":false,"excerpt":"Pentru cazurile c\u00e2nd ne e prea lene s\u0103 ne deplas\u0103m 2 km. p\u00e2n\u0103 \u00een satul vecin \u015fi s\u0103 facem rost de lapte de vac\u0103 \"de \u0163\u0103ran\u201c, am cump\u0103rat c\u00e2ndva ni\u015fte cutii de lapte UHT Fulga, pe care le p\u0103str\u0103m \u00een pivni\u0163\u0103 pentru cazuri de nevoie. Ast\u0103zi, la micul dejun, nevoia\u2026","rel":"","context":"\u00cen \u201eDeutsche Erinnerungen \/ Amintiri din Germania\u201d","block_context":{"text":"Deutsche Erinnerungen \/ Amintiri din Germania","link":"https:\/\/paulmelian.de\/blog\/?cat=2"},"img":{"alt_text":"Fulga 123a","src":"https:\/\/i0.wp.com\/paulmelian.de\/blog\/wp-content\/uploads\/2015\/02\/Fulga-123a-300x245.jpg?resize=350%2C200","width":350,"height":200},"classes":[]},{"id":2673,"url":"https:\/\/paulmelian.de\/blog\/?p=2673","url_meta":{"origin":127,"position":1},"title":"Indignare","author":"Mihai","date":"4 februarie 2018","format":false,"excerpt":"Tipul era de-a dreptul enervant. Pe de-o parte afirma c\u0103 PSD este o adun\u0103tur\u0103 de ho\u0163i, pe de alta c\u0103 a\u015fa zisa \u201cDreapt\u0103\u201d rom\u00e2neasc\u0103 nici m\u0103car adun\u0103tur\u0103 nu e. \u00cen afar\u0103 de asta, pe Iohannis \u00eel considera bou (sau \u201cneam\u0163 prost\u201d, spre deosebire de alternativa sa la ultimele alegeri preziden\u0163iale,\u2026","rel":"","context":"\u00cen \u201eGeneral\u201d","block_context":{"text":"General","link":"https:\/\/paulmelian.de\/blog\/?cat=8"},"img":{"alt_text":"","src":"https:\/\/i0.wp.com\/paulmelian.de\/blog\/wp-content\/uploads\/2018\/02\/Cheshire_Cat_Tenniela-292x300.png?resize=350%2C200","width":350,"height":200},"classes":[]},{"id":252,"url":"https:\/\/paulmelian.de\/blog\/?p=252","url_meta":{"origin":127,"position":2},"title":"Civism \u015fi politic\u0103","author":"Mihai","date":"15 noiembrie 2014","format":false,"excerpt":"Sub acest titlu, echipa de voluntari care creeaz\u0103 DEX Online public\u0103 un text care ne arat\u0103 de ce se implic\u0103 \u00een procesul de formare a opiniei politice din Rom\u00e2nia. Recomand lectura acestui articol, care, dup\u0103 p\u0103rerea mea, nu necesit\u0103 comentarii. \u00cen campania electoral\u0103 actual\u0103, aceela\u015fi colectiv recomand\u0103 cititorilor s\u0103i s\u0103-l\u2026","rel":"","context":"\u00cen \u201eDeutsche Erinnerungen \/ Amintiri din Germania\u201d","block_context":{"text":"Deutsche Erinnerungen \/ Amintiri din Germania","link":"https:\/\/paulmelian.de\/blog\/?cat=2"},"img":{"alt_text":"","src":"","width":0,"height":0},"classes":[]},{"id":981,"url":"https:\/\/paulmelian.de\/blog\/?p=981","url_meta":{"origin":127,"position":3},"title":"USL redivivus?","author":"Mihai","date":"6 iunie 2015","format":false,"excerpt":"Sub titlul foarte spiritual \"Cum \u015fi-a sinucis Ponta partidul\", d-na Alina Mungiu-Pippidi public\u0103 un articola\u015f \u00een care consider\u0103, printre altele, c\u0103 o \"Mare Coali\u0163ie\" PSD-PNL ar fi mai benefic\u0103 Rom\u00e2niei dec\u00e2t situa\u0163ia creat\u0103 \u00een urma pierderii alegerilor preziden\u0163iale de c\u0103tre PSD-Ponta \u015fi a urm\u0103ririi sale penale. (Urm\u0103rirea penal\u0103 se refer\u0103,\u2026","rel":"","context":"\u00cen \u201eDeutsche Erinnerungen \/ Amintiri din Germania\u201d","block_context":{"text":"Deutsche Erinnerungen \/ Amintiri din Germania","link":"https:\/\/paulmelian.de\/blog\/?cat=2"},"img":{"alt_text":"","src":"","width":0,"height":0},"classes":[]},{"id":272,"url":"https:\/\/paulmelian.de\/blog\/?p=272","url_meta":{"origin":127,"position":4},"title":"Curat mocirl\u0103!","author":"Mihai","date":"12 ianuarie 2015","format":false,"excerpt":"Platforma online \u201cRom\u00e2nia curat\u0103\u201d atribuie, conform votului propriilor cititori, urm\u0103toarele premii: Traseistul Anului 2014 Supravie\u0163uitor Frunta\u015f Pericol Legislativ \u00een Ac\u0163iune Intelectualul de aur Curaj \u00een exercitarea justi\u021biei Cea mai activ\u0103 institu\u021bie \u00een favoarea bunei guvern\u0103ri Implicare civic\u0103 Aceasta m\u0103 conduce la c\u00e2teva reflec\u0163ii. \u00cen primul r\u00e2nd, lista de mai sus\u2026","rel":"","context":"\u00cen \u201eGeneral\u201d","block_context":{"text":"General","link":"https:\/\/paulmelian.de\/blog\/?cat=8"},"img":{"alt_text":"","src":"","width":0,"height":0},"classes":[]},{"id":6619,"url":"https:\/\/paulmelian.de\/blog\/?p=6619","url_meta":{"origin":127,"position":5},"title":"Recidiv\u0103 (climatic\u0103)","author":"Mihai","date":"11 ianuarie 2024","format":false,"excerpt":"Dup\u0103 5 ani de abstinen\u0163\u0103, am dat de cur\u00e2nd iar o rait\u0103 pe www.contributors.ro ca s\u0103 aflu ce se mai \u00eent\u00e2mpl\u0103 pe-acolo. \u00cemi sare din nou \u00een ochi un articol al profesorului Cr\u00e2nganu, cu care am mai avut o alterca\u0163ie pe vremuri. Hai s\u0103-mi dau \u015fi eu, cu delicate\u0163ea \u015fi\u2026","rel":"","context":"\u00cen \u201eGeneral\u201d","block_context":{"text":"General","link":"https:\/\/paulmelian.de\/blog\/?cat=8"},"img":{"alt_text":"","src":"https:\/\/i0.wp.com\/paulmelian.de\/blog\/wp-content\/uploads\/2015\/12\/kopfsand-300x186.jpg?resize=350%2C200&ssl=1","width":350,"height":200},"classes":[]}],"post_mailing_queue_ids":[],"_links":{"self":[{"href":"https:\/\/paulmelian.de\/blog\/index.php?rest_route=\/wp\/v2\/posts\/127","targetHints":{"allow":["GET"]}}],"collection":[{"href":"https:\/\/paulmelian.de\/blog\/index.php?rest_route=\/wp\/v2\/posts"}],"about":[{"href":"https:\/\/paulmelian.de\/blog\/index.php?rest_route=\/wp\/v2\/types\/post"}],"author":[{"embeddable":true,"href":"https:\/\/paulmelian.de\/blog\/index.php?rest_route=\/wp\/v2\/users\/1"}],"replies":[{"embeddable":true,"href":"https:\/\/paulmelian.de\/blog\/index.php?rest_route=%2Fwp%2Fv2%2Fcomments&post=127"}],"version-history":[{"count":0,"href":"https:\/\/paulmelian.de\/blog\/index.php?rest_route=\/wp\/v2\/posts\/127\/revisions"}],"wp:attachment":[{"href":"https:\/\/paulmelian.de\/blog\/index.php?rest_route=%2Fwp%2Fv2%2Fmedia&parent=127"}],"wp:term":[{"taxonomy":"category","embeddable":true,"href":"https:\/\/paulmelian.de\/blog\/index.php?rest_route=%2Fwp%2Fv2%2Fcategories&post=127"},{"taxonomy":"post_tag","embeddable":true,"href":"https:\/\/paulmelian.de\/blog\/index.php?rest_route=%2Fwp%2Fv2%2Ftags&post=127"}],"curies":[{"name":"wp","href":"https:\/\/api.w.org\/{rel}","templated":true}]}}