{"id":129,"date":"2013-03-02T21:38:48","date_gmt":"2013-03-02T19:38:48","guid":{"rendered":"http:\/\/paulmelian.de\/blog\/?p=129"},"modified":"2015-02-17T06:01:40","modified_gmt":"2015-02-17T06:01:40","slug":"cum-ne-facem-tara-de-rasfifty-ways-to-live-yourope","status":"publish","type":"post","link":"https:\/\/paulmelian.de\/blog\/?p=129","title":{"rendered":"Cum ne facem \u0163ara de r\u00e2s<br>Fifty ways to live Yourope"},"content":{"rendered":"<p class=\"MsoNormal\"><span style=\"mso-ansi-language: EN-GB;\" lang=\"EN-GB\">\u00cencep cu \u201cbagatele\u201d. <\/span><\/p>\n<p class=\"MsoNormal\"><span style=\"mso-ansi-language: EN-GB;\" lang=\"EN-GB\">La Aeroportul International de la Cluj, dup\u0103 ce te-ai dezbr\u0103cat p\u00e2n\u0103 la c\u0103ma\u015f\u0103, \u0163i-ai scos centura \u015fi \u0163i-ai golit buzunarele, mai trebuie adesea s\u0103 te \u015fi descal\u0163i. \u00cen acest caz, umbli cu picioarele goale prin mizeria de pe jos, deoarece automatul care debiteaz\u0103 boto\u015feii de plastic \u00ee\u0163i pretinde 2 lei, iar banii t\u0103i au trecut deja \u00eempreun\u0103 cu restul lucrurilor \u00een partea ceealalt\u0103&#8230; (La Otopeni, aceast\u0103 complica\u0163ie inutil\u0103 este evitat\u0103 \u00een mod genial: boto\u015fei ioc!)<\/span><!--more--><\/p>\n<p class=\"MsoNormal\"><span style=\"mso-ansi-language: EN-GB;\" lang=\"EN-GB\">Ar mai fi \u015fi cazul cet\u0103\u0163eanului UE, care este trimis de la Oficiul Pentru Imigr\u0103ri, aflat la periferia ora\u015fului, s\u0103 pl\u0103teasc\u0103 o tax\u0103 de 2 lei (!) la Trezorerie, aflat\u0103 tocmai \u00een centru, pentru a i se elibera \u00een final un Certificat de \u00cenregistrare dotat cu un CNP care nu poate fi reg\u0103sit, din cauza adresei incomplete, \u00een nicio baz\u0103 de date din \u0163ar\u0103&#8230;<\/span><\/p>\n<p class=\"MsoNormal\"><span style=\"mso-ansi-language: EN-GB;\" lang=\"EN-GB\">Dar, cum am zis deja, astea-s doar \u201cbagatele\u201d.<\/span><\/p>\n<p class=\"MsoNormal\"><span style=\"mso-ansi-language: EN-GB;\" lang=\"EN-GB\">C\u00e2nd Premierul Rom\u00e2niei \u00eel compar\u0103 pe Berlusconi cu Ceau\u015fescu, \u00eencepe s\u0103 se-ngroa\u015fe gluma. Spun asta nu din considera\u0163ie pentru Berlusconi, ci pentru c\u0103 aceast\u0103 compara\u0163ie t\u00e2mp\u0103 este lipsit\u0103 de orice baz\u0103 real\u0103. (Dar chiar dac\u0103 ar fi o compara\u0163ie justificat\u0103, o astfel de afirma\u0163ie \u00een public, venit\u0103 din parte unui \u00eenalt demnitar, \u00eencalc\u0103 chiar \u015fi cele mai elementare uzan\u0163e diplomatice.)<\/span><\/p>\n<p class=\"MsoNormal\">Se poate \u00eens\u0103 \u015fi mai r\u0103u. Un Ministru de Externe infantil, uitat fie-i numele, declar\u0103 c\u0103 dac\u0103 Rom\u00e2nia nu va fi primit\u0103 pe loc \u00een Spa\u0163iul Schengen, \u00ee\u015fi va pierde pe viitor orice interes pentru a mai ob\u0163ine aceast\u0103 calitate. <span style=\"mso-ansi-language: EN-GB;\" lang=\"EN-GB\">(Cu alte cuvinte: Europa nu mai merit\u0103, domnule, favorul pe care doream s\u0103 i-l facem, noi rom\u00e2nii.)<\/span><\/p>\n<p class=\"MsoNormal\"><span style=\"mso-ansi-language: EN-GB;\" lang=\"EN-GB\">Confruntat cu acest monstruos c\u0103lcat \u00een str\u0103chini, Premierul, uitat fie-i \u015fi lui numele, declar\u0103, \u00een nem\u0103rginitul s\u0103u respect pentru adev\u0103r, urm\u0103toarele:<\/span><\/p>\n<p class=\"MsoNormal\" style=\"margin-left: 53.4pt; text-indent: -35.4pt; mso-list: l0 level1 lfo1; tab-stops: list 53.4pt;\"><span style=\"mso-ansi-language: EN-GB;\" lang=\"EN-GB\"><span style=\"mso-list: Ignore;\">1.<span style=\"font: 7pt \"> <\/span><\/span><\/span><span style=\"mso-ansi-language: EN-GB;\" lang=\"EN-GB\">Nimeni nu a c\u0103lcat \u00een nimic<\/span><\/p>\n<p class=\"MsoNormal\" style=\"margin-left: 53.4pt; text-indent: -35.4pt; mso-list: l0 level1 lfo1; tab-stops: list 53.4pt;\"><span style=\"mso-ansi-language: EN-GB;\" lang=\"EN-GB\"><span style=\"mso-list: Ignore;\">2.<span style=\"font: 7pt \"> <\/span><\/span><\/span><span style=\"mso-ansi-language: EN-GB;\" lang=\"EN-GB\">Nu a fost nici o strachin\u0103<\/span><\/p>\n<p class=\"MsoNormal\" style=\"margin-left: 53.4pt; text-indent: -35.4pt; mso-list: l0 level1 lfo1; tab-stops: list 53.4pt;\"><span style=\"mso-ansi-language: EN-GB;\" lang=\"EN-GB\"><span style=\"mso-list: Ignore;\">3.<span style=\"font: 7pt \"> <\/span><\/span><\/span><span style=\"mso-ansi-language: EN-GB;\" lang=\"EN-GB\">C\u0103lc\u0103tura s-a f\u0103cut din \u00eens\u0103rcinarea \u015fi cu acordul Guvernului Rom\u00e2niei<\/span><\/p>\n<p class=\"MsoNormal\" style=\"margin-left: 53.4pt; text-indent: -35.4pt; mso-list: l0 level1 lfo1; tab-stops: list 53.4pt;\"><span style=\"mso-ansi-language: EN-GB;\" lang=\"EN-GB\"><span style=\"mso-list: Ignore;\">4.<span style=\"font: 7pt \"> <\/span><\/span><\/span><span style=\"mso-ansi-language: EN-GB;\" lang=\"EN-GB\">Strachina a fost plasat\u0103 \u00een mod m\u00e2r\u015fav \u00een calea spre progres a poporului rom\u00e2n prin uneltirile du\u015fmanilor acestuia, \u00een frunte cu actualul Pre\u015fedinte Traian B\u0103sescu<\/span><\/p>\n<p class=\"MsoNormal\" style=\"margin-left: 53.4pt; text-indent: -35.4pt; mso-list: l0 level1 lfo1; tab-stops: list 53.4pt;\"><span style=\"mso-ansi-language: EN-GB;\" lang=\"EN-GB\"><span style=\"mso-list: Ignore;\">5.<span style=\"font: 7pt \"> <\/span><\/span><\/span><span style=\"mso-ansi-language: EN-GB;\" lang=\"EN-GB\">Afirma\u0163iile potrivit c\u0103rora actuala coali\u0163ie USL ar cultiva un populism xenofob sunt ni\u015fte minciuni sfruntate ale str\u0103inilor care ne-au invadat \u0163ara acum \u015fi dintotdeauna. <\/span><\/p>\n<p class=\"MsoNormal\"><span style=\"mso-ansi-language: EN-GB;\" lang=\"EN-GB\"> <\/span><\/p>\n<p class=\"MsoNormal\"><span style=\"mso-ansi-language: EN-GB;\" lang=\"EN-GB\">F\u0103r\u0103 \u00eendoial\u0103, dup\u0103 tot ce s-a \u00eent\u00e2mplat \u00een ultimele 10 luni, Rom\u00e2nia merit\u0103 o lec\u0163ie. \u00cen propriul interes. Nu cred \u00eens\u0103 c\u0103 refuzul ader\u0103rii la conven\u0163ia Schengen ar fi m\u0103sura potrivit\u0103. Cred mai degrab\u0103 c\u0103 \u00eenghe\u0163area fondurilor europene p\u00e2n\u0103 la eradicarea complet\u0103 a corup\u0163iei galopante ar putea sili balaurul cleptocra\u0163iei rom\u00e2ne\u015fti s\u0103-\u015fi \u00eenghit\u0103 coada \u015fi s\u0103 moar\u0103 dracului otr\u0103vit.<\/span><\/p>\n","protected":false},"excerpt":{"rendered":"<p>\u00cencep cu \u201cbagatele\u201d. La Aeroportul International de la Cluj, dup\u0103 ce te-ai dezbr\u0103cat p\u00e2n\u0103 la c\u0103ma\u015f\u0103, \u0163i-ai scos centura \u015fi \u0163i-ai golit buzunarele, mai trebuie adesea s\u0103 te \u015fi descal\u0163i. \u00cen acest caz, umbli cu picioarele goale prin mizeria de &hellip; <a href=\"https:\/\/paulmelian.de\/blog\/?p=129\">Continu\u0103 s\u0103 cite\u0219ti <span class=\"meta-nav\">&rarr;<\/span><\/a><\/p>\n","protected":false},"author":1,"featured_media":0,"comment_status":"open","ping_status":"open","sticky":false,"template":"","format":"standard","meta":{"ngg_post_thumbnail":0,"jetpack_post_was_ever_published":false,"_jetpack_newsletter_access":"","_jetpack_dont_email_post_to_subs":false,"_jetpack_newsletter_tier_id":0,"_jetpack_memberships_contains_paywalled_content":false,"_jetpack_memberships_contains_paid_content":false,"footnotes":"","jetpack_publicize_message":"","jetpack_publicize_feature_enabled":true,"jetpack_social_post_already_shared":false,"jetpack_social_options":{"image_generator_settings":{"template":"highway","default_image_id":0,"font":"","enabled":false},"version":2}},"categories":[8,14,17,19],"tags":[],"class_list":["post-129","post","type-post","status-publish","format-standard","hentry","category-general","category-oameni","category-politica","category-romania-in-lume"],"jetpack_publicize_connections":[],"jetpack_featured_media_url":"","jetpack_sharing_enabled":true,"jetpack_shortlink":"https:\/\/wp.me\/p9mZDH-25","jetpack_likes_enabled":true,"jetpack-related-posts":[{"id":231,"url":"https:\/\/paulmelian.de\/blog\/?p=231","url_meta":{"origin":129,"position":0},"title":"Drag\u0103 Bunicu\u0163o!","author":"Mihai","date":"22 septembrie 2014","format":false,"excerpt":"Redau aici integral comentariul scris de Octavian Alexandru Berceanu pe siteul timesnewroman. (Aflu ulterior c\u0103 acest text a ap\u0103rut \u015fi pe platforma vice.) Mi-am permis doar s\u0103-i pun diacritice, sper c\u0103 autorul nu are nimic \u00eempotriv\u0103. Drag\u0103 Bunicu\u0163o, \u00ee\u0163i mul\u0163umesc c\u0103 mi-ai oferit ocazia s\u0103 fiu martor la dec\u0103derea unui\u2026","rel":"","context":"\u00cen \u201eGeneral\u201d","block_context":{"text":"General","link":"https:\/\/paulmelian.de\/blog\/?cat=8"},"img":{"alt_text":"","src":"","width":0,"height":0},"classes":[]},{"id":101,"url":"https:\/\/paulmelian.de\/blog\/?p=101","url_meta":{"origin":129,"position":1},"title":"Dumnezeu\u2019 \u015fi cenepeu\u2019","author":"Mihai","date":"24 februarie 2012","format":false,"excerpt":"Pies\u0103 de panaram\u0103 \u00een multe acte \u015fi 8 scene. Personajele (\u00een ordinea apari\u0163iei) FUNC\u0162IONARA: de la o filial\u0103 mai m\u0103rgina\u015f\u0103 a unei b\u0103nci MIHAI: adic\u0103 eu VERA: so\u0163ia lui Mihai, nem\u0163oaic\u0103 veritabil\u0103 TRIO APA: trei func\u0163ionare de la Regia Apelor, care vorbesc \u00een cor POLI\u0162ISTUL: de la Poli\u0163ia Rutier\u0103 COMPATRIOTUL\u2026","rel":"","context":"\u00cen \u201eGeneral\u201d","block_context":{"text":"General","link":"https:\/\/paulmelian.de\/blog\/?cat=8"},"img":{"alt_text":"","src":"","width":0,"height":0},"classes":[]},{"id":82,"url":"https:\/\/paulmelian.de\/blog\/?p=82","url_meta":{"origin":129,"position":2},"title":"Rom\u00e2nul \u015fi dragostea pentru animale: jaloane istorice (2)","author":"Mihai","date":"6 februarie 2012","format":false,"excerpt":"\u00cencerc s\u0103 las sarcasmul de-o parte, dar nu promit nimic. \u00cen Rom\u00e2nia interbelic\u0103, la baza societ\u0103\u0163ii se aflau doar dou\u0103 clase sociale bine consolidate: \u0163\u0103r\u0103nimea \u015fi intelectualitatea. Guvernul \u201ecomunist\u201d, ajuns la putere din gra\u0163ia sovietic\u0103, nu putea, bine\u00een\u0163eles, s\u0103 le tolereze: ap\u0103r\u00e2ndu-\u015fi dreptul la existen\u0163\u0103, ele deveneau \u201ereac\u0163ionare\u201d \u015fi trebuiau\u2026","rel":"","context":"\u00cen \u201eGeneral\u201d","block_context":{"text":"General","link":"https:\/\/paulmelian.de\/blog\/?cat=8"},"img":{"alt_text":"","src":"","width":0,"height":0},"classes":[]},{"id":4724,"url":"https:\/\/paulmelian.de\/blog\/?p=4724","url_meta":{"origin":129,"position":3},"title":"Precizare necesar\u0103","author":"Mihai","date":"20 mai 2020","format":false,"excerpt":"Pentru un popor care mai crede \u00eenc\u0103 faptul c\u0103 liliecii sunt \u015foareci care au m\u00e2ncat nafur\u0103, aceast\u0103 clarificare a fost un lucru foarte important: Termoscanarea e f\u0103cut\u0103 de la distan\u021b\u0103 printr-un scaner care \u00ee\u021bi vede temperatura, nu scrie numele t\u0103u, nu-\u021bi ia datele, nu-\u021bi ia CNP-ul de pe frunte. Nici\u2026","rel":"","context":"\u00cen \u201eGeneral\u201d","block_context":{"text":"General","link":"https:\/\/paulmelian.de\/blog\/?cat=8"},"img":{"alt_text":"","src":"","width":0,"height":0},"classes":[]},{"id":87,"url":"https:\/\/paulmelian.de\/blog\/?p=87","url_meta":{"origin":129,"position":4},"title":"Retardel se retrage? Tardiv!","author":"Mihai","date":"13 februarie 2012","format":false,"excerpt":"Dac\u0103 se \u00eent\u00e2mpl\u0103 cumva s\u0103 nu \u015fti\u0163i cine e \u201eRetardel\u201d, face\u0163i o c\u0103utare prin Google cu acest cuv\u00e2nt cheie. Alege\u0163i-l din rezultatele c\u0103ut\u0103rii pe primul bloger, care afirm\u0103 despre o alt\u0103 persoan\u0103 c\u0103 acesta ar fi un \u201eretardel\u201d . Cine spune, \u0103la e! A\u0163i g\u0103sit? Aha ! \u015ei ce arat\u0103\u2026","rel":"","context":"\u00cen \u201eGeneral\u201d","block_context":{"text":"General","link":"https:\/\/paulmelian.de\/blog\/?cat=8"},"img":{"alt_text":"","src":"","width":0,"height":0},"classes":[]},{"id":1389,"url":"https:\/\/paulmelian.de\/blog\/?p=1389","url_meta":{"origin":129,"position":5},"title":"Perit-au mili\u0163ienii?","author":"Mihai","date":"11 ianuarie 2016","format":false,"excerpt":"Un nu hot\u0103r\u00e2t. P\u0103str\u00e2ndu-le o amintire pioas\u0103 \u00eenc\u0103 din tinere\u0163e, \u00eemi este u\u015for s\u0103-i recunosc: sunt peste tot, s-au reciclat, s-au aranjat, unii chiar au \u00eentinerit... Pe cei mai simpli dintre ei (fo\u015fti serjen\u0163i sau plotoneri) \u00eei reg\u0103se\u015fti \u00een ghereta portarului la tot felul de institu\u0163ii. Te las\u0103 s\u0103 intri\u2026","rel":"","context":"\u00cen \u201eGeneral\u201d","block_context":{"text":"General","link":"https:\/\/paulmelian.de\/blog\/?cat=8"},"img":{"alt_text":"","src":"","width":0,"height":0},"classes":[]}],"post_mailing_queue_ids":[],"_links":{"self":[{"href":"https:\/\/paulmelian.de\/blog\/index.php?rest_route=\/wp\/v2\/posts\/129","targetHints":{"allow":["GET"]}}],"collection":[{"href":"https:\/\/paulmelian.de\/blog\/index.php?rest_route=\/wp\/v2\/posts"}],"about":[{"href":"https:\/\/paulmelian.de\/blog\/index.php?rest_route=\/wp\/v2\/types\/post"}],"author":[{"embeddable":true,"href":"https:\/\/paulmelian.de\/blog\/index.php?rest_route=\/wp\/v2\/users\/1"}],"replies":[{"embeddable":true,"href":"https:\/\/paulmelian.de\/blog\/index.php?rest_route=%2Fwp%2Fv2%2Fcomments&post=129"}],"version-history":[{"count":1,"href":"https:\/\/paulmelian.de\/blog\/index.php?rest_route=\/wp\/v2\/posts\/129\/revisions"}],"predecessor-version":[{"id":676,"href":"https:\/\/paulmelian.de\/blog\/index.php?rest_route=\/wp\/v2\/posts\/129\/revisions\/676"}],"wp:attachment":[{"href":"https:\/\/paulmelian.de\/blog\/index.php?rest_route=%2Fwp%2Fv2%2Fmedia&parent=129"}],"wp:term":[{"taxonomy":"category","embeddable":true,"href":"https:\/\/paulmelian.de\/blog\/index.php?rest_route=%2Fwp%2Fv2%2Fcategories&post=129"},{"taxonomy":"post_tag","embeddable":true,"href":"https:\/\/paulmelian.de\/blog\/index.php?rest_route=%2Fwp%2Fv2%2Ftags&post=129"}],"curies":[{"name":"wp","href":"https:\/\/api.w.org\/{rel}","templated":true}]}}