{"id":130,"date":"2013-03-03T21:59:28","date_gmt":"2013-03-03T19:59:28","guid":{"rendered":"http:\/\/paulmelian.de\/blog\/?p=130"},"modified":"2013-03-03T21:59:28","modified_gmt":"2013-03-03T19:59:28","slug":"din-nou-despre-schengen","status":"publish","type":"post","link":"https:\/\/paulmelian.de\/blog\/?p=130","title":{"rendered":"Din nou despre Schengen"},"content":{"rendered":"<p>Spuneam mai d\u0103un\u0103zi c\u0103 Rom\u00e2nia ar merita \u00eentr-adev\u0103r o lec\u0163ie de la UE, dar nu consideram refuzul admiterii noastre \u00een spa\u0163iul Schengen ca fiind o m\u0103sur\u0103 eficace.<\/p>\n<p>Iat\u0103 \u00eens\u0103, c\u0103 din p\u0103cate tocmai acest lucru se va \u00eent\u00e2mpla.<\/p>\n<p>Germania \u00ee\u015fi anun\u0163\u0103, printr-o <a href=\"http:\/\/www.tagesschau.de\/ausland\/schengen170.html\">luare de pozi\u0163ie<\/a> a Ministrului de Interne Hans-Peter Friedrich (CSU), inten\u0163ia ferm\u0103 de a recurge la veto, \u00een cazul \u00een care chestiunea ader\u0103rii Bulagariei \u015fi Rom\u00e2niei va fi pus\u0103 \u00een discu\u0163ie \u00een \u00eent\u00e2lnirea din joia viitoare. Cu alte cuvinte: &#8222;Nici nu are rost s\u0103 \u00eencerca\u0163i, copii, c\u0103 nu ave\u0163i nici o \u015fans\u0103!&#8221; (Vestita sensibilitate teutonic\u0103 \u00ee\u015fi spune din nou cuv\u00e2ntul.)<!--more--><\/p>\n<p>Fapt regretabil, dar nu chiar surprinz\u0103tor. Pe l\u00e2ng\u0103 cunoscuta pozi\u0163ie ultraconservatoare a partidului CSU, s\u0103 nu uit\u0103m nici de alegerile parlamentare din acest an din Germania, a c\u0103ror campanie electoral\u0103 a \u015fi \u00eenceput deja. Germanii au \u015fi ei populi\u015ftii lor, dar c\u00e2nd \u00eei compar cu ai no\u015ftri, m\u0103 cam apuc\u0103 pl\u00e2nsul.<\/p>\n<p>Se pare c\u0103 p\u00e2rghia cea mai eficient\u0103 \u00een efortul de a pune la punct hoarda de aliena\u0163i care ne guverneaz\u0103, blocarea fondurilor europene, va fi folosit\u0103 doar \u00een cazuri \u015fi mai grave. Nici nu vreau s\u0103 m\u0103 g\u00e2ndesc la ceea ce \u00eenseamn\u0103 asta: cazuri \u015fi mai grave&#8230;<\/p>\n","protected":false},"excerpt":{"rendered":"<p>Spuneam mai d\u0103un\u0103zi c\u0103 Rom\u00e2nia ar merita \u00eentr-adev\u0103r o lec\u0163ie de la UE, dar nu consideram refuzul admiterii noastre \u00een spa\u0163iul Schengen ca fiind o m\u0103sur\u0103 eficace. Iat\u0103 \u00eens\u0103, c\u0103 din p\u0103cate tocmai acest lucru se va \u00eent\u00e2mpla. Germania \u00ee\u015fi &hellip; <a href=\"https:\/\/paulmelian.de\/blog\/?p=130\">Continu\u0103 s\u0103 cite\u0219ti <span class=\"meta-nav\">&rarr;<\/span><\/a><\/p>\n","protected":false},"author":1,"featured_media":0,"comment_status":"open","ping_status":"open","sticky":false,"template":"","format":"standard","meta":{"ngg_post_thumbnail":0,"jetpack_post_was_ever_published":false,"_jetpack_newsletter_access":"","_jetpack_dont_email_post_to_subs":false,"_jetpack_newsletter_tier_id":0,"_jetpack_memberships_contains_paywalled_content":false,"_jetpack_memberships_contains_paid_content":false,"footnotes":"","jetpack_publicize_message":"","jetpack_publicize_feature_enabled":true,"jetpack_social_post_already_shared":false,"jetpack_social_options":{"image_generator_settings":{"template":"highway","default_image_id":0,"font":"","enabled":false},"version":2}},"categories":[8,17,19],"tags":[],"class_list":["post-130","post","type-post","status-publish","format-standard","hentry","category-general","category-politica","category-romania-in-lume"],"jetpack_publicize_connections":[],"jetpack_featured_media_url":"","jetpack_sharing_enabled":true,"jetpack_shortlink":"https:\/\/wp.me\/p9mZDH-26","jetpack_likes_enabled":true,"jetpack-related-posts":[{"id":252,"url":"https:\/\/paulmelian.de\/blog\/?p=252","url_meta":{"origin":130,"position":0},"title":"Civism \u015fi politic\u0103","author":"Mihai","date":"15 noiembrie 2014","format":false,"excerpt":"Sub acest titlu, echipa de voluntari care creeaz\u0103 DEX Online public\u0103 un text care ne arat\u0103 de ce se implic\u0103 \u00een procesul de formare a opiniei politice din Rom\u00e2nia. Recomand lectura acestui articol, care, dup\u0103 p\u0103rerea mea, nu necesit\u0103 comentarii. \u00cen campania electoral\u0103 actual\u0103, aceela\u015fi colectiv recomand\u0103 cititorilor s\u0103i s\u0103-l\u2026","rel":"","context":"\u00cen \u201eDeutsche Erinnerungen \/ Amintiri din Germania\u201d","block_context":{"text":"Deutsche Erinnerungen \/ Amintiri din Germania","link":"https:\/\/paulmelian.de\/blog\/?cat=2"},"img":{"alt_text":"","src":"","width":0,"height":0},"classes":[]},{"id":2732,"url":"https:\/\/paulmelian.de\/blog\/?p=2732","url_meta":{"origin":130,"position":1},"title":"Prognoz\u0103","author":"Mihai","date":"20 februarie 2018","format":false,"excerpt":"\u00cen Germania, una dintre politicienele de \u00eencredere ale Angelei Merkel, \u015fi anume Annegret Kramp-Karrenbauer, a fost numit\u0103 recent secretar general al CDU. Aceast\u0103 pozi\u0163ie este, de obicei, trambulina pentru a ob\u0163ine postul de Cancelar Federal al Germaniei. Eu cred, totu\u015fi, c\u0103 de data aceasta va fi altfel: s\u0103rmana Annegret nu\u2026","rel":"","context":"\u00cen \u201eDeutsche Erinnerungen \/ Amintiri din Germania\u201d","block_context":{"text":"Deutsche Erinnerungen \/ Amintiri din Germania","link":"https:\/\/paulmelian.de\/blog\/?cat=2"},"img":{"alt_text":"","src":"https:\/\/i0.wp.com\/paulmelian.de\/blog\/wp-content\/uploads\/2018\/02\/teflonmerkel-1.jpg?resize=350%2C200","width":350,"height":200},"classes":[]},{"id":1525,"url":"https:\/\/paulmelian.de\/blog\/?p=1525","url_meta":{"origin":130,"position":2},"title":"&#8222;Solidaritate flexibil\u0103&#8221;","author":"Mihai","date":"16 septembrie 2016","format":false,"excerpt":"La reuniunea UE la \u00eenalt nivel de la Bratislava, a\u015fa zisele \"state de la Vi\u015fegrad\" anun\u0163\u0103 c\u0103 refuz\u0103 cotele obligatorii de refugia\u0163i pe care vrea s\u0103 le impun\u0103 UE. (Rom\u00e2nia, frustrat\u0103 c\u0103 nu particip\u0103 \u015fi ea la acest club select, nu spune deocamdat\u0103 nimic, dar, de asta sunt sigur, se\u2026","rel":"","context":"\u00cen \u201eDeutsche Erinnerungen \/ Amintiri din Germania\u201d","block_context":{"text":"Deutsche Erinnerungen \/ Amintiri din Germania","link":"https:\/\/paulmelian.de\/blog\/?cat=2"},"img":{"alt_text":"","src":"","width":0,"height":0},"classes":[]},{"id":129,"url":"https:\/\/paulmelian.de\/blog\/?p=129","url_meta":{"origin":130,"position":3},"title":"Cum ne facem \u0163ara de r\u00e2sFifty ways to live Yourope","author":"Mihai","date":"2 martie 2013","format":false,"excerpt":"\u00cencep cu \u201cbagatele\u201d. La Aeroportul International de la Cluj, dup\u0103 ce te-ai dezbr\u0103cat p\u00e2n\u0103 la c\u0103ma\u015f\u0103, \u0163i-ai scos centura \u015fi \u0163i-ai golit buzunarele, mai trebuie adesea s\u0103 te \u015fi descal\u0163i. \u00cen acest caz, umbli cu picioarele goale prin mizeria de pe jos, deoarece automatul care debiteaz\u0103 boto\u015feii de plastic \u00ee\u0163i\u2026","rel":"","context":"\u00cen \u201eGeneral\u201d","block_context":{"text":"General","link":"https:\/\/paulmelian.de\/blog\/?cat=8"},"img":{"alt_text":"","src":"","width":0,"height":0},"classes":[]},{"id":143,"url":"https:\/\/paulmelian.de\/blog\/?p=143","url_meta":{"origin":130,"position":4},"title":"O pic\u0103tur\u0103 de ap\u0103 \u00een ocean","author":"Mihai","date":"24 septembrie 2013","format":false,"excerpt":"Redau aici un comentariu pe care l-am f\u0103cut aici. Stimate d-le Ciucu, S\u0103-mi clarific de la \u00eenceput pozi\u0163ia: nici eu nu cred c\u0103 vom putea rezolva problema maidanezilor f\u0103r\u0103 eutanasiere, cel pu\u0163in \u00eem anumite localit\u0103\u0163i din Rom\u00e2nia. Dar eutanasierea, luat\u0103 singur\u0103, nu este suficient\u0103, la fel cum nici sterilizarea nu\u2026","rel":"","context":"\u00cen \u201eGeneral\u201d","block_context":{"text":"General","link":"https:\/\/paulmelian.de\/blog\/?cat=8"},"img":{"alt_text":"","src":"","width":0,"height":0},"classes":[]},{"id":115,"url":"https:\/\/paulmelian.de\/blog\/?p=115","url_meta":{"origin":130,"position":5},"title":"Frunz\u0103 Verde Maz\u0103re","author":"Mihai","date":"30 mai 2012","format":false,"excerpt":"Ieri dup\u0103 mas\u0103, lini\u015ftea satului s-a dus pe apa s\u00e2mbetii. T\u0103r\u0103boiul, care se apropia treptat, a \u00eenceput cu muzic\u0103 popular\u0103 (d-aia a la C\u00e2ntarea Rom\u00e2niei), urmat\u0103 de ni\u015fte strig\u0103turi pe care la \u00eenceput nu le puteam \u00een\u0163elege. C\u00e2inii no\u015ftri, bucuro\u015fi de orice noutate, \u015fi-au adunat ciolanele care de pe unde,\u2026","rel":"","context":"\u00cen \u201eGeneral\u201d","block_context":{"text":"General","link":"https:\/\/paulmelian.de\/blog\/?cat=8"},"img":{"alt_text":"","src":"","width":0,"height":0},"classes":[]}],"post_mailing_queue_ids":[],"_links":{"self":[{"href":"https:\/\/paulmelian.de\/blog\/index.php?rest_route=\/wp\/v2\/posts\/130","targetHints":{"allow":["GET"]}}],"collection":[{"href":"https:\/\/paulmelian.de\/blog\/index.php?rest_route=\/wp\/v2\/posts"}],"about":[{"href":"https:\/\/paulmelian.de\/blog\/index.php?rest_route=\/wp\/v2\/types\/post"}],"author":[{"embeddable":true,"href":"https:\/\/paulmelian.de\/blog\/index.php?rest_route=\/wp\/v2\/users\/1"}],"replies":[{"embeddable":true,"href":"https:\/\/paulmelian.de\/blog\/index.php?rest_route=%2Fwp%2Fv2%2Fcomments&post=130"}],"version-history":[{"count":0,"href":"https:\/\/paulmelian.de\/blog\/index.php?rest_route=\/wp\/v2\/posts\/130\/revisions"}],"wp:attachment":[{"href":"https:\/\/paulmelian.de\/blog\/index.php?rest_route=%2Fwp%2Fv2%2Fmedia&parent=130"}],"wp:term":[{"taxonomy":"category","embeddable":true,"href":"https:\/\/paulmelian.de\/blog\/index.php?rest_route=%2Fwp%2Fv2%2Fcategories&post=130"},{"taxonomy":"post_tag","embeddable":true,"href":"https:\/\/paulmelian.de\/blog\/index.php?rest_route=%2Fwp%2Fv2%2Ftags&post=130"}],"curies":[{"name":"wp","href":"https:\/\/api.w.org\/{rel}","templated":true}]}}