{"id":131,"date":"2013-03-06T10:54:26","date_gmt":"2013-03-06T08:54:26","guid":{"rendered":"http:\/\/paulmelian.de\/blog\/?p=131"},"modified":"2013-03-06T10:54:26","modified_gmt":"2013-03-06T08:54:26","slug":"catanescu","status":"publish","type":"post","link":"https:\/\/paulmelian.de\/blog\/?p=131","title":{"rendered":"Ca\u0163anescu"},"content":{"rendered":"<p>\u00cen frunte cu maestrul Dinescu, Ca\u0163avencii demonstreaz\u0103 c\u0103 oricine \u00ee\u015fi poate asuma riscul de a se  solidariza cu cei puternici.<\/p>\n<p>Am comentat <a href=\"http:\/\/www.catavencii.ro\/Cozonac-cu-stafide-si-rahati_0_7418.html\">ultimul articol<\/a> comis de fostul dizident pe facebook. Deoarece dou\u0103 comentarii critice (un pic nepoliticoase, dar nu mai jignitoare dec\u00e2t articolul \u00een sine) ale lui <a href=\"http:\/\/www.facebook.com\/tudose.bogdan\">Bogdan Tudose<\/a>, care \u00eei atesta d-lui Dinescu pe ocolite nevoia unui psihiatru, au fost \u015fterse, redau comentariul meu \u015fi aici. C\u0103 nu se \u015ftie niciodat\u0103&#8230;<\/p>\n<blockquote><p><small>M\u0103 tot \u00eentreb cum se pot explica astfel de absurdit\u0103\u0163i.<br \/>\nRa\u0163ional,  \u00een nici un caz. Trebuie s\u0103 fii orb, ca s\u0103 te legi \u00een ziua de azi, c\u00e2nd  banditismul politic incredibil al USL b\u00e2ntuie \u00een Rom\u00e2nia, de un  Pre\u015fedinte care, cu toate sl\u0103biciunile sale de necontestat, a \u00eencercat  s\u0103 combat\u0103 tocmai acest banditism. Ba s\u0103-l mai \u015fi \u00eenvinuie\u015fti, c\u0103 l-ar  fi favorizat el \u00eensu\u015fi. Criminalizarea victimei este un procedeu de  dezinformare \u015fi oprimare de tip securist. Cum poate un om cu mintea  \u00eentreag\u0103, fost dizident anticomunist, s\u0103 se mai lase prostit de a\u015fa  ceva?<br \/>\nDup\u0103 mine, singura explica\u0163ie este ura, o ur\u0103 monstruoas\u0103, aproape(?) patologic\u0103, du\u015fmanul adev\u0103rului \u015fi al crea\u0163iei.<\/small><\/p><\/blockquote>\n","protected":false},"excerpt":{"rendered":"<p>\u00cen frunte cu maestrul Dinescu, Ca\u0163avencii demonstreaz\u0103 c\u0103 oricine \u00ee\u015fi poate asuma riscul de a se solidariza cu cei puternici. Am comentat ultimul articol comis de fostul dizident pe facebook. Deoarece dou\u0103 comentarii critice (un pic nepoliticoase, dar nu mai &hellip; <a href=\"https:\/\/paulmelian.de\/blog\/?p=131\">Continu\u0103 s\u0103 cite\u0219ti <span class=\"meta-nav\">&rarr;<\/span><\/a><\/p>\n","protected":false},"author":1,"featured_media":0,"comment_status":"open","ping_status":"open","sticky":false,"template":"","format":"standard","meta":{"ngg_post_thumbnail":0,"jetpack_post_was_ever_published":false,"_jetpack_newsletter_access":"","_jetpack_dont_email_post_to_subs":false,"_jetpack_newsletter_tier_id":0,"_jetpack_memberships_contains_paywalled_content":false,"_jetpack_memberships_contains_paid_content":false,"footnotes":"","jetpack_publicize_message":"","jetpack_publicize_feature_enabled":true,"jetpack_social_post_already_shared":false,"jetpack_social_options":{"image_generator_settings":{"template":"highway","default_image_id":0,"font":"","enabled":false},"version":2}},"categories":[8,14,12,17,19],"tags":[],"class_list":["post-131","post","type-post","status-publish","format-standard","hentry","category-general","category-oameni","category-minormitati","category-politica","category-romania-in-lume"],"jetpack_publicize_connections":[],"jetpack_featured_media_url":"","jetpack_sharing_enabled":true,"jetpack_shortlink":"https:\/\/wp.me\/p9mZDH-27","jetpack_likes_enabled":true,"jetpack-related-posts":[{"id":182,"url":"https:\/\/paulmelian.de\/blog\/?p=182","url_meta":{"origin":131,"position":0},"title":"Adio, Ca\u0163avencilor. Sunte\u0163i pe lista mea neagr\u0103.","author":"Mihai","date":"23 ianuarie 2014","format":false,"excerpt":"Autor: Mihai De fiecare dat\u0103 c\u00e2nd apare c\u00e2te un caz mai r\u0103sun\u0103tor de dare \u015fi luare de \u015fpag\u0103, plebea \u00eencepe s\u0103 urle. De mass media nici nu mai vorbesc. Unii url\u0103 de indignare, dup\u0103 tipicul: \u201eUnde-am ajuns, dac\u0103 p\u00e2n\u0103 \u015fi \u0103\u015ftia au \u00eenceput s\u0103 ia \u015fpag\u0103!\u201c, \u00een timp ce ceilal\u0163i\u2026","rel":"","context":"\u00cen \u201eGeneral\u201d","block_context":{"text":"General","link":"https:\/\/paulmelian.de\/blog\/?cat=8"},"img":{"alt_text":"","src":"","width":0,"height":0},"classes":[]},{"id":127,"url":"https:\/\/paulmelian.de\/blog\/?p=127","url_meta":{"origin":131,"position":1},"title":"Anti (Spumante)","author":"Mihai","date":"1 martie 2013","format":false,"excerpt":"Maistre, f\u0103-\u021bi poman\u0103! Duhurile tale, Doamne,-\u0219i fac de cap Le-am chemat, \u0219i-acuma Nu mai pot s\u0103 scap! (J.W. von Goethe, Ucenicul Vr\u0103jitor) Maestrul Dinescu \u00eel mai sl\u0103be\u015fte pe B\u0103sescu \u015fi se leag\u0103 mai nou \u015fi de liberali. Achizi\u021bionarea neam\u021bului monosilabic de c\u0103tre liberali echivaleaz\u0103 cu lovitura pe care ar da-o\u2026","rel":"","context":"\u00cen \u201eGeneral\u201d","block_context":{"text":"General","link":"https:\/\/paulmelian.de\/blog\/?cat=8"},"img":{"alt_text":"","src":"","width":0,"height":0},"classes":[]},{"id":661,"url":"https:\/\/paulmelian.de\/blog\/?p=661","url_meta":{"origin":131,"position":2},"title":"Guzganian salvat","author":"Mihai","date":"13 februarie 2015","format":false,"excerpt":"A\u015fa dup\u0103 cum era de a\u015fteptat, senatul a votat \u00eempotriva ridic\u0103rii imunit\u0103\u0163ii lui Varujan Vosganian. Adic\u0103, dup\u0103 opinia acestui \u00eenalt for de borfa\u015fi, n-ar exista nici un fel de fapte noi la dosar, iar cele cunoscute ar fi mizilicuri. Cum ar fi de exemplu interven\u0163ia d-lui Vosganian pe l\u00e2ng\u0103 Guvernul\u2026","rel":"","context":"\u00cen \u201eGeneral\u201d","block_context":{"text":"General","link":"https:\/\/paulmelian.de\/blog\/?cat=8"},"img":{"alt_text":"","src":"","width":0,"height":0},"classes":[]},{"id":252,"url":"https:\/\/paulmelian.de\/blog\/?p=252","url_meta":{"origin":131,"position":3},"title":"Civism \u015fi politic\u0103","author":"Mihai","date":"15 noiembrie 2014","format":false,"excerpt":"Sub acest titlu, echipa de voluntari care creeaz\u0103 DEX Online public\u0103 un text care ne arat\u0103 de ce se implic\u0103 \u00een procesul de formare a opiniei politice din Rom\u00e2nia. Recomand lectura acestui articol, care, dup\u0103 p\u0103rerea mea, nu necesit\u0103 comentarii. \u00cen campania electoral\u0103 actual\u0103, aceela\u015fi colectiv recomand\u0103 cititorilor s\u0103i s\u0103-l\u2026","rel":"","context":"\u00cen \u201eDeutsche Erinnerungen \/ Amintiri din Germania\u201d","block_context":{"text":"Deutsche Erinnerungen \/ Amintiri din Germania","link":"https:\/\/paulmelian.de\/blog\/?cat=2"},"img":{"alt_text":"","src":"","width":0,"height":0},"classes":[]},{"id":4466,"url":"https:\/\/paulmelian.de\/blog\/?p=4466","url_meta":{"origin":131,"position":4},"title":"Penibilit\u0103\u0163i","author":"Mihai","date":"29 martie 2020","format":false,"excerpt":"Chestia cu suportul pentru dou\u0103 steaguri, fixat pe fa\u0163ada fiec\u0103rei case, a ap\u0103rut \u00eenc\u0103 pe vremea lui Stalin, c\u00e2nd \u201epavoazarea\u201d caselor era, sub amenin\u0163area unor pedepse draconice, obligatorie. Pe vremea aceea erau impuse drapelele sovietic \u015fi rom\u00e2nesc. \u00cemi amintesc din acele timpuri cum noi, mama, tata, sor\u0103-mea \u015fi cu mine\u2026","rel":"","context":"\u00cen \u201eGeneral\u201d","block_context":{"text":"General","link":"https:\/\/paulmelian.de\/blog\/?cat=8"},"img":{"alt_text":"","src":"https:\/\/i0.wp.com\/paulmelian.de\/blog\/wp-content\/uploads\/2020\/03\/Suport-steaguri-150x150.jpg?resize=350%2C200","width":350,"height":200},"classes":[]},{"id":1085,"url":"https:\/\/paulmelian.de\/blog\/?p=1085","url_meta":{"origin":131,"position":5},"title":"False premize","author":"Mihai","date":"21 iulie 2015","format":false,"excerpt":"Platforma \"Rom\u00e2nia curat\u0103\", care se adreseaz\u0103 cititorului cu amenin\u0163area \"Cu ochii pe voi\" \u015fi ilustreaz\u0103, \u00een mod deosebit de spiritual, cum ar trebui s\u0103 arate evolu\u0163ia locuitorilor \u0162\u0103rii (adic\u0103 de la pu\u015fc\u0103ria\u015fi la papi\u0163oi, vezi grafica de mai jos), public\u0103 o nou\u0103 dovad\u0103 a \u00een\u0163elepciunii cov\u00e2r\u015fitoare a d-nei Alina Mungiu-Pippidi.\u2026","rel":"","context":"\u00cen \u201eGeneral\u201d","block_context":{"text":"General","link":"https:\/\/paulmelian.de\/blog\/?cat=8"},"img":{"alt_text":"romaniacurata","src":"https:\/\/i0.wp.com\/paulmelian.de\/blog\/wp-content\/uploads\/2015\/07\/romaniacurata1-300x106.jpg?resize=350%2C200","width":350,"height":200},"classes":[]}],"post_mailing_queue_ids":[],"_links":{"self":[{"href":"https:\/\/paulmelian.de\/blog\/index.php?rest_route=\/wp\/v2\/posts\/131","targetHints":{"allow":["GET"]}}],"collection":[{"href":"https:\/\/paulmelian.de\/blog\/index.php?rest_route=\/wp\/v2\/posts"}],"about":[{"href":"https:\/\/paulmelian.de\/blog\/index.php?rest_route=\/wp\/v2\/types\/post"}],"author":[{"embeddable":true,"href":"https:\/\/paulmelian.de\/blog\/index.php?rest_route=\/wp\/v2\/users\/1"}],"replies":[{"embeddable":true,"href":"https:\/\/paulmelian.de\/blog\/index.php?rest_route=%2Fwp%2Fv2%2Fcomments&post=131"}],"version-history":[{"count":0,"href":"https:\/\/paulmelian.de\/blog\/index.php?rest_route=\/wp\/v2\/posts\/131\/revisions"}],"wp:attachment":[{"href":"https:\/\/paulmelian.de\/blog\/index.php?rest_route=%2Fwp%2Fv2%2Fmedia&parent=131"}],"wp:term":[{"taxonomy":"category","embeddable":true,"href":"https:\/\/paulmelian.de\/blog\/index.php?rest_route=%2Fwp%2Fv2%2Fcategories&post=131"},{"taxonomy":"post_tag","embeddable":true,"href":"https:\/\/paulmelian.de\/blog\/index.php?rest_route=%2Fwp%2Fv2%2Ftags&post=131"}],"curies":[{"name":"wp","href":"https:\/\/api.w.org\/{rel}","templated":true}]}}