{"id":1431,"date":"2016-02-17T19:30:41","date_gmt":"2016-02-17T17:30:41","guid":{"rendered":"http:\/\/paulmelian.de\/blog\/?p=1431"},"modified":"2016-02-18T15:21:18","modified_gmt":"2016-02-18T13:21:18","slug":"mit-verlaub-herr-prasident-sie-sind-ein-hornochse","status":"publish","type":"post","link":"https:\/\/paulmelian.de\/blog\/?p=1431","title":{"rendered":"Mit Verlaub, Herr Pr\u00e4sident, Sie sind ein Hornochse*."},"content":{"rendered":"<p>Ne-am bucurat \u00een toamna trecut\u0103 c\u00e2nt Iohannis a c\u00e2\u015ftigat \u00een fa\u0163a lui Ponta.<br \/>\nIar eu mi-am zis: &#8222;Dec\u00e2t un neam prost, mai bine un neam\u0163 prost&#8221;. Dac\u0103 a\u015f fi realizat halul de prostie despre care este vorba, poate m\u0103 mai g\u00e2ndeam un pic&#8230;<br \/>\nIat\u0103 c\u0103 Iohannis vede <a href=\"http:\/\/stiri.tvr.ro\/iohannis-despre-cazul-antenelor-abordarea-heirupista-a-anaf-cel-putin-nepotrivita-daca-nu-discutabila_70907.html\">acum<\/a>, prin aplicarea legii, &#8222;libertatea de exprimare&#8221; \u00een pericol:<\/p>\n<blockquote><p><small>Eu cred c\u0103 a\u0163i ajuns \u00eentr-o situa\u0163ie nepl\u0103cut\u0103 \u015fi inutil\u0103. \u00cen primul r\u00e2nd, cred c\u0103 libertatea de exprimare \u00een media nu poate fi suprimat\u0103 pentru banale motive administrative. \u00cen al doilea r\u00e2nd, aceast\u0103 abordare heirupist\u0103 a ANAF mi se pare cel pu\u0163in nepotrivit\u0103, dac\u0103 nu discutabil\u0103<\/small><\/p><\/blockquote>\n<p>Pentru ca lucrurile s\u0103 fie c\u00e2t se poate de clare, doresc s\u0103 mai fac cunoscut faptul c\u0103 \u00eemi retrag <a href=\"http:\/\/paulmelian.de\/blog\/?p=215\">oferta<\/a> de a-i dona lui Iohannis m\u0103tura &#8222;Schwarz-Rot-Gold&#8221;, pe care i-o promisesem pe vremuri. Pentru c\u0103, dup\u0103 cum v\u0103d, cur\u0103\u0163enie oricum nu face, ba chiar dimpotriv\u0103. \u00cei recomand pentru igiena bucal\u0103 o alt\u0103 unealt\u0103, de care are mare nevoie, extrem de eficient\u0103 \u00een \u00eendep\u0103rtarea rahatului:<br \/>\n<a href=\"https:\/\/i0.wp.com\/paulmelian.de\/blog\/wp-content\/uploads\/2016\/02\/WCB%C3%BCrste-1.jpg\" rel=\"attachment wp-att-1438\"><img data-recalc-dims=\"1\" loading=\"lazy\" decoding=\"async\" data-attachment-id=\"1438\" data-permalink=\"https:\/\/paulmelian.de\/blog\/?attachment_id=1438\" data-orig-file=\"https:\/\/i0.wp.com\/paulmelian.de\/blog\/wp-content\/uploads\/2016\/02\/WCB%C3%BCrste-1.jpg?fit=1631%2C1417&amp;ssl=1\" data-orig-size=\"1631,1417\" data-comments-opened=\"1\" data-image-meta=\"{&quot;aperture&quot;:&quot;0&quot;,&quot;credit&quot;:&quot;&quot;,&quot;camera&quot;:&quot;&quot;,&quot;caption&quot;:&quot;&quot;,&quot;created_timestamp&quot;:&quot;0&quot;,&quot;copyright&quot;:&quot;&quot;,&quot;focal_length&quot;:&quot;0&quot;,&quot;iso&quot;:&quot;0&quot;,&quot;shutter_speed&quot;:&quot;0&quot;,&quot;title&quot;:&quot;&quot;,&quot;orientation&quot;:&quot;0&quot;}\" data-image-title=\"WCB\u00fcrste\" data-image-description=\"\" data-image-caption=\"\" data-large-file=\"https:\/\/i0.wp.com\/paulmelian.de\/blog\/wp-content\/uploads\/2016\/02\/WCB%C3%BCrste-1.jpg?fit=640%2C556&amp;ssl=1\" src=\"https:\/\/i0.wp.com\/paulmelian.de\/blog\/wp-content\/uploads\/2016\/02\/WCB%C3%BCrste-1-150x150.jpg?resize=150%2C150\" alt=\"WCB\u00fcrste\" width=\"150\" height=\"150\" class=\"aligncenter size-thumbnail wp-image-1438\" srcset=\"https:\/\/i0.wp.com\/paulmelian.de\/blog\/wp-content\/uploads\/2016\/02\/WCB%C3%BCrste-1.jpg?resize=150%2C150&amp;ssl=1 150w, https:\/\/i0.wp.com\/paulmelian.de\/blog\/wp-content\/uploads\/2016\/02\/WCB%C3%BCrste-1.jpg?zoom=2&amp;resize=150%2C150&amp;ssl=1 300w, https:\/\/i0.wp.com\/paulmelian.de\/blog\/wp-content\/uploads\/2016\/02\/WCB%C3%BCrste-1.jpg?zoom=3&amp;resize=150%2C150&amp;ssl=1 450w\" sizes=\"auto, (max-width: 150px) 100vw, 150px\" \/><\/a><\/p>\n<p>* \u00cen traducere liber\u0103: &#8222;Dac\u0103-mi permite\u0163i, domnule Pre\u015fedinte, sunte\u0163i un bou&#8221;. Aceasta este o parafraz\u0103 la legendara interven\u0163ie a deputatului &#8222;Verzilor&#8221; din Parlamentul german, Joschka Fischer, adresat\u0103 vicepre\u015fedintelui Bundestag-ului, Richard St\u00fccklen: &#8222;Mit Verlaub, Herr Pr\u00e4sident, Sie sind ein Arschloch&#8221;.<\/p>\n","protected":false},"excerpt":{"rendered":"<p>Ne-am bucurat \u00een toamna trecut\u0103 c\u00e2nt Iohannis a c\u00e2\u015ftigat \u00een fa\u0163a lui Ponta. Iar eu mi-am zis: &#8222;Dec\u00e2t un neam prost, mai bine un neam\u0163 prost&#8221;. Dac\u0103 a\u015f fi realizat halul de prostie despre care este vorba, poate m\u0103 mai &hellip; <a href=\"https:\/\/paulmelian.de\/blog\/?p=1431\">Continu\u0103 s\u0103 cite\u0219ti <span class=\"meta-nav\">&rarr;<\/span><\/a><\/p>\n","protected":false},"author":1,"featured_media":0,"comment_status":"open","ping_status":"open","sticky":false,"template":"","format":"standard","meta":{"ngg_post_thumbnail":0,"jetpack_post_was_ever_published":false,"_jetpack_newsletter_access":"","_jetpack_dont_email_post_to_subs":false,"_jetpack_newsletter_tier_id":0,"_jetpack_memberships_contains_paywalled_content":false,"_jetpack_memberships_contains_paid_content":false,"footnotes":"","jetpack_publicize_message":"","jetpack_publicize_feature_enabled":true,"jetpack_social_post_already_shared":false,"jetpack_social_options":{"image_generator_settings":{"template":"highway","default_image_id":0,"font":"","enabled":false},"version":2}},"categories":[2,8,6,14,1,17,19],"tags":[],"class_list":["post-1431","post","type-post","status-publish","format-standard","hentry","category-amintiri-din-germania","category-general","category-borituri","category-oameni","category-fara-categorie","category-politica","category-romania-in-lume"],"jetpack_publicize_connections":[],"jetpack_featured_media_url":"","jetpack_sharing_enabled":true,"jetpack_shortlink":"https:\/\/wp.me\/p9mZDH-n5","jetpack_likes_enabled":true,"jetpack-related-posts":[{"id":5682,"url":"https:\/\/paulmelian.de\/blog\/?p=5682","url_meta":{"origin":1431,"position":0},"title":"P\u0103rere","author":"Mihai","date":"11 ianuarie 2021","format":false,"excerpt":"Dorind s\u0103 aflu cine se afl\u0103 \u00een spatele unui comentariu de pe facebook, ap\u0103rut sub numele de Radu Alexandru (nume care \u00eemi amintea vag de Ca\u0163avenci \u015fi de vremurile de demult c\u00e2nd mai citeam pe-acolo, precum \u015fi de ceva cu \"pitici gra\u015fi\") am ajuns pe pagina sa. Ia te uit\u0103,\u2026","rel":"","context":"\u00cen \u201eGeneral\u201d","block_context":{"text":"General","link":"https:\/\/paulmelian.de\/blog\/?cat=8"},"img":{"alt_text":"","src":"https:\/\/i0.wp.com\/paulmelian.de\/blog\/wp-content\/uploads\/2021\/01\/Affe-300x300.jpg?resize=350%2C200","width":350,"height":200},"classes":[]},{"id":2062,"url":"https:\/\/paulmelian.de\/blog\/?p=2062","url_meta":{"origin":1431,"position":1},"title":"Ce-i cu tine, m\u0103i Costine?","author":"Mihai","date":"24 august 2017","format":false,"excerpt":"Acu' vreun ani\u015for am primit de la LinkedIn solicitarea d-lui Costin Andrie\u015f, redactor la \u00ceLD, de a o include pe domnia sa \u00een lista mea de contacte profesionale. I-am r\u0103spuns prin dou\u0103 mesaje personale cu con\u0163inut identic, at\u00e2t prin LinkedIn, c\u00e2t \u015fi prin facebook: 28.08.2016 Stimate d-le Andrie\u015f, de la\u2026","rel":"","context":"\u00cen \u201eGeneral\u201d","block_context":{"text":"General","link":"https:\/\/paulmelian.de\/blog\/?cat=8"},"img":{"alt_text":"","src":"","width":0,"height":0},"classes":[]},{"id":87,"url":"https:\/\/paulmelian.de\/blog\/?p=87","url_meta":{"origin":1431,"position":2},"title":"Retardel se retrage? Tardiv!","author":"Mihai","date":"13 februarie 2012","format":false,"excerpt":"Dac\u0103 se \u00eent\u00e2mpl\u0103 cumva s\u0103 nu \u015fti\u0163i cine e \u201eRetardel\u201d, face\u0163i o c\u0103utare prin Google cu acest cuv\u00e2nt cheie. Alege\u0163i-l din rezultatele c\u0103ut\u0103rii pe primul bloger, care afirm\u0103 despre o alt\u0103 persoan\u0103 c\u0103 acesta ar fi un \u201eretardel\u201d . Cine spune, \u0103la e! A\u0163i g\u0103sit? Aha ! \u015ei ce arat\u0103\u2026","rel":"","context":"\u00cen \u201eGeneral\u201d","block_context":{"text":"General","link":"https:\/\/paulmelian.de\/blog\/?cat=8"},"img":{"alt_text":"","src":"","width":0,"height":0},"classes":[]},{"id":6004,"url":"https:\/\/paulmelian.de\/blog\/?p=6004","url_meta":{"origin":1431,"position":3},"title":"Mit Verlaub, Herr Pr\u00e4sident, Sie sind ein Hornochse* (continuare)","author":"Mihai","date":"26 septembrie 2021","format":false,"excerpt":"Ne-am bucurat c\u00e2nd Iohannis a c\u00e2\u015ftigat \u00een fa\u0163a lui Ponta \u015fi a Veoric\u0103i D\u0103ncil\u0103. Iar eu mi-am zis: \u201eDec\u00e2t un neam prost, mai bine un neam\u0163 prost\u201d. Dac\u0103 a\u015f fi fost pe deplin con\u015ftient de dimensiunile prostiei sale, poate m-a\u015f mai fi g\u00e2ndit pu\u0163in... Oricum, iat\u0103 c\u0103 lucrurile se a\u015feaz\u0103,\u2026","rel":"","context":"\u00cen \u201eGeneral\u201d","block_context":{"text":"General","link":"https:\/\/paulmelian.de\/blog\/?cat=8"},"img":{"alt_text":"","src":"https:\/\/i0.wp.com\/paulmelian.de\/blog\/wp-content\/uploads\/2021\/09\/Hornochse-300x298.jpg?resize=350%2C200","width":350,"height":200},"classes":[]},{"id":182,"url":"https:\/\/paulmelian.de\/blog\/?p=182","url_meta":{"origin":1431,"position":4},"title":"Adio, Ca\u0163avencilor. Sunte\u0163i pe lista mea neagr\u0103.","author":"Mihai","date":"23 ianuarie 2014","format":false,"excerpt":"Autor: Mihai De fiecare dat\u0103 c\u00e2nd apare c\u00e2te un caz mai r\u0103sun\u0103tor de dare \u015fi luare de \u015fpag\u0103, plebea \u00eencepe s\u0103 urle. De mass media nici nu mai vorbesc. Unii url\u0103 de indignare, dup\u0103 tipicul: \u201eUnde-am ajuns, dac\u0103 p\u00e2n\u0103 \u015fi \u0103\u015ftia au \u00eenceput s\u0103 ia \u015fpag\u0103!\u201c, \u00een timp ce ceilal\u0163i\u2026","rel":"","context":"\u00cen \u201eGeneral\u201d","block_context":{"text":"General","link":"https:\/\/paulmelian.de\/blog\/?cat=8"},"img":{"alt_text":"","src":"","width":0,"height":0},"classes":[]},{"id":6019,"url":"https:\/\/paulmelian.de\/blog\/?p=6019","url_meta":{"origin":1431,"position":5},"title":"Roata istoriei: USL redivivus. Pe c\u00e2nd FSN?","author":"Mihai","date":"6 noiembrie 2021","format":false,"excerpt":"Fostul ministru(!) Daniel P. Funeriu ne face p\u0103rta\u015fi la \u00een\u0163elepciunea sa cosmic\u0103 \u015fi analizeaz\u0103 alian\u0163a PNL-PSD care se \u00eentrevede. Ajung\u00e2nd la \u00eendemnul de \"a ne uita reci la realitate\" era c\u00e2t pe-aci s\u0103 m\u0103 opresc din citit. Oi fi eu vechi, domnule, dar \u00eenc\u0103 nu sunt rece! Bine c\u0103 am\u2026","rel":"","context":"\u00cen \u201eGeneral\u201d","block_context":{"text":"General","link":"https:\/\/paulmelian.de\/blog\/?cat=8"},"img":{"alt_text":"","src":"https:\/\/i0.wp.com\/paulmelian.de\/blog\/wp-content\/uploads\/2021\/11\/Perie-WC-300x300.jpg?resize=350%2C200","width":350,"height":200},"classes":[]}],"post_mailing_queue_ids":[],"_links":{"self":[{"href":"https:\/\/paulmelian.de\/blog\/index.php?rest_route=\/wp\/v2\/posts\/1431","targetHints":{"allow":["GET"]}}],"collection":[{"href":"https:\/\/paulmelian.de\/blog\/index.php?rest_route=\/wp\/v2\/posts"}],"about":[{"href":"https:\/\/paulmelian.de\/blog\/index.php?rest_route=\/wp\/v2\/types\/post"}],"author":[{"embeddable":true,"href":"https:\/\/paulmelian.de\/blog\/index.php?rest_route=\/wp\/v2\/users\/1"}],"replies":[{"embeddable":true,"href":"https:\/\/paulmelian.de\/blog\/index.php?rest_route=%2Fwp%2Fv2%2Fcomments&post=1431"}],"version-history":[{"count":7,"href":"https:\/\/paulmelian.de\/blog\/index.php?rest_route=\/wp\/v2\/posts\/1431\/revisions"}],"predecessor-version":[{"id":1440,"href":"https:\/\/paulmelian.de\/blog\/index.php?rest_route=\/wp\/v2\/posts\/1431\/revisions\/1440"}],"wp:attachment":[{"href":"https:\/\/paulmelian.de\/blog\/index.php?rest_route=%2Fwp%2Fv2%2Fmedia&parent=1431"}],"wp:term":[{"taxonomy":"category","embeddable":true,"href":"https:\/\/paulmelian.de\/blog\/index.php?rest_route=%2Fwp%2Fv2%2Fcategories&post=1431"},{"taxonomy":"post_tag","embeddable":true,"href":"https:\/\/paulmelian.de\/blog\/index.php?rest_route=%2Fwp%2Fv2%2Ftags&post=1431"}],"curies":[{"name":"wp","href":"https:\/\/api.w.org\/{rel}","templated":true}]}}