{"id":1442,"date":"2016-02-19T13:40:16","date_gmt":"2016-02-19T11:40:16","guid":{"rendered":"http:\/\/paulmelian.de\/blog\/?p=1442"},"modified":"2016-02-19T13:40:16","modified_gmt":"2016-02-19T11:40:16","slug":"o-noua-initiativa-legislativa-legea-antisaracie","status":"publish","type":"post","link":"https:\/\/paulmelian.de\/blog\/?p=1442","title":{"rendered":"O nou\u0103 ini\u0163iativ\u0103 legislativ\u0103: legea antis\u0103r\u0103cie"},"content":{"rendered":"<p>Politicienii no\u015ftri consider\u0103 c\u0103 nu avem destule legi imposibil de respectat \u015fi <a href=\"http:\/\/stiri.tvr.ro\/legea-antisaracie-in-dezbatere-publica-47-de-masuri-pentru-toate-categoriile-de-varsta_70915.html\">\u00eencearc\u0103 din r\u0103sputeri<\/a> s\u0103 remedieze acest neajuns.<br \/>\nInterzicerea s\u0103r\u0103ciei prin lege va fi respectat\u0103 cam \u00een aceea\u015fi m\u0103sur\u0103 ca \u015fi interzicerea circula\u0163iei atelajelor cu cai pe \u015foselele na\u0163ionale, adic\u0103 exclusiv de c\u0103tre cei care nu au nici o tangen\u0163\u0103 cu obiectul legii.<\/p>\n<p>Off topic (da&#8217; nu chiar de tot): \u015etia\u0163i care este diferen\u0163a dintre o tragedie \u015fi o catastrof\u0103? Nu? Hai c\u0103 v\u0103 spun eu.<br \/>\nDac\u0103 100 de parlamentari rom\u00e2ni ar face o croazier\u0103 pe mare \u015fi vaporul s-ar scufunda, asta ar fi o tragedie.<br \/>\nCatastrof\u0103 ar fi dac\u0103 vreunul dintre ei ar \u015fti s\u0103 \u00eenoate.<\/p>\n","protected":false},"excerpt":{"rendered":"<p>Politicienii no\u015ftri consider\u0103 c\u0103 nu avem destule legi imposibil de respectat \u015fi \u00eencearc\u0103 din r\u0103sputeri s\u0103 remedieze acest neajuns. Interzicerea s\u0103r\u0103ciei prin lege va fi respectat\u0103 cam \u00een aceea\u015fi m\u0103sur\u0103 ca \u015fi interzicerea circula\u0163iei atelajelor cu cai pe \u015foselele na\u0163ionale, &hellip; <a href=\"https:\/\/paulmelian.de\/blog\/?p=1442\">Continu\u0103 s\u0103 cite\u0219ti <span class=\"meta-nav\">&rarr;<\/span><\/a><\/p>\n","protected":false},"author":1,"featured_media":0,"comment_status":"open","ping_status":"open","sticky":false,"template":"","format":"standard","meta":{"ngg_post_thumbnail":0,"jetpack_post_was_ever_published":false,"_jetpack_newsletter_access":"","_jetpack_dont_email_post_to_subs":false,"_jetpack_newsletter_tier_id":0,"_jetpack_memberships_contains_paywalled_content":false,"_jetpack_memberships_contains_paid_content":false,"footnotes":"","jetpack_publicize_message":"","jetpack_publicize_feature_enabled":true,"jetpack_social_post_already_shared":false,"jetpack_social_options":{"image_generator_settings":{"template":"highway","default_image_id":0,"font":"","enabled":false},"version":2}},"categories":[8,6,14,17,19],"tags":[],"class_list":["post-1442","post","type-post","status-publish","format-standard","hentry","category-general","category-borituri","category-oameni","category-politica","category-romania-in-lume"],"jetpack_publicize_connections":[],"jetpack_featured_media_url":"","jetpack_sharing_enabled":true,"jetpack_shortlink":"https:\/\/wp.me\/p9mZDH-ng","jetpack_likes_enabled":true,"jetpack-related-posts":[{"id":2450,"url":"https:\/\/paulmelian.de\/blog\/?p=2450","url_meta":{"origin":1442,"position":0},"title":"\u00cen amurgul \u00een\u0163elepciunii, toate umbrele sunt lungi","author":"Mihai","date":"18 decembrie 2017","format":false,"excerpt":"Lunga umbr\u0103 a lui Marx apare de fiecare dat\u0103 c\u00e2nd ne t\u00e2nguim de pacostea adus\u0103 de comunism. Eu cred \u00eens\u0103 c\u0103 Marx s-ar fi r\u0103sucit mai degrab\u0103 \u00een groap\u0103, dac\u0103 ar fi v\u0103zut ce iese din tezele sale. Sau, dac\u0103 ar mai fi tr\u0103it pe vremea revolu\u0163iei din 1917, s-ar\u2026","rel":"","context":"\u00cen \u201eGeneral\u201d","block_context":{"text":"General","link":"https:\/\/paulmelian.de\/blog\/?cat=8"},"img":{"alt_text":"","src":"https:\/\/i0.wp.com\/paulmelian.de\/blog\/wp-content\/uploads\/2017\/12\/lange-schatten-300x203.jpg?resize=350%2C200","width":350,"height":200},"classes":[]},{"id":50,"url":"https:\/\/paulmelian.de\/blog\/?p=50","url_meta":{"origin":1442,"position":1},"title":"G\u00e2ndurile tr\u00e2ndave ale unui pierde-\u0163ar\u0103 (1)","author":"Paul","date":"30 ianuarie 2010","format":false,"excerpt":"Descriind apocalipsa, d-l Mirel Axinte se apropie foarte mult de adev\u0103r, f\u0103r\u0103 ca s\u0103-l poat\u0103 totu\u015fi atinge: \"Sf\u00e2r\u015fitul lumii Nu va veni \u00een urma vreunui r\u0103zboi nuclear, a topirii ghe\u0163arilor, \u00eenc\u0103lzirii globale sau ciocnirii cu nu \u015ftiu ce meteorit. Nu avem noi norocul \u0103sta. Va fi o moarte lent\u0103, prin\u2026","rel":"","context":"\u00cen \u201ePlatit\u00fcden \/ Platitudini\u201d","block_context":{"text":"Platit\u00fcden \/ Platitudini","link":"https:\/\/paulmelian.de\/blog\/?cat=16"},"img":{"alt_text":"","src":"","width":0,"height":0},"classes":[]},{"id":6619,"url":"https:\/\/paulmelian.de\/blog\/?p=6619","url_meta":{"origin":1442,"position":2},"title":"Recidiv\u0103 (climatic\u0103)","author":"Mihai","date":"11 ianuarie 2024","format":false,"excerpt":"Dup\u0103 5 ani de abstinen\u0163\u0103, am dat de cur\u00e2nd iar o rait\u0103 pe www.contributors.ro ca s\u0103 aflu ce se mai \u00eent\u00e2mpl\u0103 pe-acolo. \u00cemi sare din nou \u00een ochi un articol al profesorului Cr\u00e2nganu, cu care am mai avut o alterca\u0163ie pe vremuri. Hai s\u0103-mi dau \u015fi eu, cu delicate\u0163ea \u015fi\u2026","rel":"","context":"\u00cen \u201eGeneral\u201d","block_context":{"text":"General","link":"https:\/\/paulmelian.de\/blog\/?cat=8"},"img":{"alt_text":"","src":"https:\/\/i0.wp.com\/paulmelian.de\/blog\/wp-content\/uploads\/2015\/12\/kopfsand-300x186.jpg?resize=350%2C200&ssl=1","width":350,"height":200},"classes":[]},{"id":806,"url":"https:\/\/paulmelian.de\/blog\/?p=806","url_meta":{"origin":1442,"position":3},"title":"SchadenfreudeA Vengefulness of the Impotent","author":"Mihai","date":"5 martie 2015","format":false,"excerpt":"Nu pot s\u0103 caracterizez articolele \u015fi glosele politice mai recente ale d-lui Dorin Tudoran, care apar at\u00e2t pe blogul domniei sale Certocra\u0163ia, c\u00e2t \u015fi pe platformele voxpublica sau Rom\u00e2nia Curat\u0103, f\u0103r\u0103 s\u0103 apelez la ajutorul cuv\u00e2ntului german \u201cSchadenfreude\u201d. Iar asta nu pentru a-mi etala cuno\u015ftin\u0163ele din aceast\u0103 limb\u0103, ci pentru\u2026","rel":"","context":"\u00cen \u201eDeutsche Erinnerungen \/ Amintiri din Germania\u201d","block_context":{"text":"Deutsche Erinnerungen \/ Amintiri din Germania","link":"https:\/\/paulmelian.de\/blog\/?cat=2"},"img":{"alt_text":"","src":"","width":0,"height":0},"classes":[]},{"id":6856,"url":"https:\/\/paulmelian.de\/blog\/?p=6856","url_meta":{"origin":1442,"position":4},"title":"R\u0103zbunarea chinezului. Adio, www.contributors.ro","author":"Mihai","date":"2 iulie 2024","format":false,"excerpt":"Platforma www.contributors.ro mi-a trezit interesul acum mai bine de zece ani, at\u00e2t prin diversitatea \u015fi calitatea articolelor, c\u00e2t \u015fi prin faptul c\u0103 numero\u015fi autori erau dispu\u015fi s\u0103 comunice de la egal la egal cu comentatorii. Ba am scris chiar eu \u00eensumi acolo un articola\u015f referitor la alegerile din Germania din\u2026","rel":"","context":"\u00cen \u201eGeneral\u201d","block_context":{"text":"General","link":"https:\/\/paulmelian.de\/blog\/?cat=8"},"img":{"alt_text":"","src":"","width":0,"height":0},"classes":[]},{"id":274,"url":"https:\/\/paulmelian.de\/blog\/?p=274","url_meta":{"origin":1442,"position":5},"title":"Brucanisme","author":"Mihai","date":"17 ianuarie 2015","format":false,"excerpt":"D-l Dorin Tudoran mi-a f\u0103cut, dup\u0103 cum se pare, cinstea deosebit\u0103 de a citi articolul meu de mai jos \u201cCurat mocirl\u0103\u201d. Altfel nu prea pot s\u0103-mi explic comentariul s\u0103u de pe blogul personal, pe care \u00eel redau mai jos, afar\u0103 doar de cazul \u00een care vreunul dintre trep\u0103du\u015fii domniei sale\u2026","rel":"","context":"\u00cen \u201eGeneral\u201d","block_context":{"text":"General","link":"https:\/\/paulmelian.de\/blog\/?cat=8"},"img":{"alt_text":"","src":"","width":0,"height":0},"classes":[]}],"post_mailing_queue_ids":[],"_links":{"self":[{"href":"https:\/\/paulmelian.de\/blog\/index.php?rest_route=\/wp\/v2\/posts\/1442","targetHints":{"allow":["GET"]}}],"collection":[{"href":"https:\/\/paulmelian.de\/blog\/index.php?rest_route=\/wp\/v2\/posts"}],"about":[{"href":"https:\/\/paulmelian.de\/blog\/index.php?rest_route=\/wp\/v2\/types\/post"}],"author":[{"embeddable":true,"href":"https:\/\/paulmelian.de\/blog\/index.php?rest_route=\/wp\/v2\/users\/1"}],"replies":[{"embeddable":true,"href":"https:\/\/paulmelian.de\/blog\/index.php?rest_route=%2Fwp%2Fv2%2Fcomments&post=1442"}],"version-history":[{"count":2,"href":"https:\/\/paulmelian.de\/blog\/index.php?rest_route=\/wp\/v2\/posts\/1442\/revisions"}],"predecessor-version":[{"id":1444,"href":"https:\/\/paulmelian.de\/blog\/index.php?rest_route=\/wp\/v2\/posts\/1442\/revisions\/1444"}],"wp:attachment":[{"href":"https:\/\/paulmelian.de\/blog\/index.php?rest_route=%2Fwp%2Fv2%2Fmedia&parent=1442"}],"wp:term":[{"taxonomy":"category","embeddable":true,"href":"https:\/\/paulmelian.de\/blog\/index.php?rest_route=%2Fwp%2Fv2%2Fcategories&post=1442"},{"taxonomy":"post_tag","embeddable":true,"href":"https:\/\/paulmelian.de\/blog\/index.php?rest_route=%2Fwp%2Fv2%2Ftags&post=1442"}],"curies":[{"name":"wp","href":"https:\/\/api.w.org\/{rel}","templated":true}]}}