{"id":148,"date":"2013-11-14T18:15:24","date_gmt":"2013-11-14T16:15:24","guid":{"rendered":"http:\/\/paulmelian.de\/blog\/?p=148"},"modified":"2013-11-14T18:15:24","modified_gmt":"2013-11-14T16:15:24","slug":"busculada","status":"publish","type":"post","link":"https:\/\/paulmelian.de\/blog\/?p=148","title":{"rendered":"Bu\u015fculad\u0103"},"content":{"rendered":"<p>Ca\u0163avencul Doru Bu\u015fcu spune <del datetime=\"2013-11-15T08:18:30+00:00\">lucrurilor<\/del>oamenilor pe nume: \u00cei <a href=http:\/\/www.catavencii.ro\/Marii-idioti-din-cariera-lui-basescu_0_9690.html>nume\u015fte<\/a> pe domnii Geoan\u0103, V\u00e2ntu, Voiculescu, Ponta, Antonescu \u015fi Ro\u015fca St\u0103nescu (ca de altfel \u015fi pe to\u0163i aleg\u0103torii, care prin sufragiul lor nu au reu\u015fit s\u0103-l debarce pe B\u0103sescu de la Pre\u015fedin\u0163ie) &#8222;idio\u0163i&#8221;.<\/p>\n<p>Sunt de acord cu acest calificativ, dar nu cu motivarea lui&#8230;<\/p>\n<p>Am \u00eencercat s\u0103 comentez:<\/p>\n<blockquote><p>Se pare c\u0103 autorul care a comis articolul de mai sus are dreptul s\u0103  numeasc\u0103 o serie de persoane drept &#8222;idio\u0163i&#8221;, mie \u00eens\u0103 nu mi se acord\u0103  dreptul s\u0103-i spun c\u0103 este cam \u00eengr\u0103m\u0103dit la minte.<br \/>\nRevin cu comentariul, poate a fost \u015fters din gre\u015fea<span class=\"text_exposed_show\">l\u0103&#8230;<br \/>\nSpuneam, cit\u00e2nd autorul:<br \/>\n&#8221;<br \/>\n<em><small>&#8222;Dac\u0103 Ponta \u0219i Antonescu ar candida fiecare la pre\u0219edin\u021bie, USL va  intra singur \u00een turul doi. Cotroceniul va intra \u00een st\u0103p\u00eenirea celui mai  bine plasat, iar Palatul Victoria va r\u0103m\u00eene celuilalt. Asta \u00eenseamn\u0103,  pentru USL, 70% din Parlament, 100% din Guvern, 100% din Pre\u0219edin\u021bie,  100% din servicii \u0219i Parchete, 60% din Curtea Constitu\u021bional\u0103. O  dictatur\u0103 aproape de perfec\u021biune, de la care poate \u00eencepe  redemocratizarea \u021b\u0103rii.&#8221;<br \/>\nTrebuie s\u0103 fii foarte \u00eengr\u0103m\u0103dit la minte ca s\u0103 scrii a\u015fa ceva.<\/small><\/em><br \/>\n&#8221;<br \/>\nPoate trebuia s\u0103-i spun idiot? Poate c\u0103 asta ar fi trecut de cenzur\u0103.<\/span><\/p><\/blockquote>\n","protected":false},"excerpt":{"rendered":"<p>Ca\u0163avencul Doru Bu\u015fcu spune lucruriloroamenilor pe nume: \u00cei nume\u015fte pe domnii Geoan\u0103, V\u00e2ntu, Voiculescu, Ponta, Antonescu \u015fi Ro\u015fca St\u0103nescu (ca de altfel \u015fi pe to\u0163i aleg\u0103torii, care prin sufragiul lor nu au reu\u015fit s\u0103-l debarce pe B\u0103sescu de la Pre\u015fedin\u0163ie) &hellip; <a href=\"https:\/\/paulmelian.de\/blog\/?p=148\">Continu\u0103 s\u0103 cite\u0219ti <span class=\"meta-nav\">&rarr;<\/span><\/a><\/p>\n","protected":false},"author":1,"featured_media":0,"comment_status":"open","ping_status":"open","sticky":false,"template":"","format":"standard","meta":{"ngg_post_thumbnail":0,"_jetpack_newsletter_access":"","_jetpack_dont_email_post_to_subs":false,"_jetpack_newsletter_tier_id":0,"_jetpack_memberships_contains_paywalled_content":false,"_jetpack_feature_clip_id":0,"_jetpack_memberships_contains_paid_content":false,"footnotes":"","jetpack_publicize_message":"","jetpack_publicize_feature_enabled":true,"jetpack_social_post_already_shared":false,"jetpack_social_options":{"image_generator_settings":{"template":"highway","default_image_id":0,"font":"","enabled":false},"version":2},"jetpack_post_was_ever_published":false},"categories":[8,14,17],"tags":[],"class_list":["post-148","post","type-post","status-publish","format-standard","hentry","category-general","category-oameni","category-politica"],"jetpack_publicize_connections":[],"jetpack_sharing_enabled":true,"jetpack_shortlink":"https:\/\/wp.me\/p9mZDH-2o","jetpack_likes_enabled":true,"jetpack-related-posts":[{"id":182,"url":"https:\/\/paulmelian.de\/blog\/?p=182","url_meta":{"origin":148,"position":0},"title":"Adio, Ca\u0163avencilor. Sunte\u0163i pe lista mea neagr\u0103.","author":"Mihai","date":"23 ianuarie 2014","format":false,"excerpt":"Autor: Mihai De fiecare dat\u0103 c\u00e2nd apare c\u00e2te un caz mai r\u0103sun\u0103tor de dare \u015fi luare de \u015fpag\u0103, plebea \u00eencepe s\u0103 urle. De mass media nici nu mai vorbesc. Unii url\u0103 de indignare, dup\u0103 tipicul: \u201eUnde-am ajuns, dac\u0103 p\u00e2n\u0103 \u015fi \u0103\u015ftia au \u00eenceput s\u0103 ia \u015fpag\u0103!\u201c, \u00een timp ce ceilal\u0163i\u2026","rel":"","context":"\u00cen \u201eGeneral\u201d","block_context":{"text":"General","link":"https:\/\/paulmelian.de\/blog\/?cat=8"},"img":{"alt_text":"","src":"","width":0,"height":0},"classes":[]},{"id":981,"url":"https:\/\/paulmelian.de\/blog\/?p=981","url_meta":{"origin":148,"position":1},"title":"USL redivivus?","author":"Mihai","date":"6 iunie 2015","format":false,"excerpt":"Sub titlul foarte spiritual \"Cum \u015fi-a sinucis Ponta partidul\", d-na Alina Mungiu-Pippidi public\u0103 un articola\u015f \u00een care consider\u0103, printre altele, c\u0103 o \"Mare Coali\u0163ie\" PSD-PNL ar fi mai benefic\u0103 Rom\u00e2niei dec\u00e2t situa\u0163ia creat\u0103 \u00een urma pierderii alegerilor preziden\u0163iale de c\u0103tre PSD-Ponta \u015fi a urm\u0103ririi sale penale. (Urm\u0103rirea penal\u0103 se refer\u0103,\u2026","rel":"","context":"\u00cen \u201eDeutsche Erinnerungen \/ Amintiri din Germania\u201d","block_context":{"text":"Deutsche Erinnerungen \/ Amintiri din Germania","link":"https:\/\/paulmelian.de\/blog\/?cat=2"},"img":{"alt_text":"","src":"","width":0,"height":0},"classes":[]},{"id":251,"url":"https:\/\/paulmelian.de\/blog\/?p=251","url_meta":{"origin":148,"position":2},"title":"Ponta p\u0103g\u00e2n! Turnur\u0103 senza\u0163ional\u0103 \u00een alegeri!","author":"Mihai","date":"14 noiembrie 2014","format":false,"excerpt":"Printr-o \u00eent\u00e2mplare aproape incredibil\u0103, a fost descoperit ieri certificatul de botez al candidatului la Pre\u015fedin\u0163ie Victor Ponta. Aceast\u0103 descoperire vine \u00eentr-un moment hot\u0103r\u00eetor pentru rezultatul alegerilor: Biserica Ortodox\u0103 Rom\u00e2n\u0103, care \u00eel sprijin\u0103 pe acesta deoarece ar fi rom\u00e2n, cre\u015ftin \u015fi ortodox, \u00eencepuse deja, datorit\u0103 dezv\u0103luirilor de ultim\u0103 or\u0103 din Wikipedia,\u2026","rel":"","context":"\u00cen \u201eGeneral\u201d","block_context":{"text":"General","link":"https:\/\/paulmelian.de\/blog\/?cat=8"},"img":{"alt_text":"","src":"","width":0,"height":0},"classes":[]},{"id":1865,"url":"https:\/\/paulmelian.de\/blog\/?p=1865","url_meta":{"origin":148,"position":3},"title":"Extazul t(r)\u00e2mp al &#8222;dreptei&#8221; rom\u00e2ne\u015fti","author":"Mihai","date":"15 ianuarie 2017","format":false,"excerpt":"Platforma \u00ceLD (\"Conservatorii Rom\u00e2ni\") preia de pe facebook o postare a lui Drago\u015f Paul Aligic\u0103, pe care o ridic\u0103 la nivelul de articol(a\u015f). Chintesen\u0163a ar fi cam asta: un comentator de politic\u0103 extern\u0103, care se informeaz\u0103 doar prin CNN, BBC, WaPo, HuffPo, NYT etc. ar fi, de fapt, neinformat. \u015ei\u2026","rel":"","context":"\u00cen \u201eGeneral\u201d","block_context":{"text":"General","link":"https:\/\/paulmelian.de\/blog\/?cat=8"},"img":{"alt_text":"","src":"","width":0,"height":0},"classes":[]},{"id":213,"url":"https:\/\/paulmelian.de\/blog\/?p=213","url_meta":{"origin":148,"position":4},"title":"R\u0103ul cel mai mic","author":"Mihai","date":"30 mai 2014","format":false,"excerpt":"Noua alian\u0163\u0103 de tip DA a for\u0163elor \"de dreapta\" este salutat\u0103 de c\u0103tre mul\u0163i speciali\u015fti ca fiind un r\u0103u mic, adic\u0103 un mare bine. Antonescu este dintr-o dat\u0103 v\u0103zut cu al\u0163i ochi dec\u00e2t p\u00e2n\u0103 acuma, ba chiar admirat pentru manevrele sale politice de ultim\u0103 or\u0103. Unii merg chiar at\u00e2t de\u2026","rel":"","context":"\u00cen \u201eDeutsche Erinnerungen \/ Amintiri din Germania\u201d","block_context":{"text":"Deutsche Erinnerungen \/ Amintiri din Germania","link":"https:\/\/paulmelian.de\/blog\/?cat=2"},"img":{"alt_text":"","src":"","width":0,"height":0},"classes":[]},{"id":215,"url":"https:\/\/paulmelian.de\/blog\/?p=215","url_meta":{"origin":148,"position":5},"title":"O m\u0103tur\u0103 pentru Iohannis","author":"Mihai","date":"1 iunie 2014","format":false,"excerpt":"O doamn\u0103 din Germania, care ne-a vizitat aici vara trecut\u0103 \u015fi care locuie\u015fte \u00eentr-un ora\u015f unde exist\u0103 o fabric\u0103 de m\u0103turi, \u00eemi trimite prin curier cadou de ziua mea un astfel de obiect. (Dar o m\u0103tur\u0103 ceva mai special\u0103, dup\u0103 cum pute\u0163i vedea \u00een poza al\u0103turat\u0103, creat\u0103 cu ocazia campionatului\u2026","rel":"","context":"\u00cen \u201eDeutsche Erinnerungen \/ Amintiri din Germania\u201d","block_context":{"text":"Deutsche Erinnerungen \/ Amintiri din Germania","link":"https:\/\/paulmelian.de\/blog\/?cat=2"},"img":{"alt_text":"","src":"","width":0,"height":0},"classes":[]}],"jetpack_featured_media_url":"","post_mailing_queue_ids":[],"_links":{"self":[{"href":"https:\/\/paulmelian.de\/blog\/index.php?rest_route=\/wp\/v2\/posts\/148","targetHints":{"allow":["GET"]}}],"collection":[{"href":"https:\/\/paulmelian.de\/blog\/index.php?rest_route=\/wp\/v2\/posts"}],"about":[{"href":"https:\/\/paulmelian.de\/blog\/index.php?rest_route=\/wp\/v2\/types\/post"}],"author":[{"embeddable":true,"href":"https:\/\/paulmelian.de\/blog\/index.php?rest_route=\/wp\/v2\/users\/1"}],"replies":[{"embeddable":true,"href":"https:\/\/paulmelian.de\/blog\/index.php?rest_route=%2Fwp%2Fv2%2Fcomments&post=148"}],"version-history":[{"count":0,"href":"https:\/\/paulmelian.de\/blog\/index.php?rest_route=\/wp\/v2\/posts\/148\/revisions"}],"wp:attachment":[{"href":"https:\/\/paulmelian.de\/blog\/index.php?rest_route=%2Fwp%2Fv2%2Fmedia&parent=148"}],"wp:term":[{"taxonomy":"category","embeddable":true,"href":"https:\/\/paulmelian.de\/blog\/index.php?rest_route=%2Fwp%2Fv2%2Fcategories&post=148"},{"taxonomy":"post_tag","embeddable":true,"href":"https:\/\/paulmelian.de\/blog\/index.php?rest_route=%2Fwp%2Fv2%2Ftags&post=148"}],"curies":[{"name":"wp","href":"https:\/\/api.w.org\/{rel}","templated":true}]}}