{"id":2062,"date":"2017-08-24T11:57:47","date_gmt":"2017-08-24T09:57:47","guid":{"rendered":"http:\/\/paulmelian.de\/blog\/?p=2062"},"modified":"2017-08-24T18:29:03","modified_gmt":"2017-08-24T16:29:03","slug":"ce-i-cu-tine-mai-costine","status":"publish","type":"post","link":"https:\/\/paulmelian.de\/blog\/?p=2062","title":{"rendered":"Ce-i cu tine, m\u0103i Costine?"},"content":{"rendered":"<p>Acu&#8217; vreun ani\u015for am primit de la LinkedIn solicitarea d-lui Costin Andrie\u015f, redactor la <a href=\"http:\/\/inliniedreapta.net\/\">\u00ceLD<\/a>, de a o include pe domnia sa \u00een lista mea de contacte profesionale. I-am r\u0103spuns prin dou\u0103 mesaje personale cu con\u0163inut identic, at\u00e2t prin LinkedIn, c\u00e2t \u015fi prin facebook:<\/p>\n<p><strong>28.08.2016<\/strong><\/p>\n<blockquote><p><small>Stimate d-le Andrie\u015f,<br \/>\nde la platforma LinkedIn am primit cererea de a v\u0103 ad\u0103uga re\u0163elei mele de contacte profesionale (traducere aproximativ\u0103 din german\u0103).<br \/>\nNu \u015ftiu prin ce \u00eent\u00e2mplare mi s-a f\u0103cut aceast\u0103 onoare. Poate v-a f\u0103cut un robot aceast\u0103 propunere? Sau poate discu\u0163iile (\u00een contradictoriu) purtate pe \u00ceLD sau Minima Ruralia ( vezi http:\/\/paulmelian.de\/blog\/?p=1353) s\u0103 fi declan\u015fat acest proces?<br \/>\nOricum ar fi, despre un contact profesional \u00eentre noi nu prea poate fi vorba, eu fiind chimist \u015fi nicidecum publicist sau redactor cum sunte\u0163i dvs.. (\u00cen ceea ce prive\u015fte activitatea mea de blogger, sunt amator, \u015fi nu profesionist&#8230;)<br \/>\nDar dac\u0103 cererea de mai sus rezult\u0103 din dorin\u0163a dvs. de a stabili o rela\u0163ie personal\u0103 \u00eentre noi, a\u015f saluta acest lucru, cu toate c\u0103 avem convingeri politice diferite. (Diferen\u0163ele de opinie \u015fi disputele care rezult\u0103 de aici nu \u00eempiedic\u0103 ni\u015fte oameni civiliza\u0163i s\u0103 se respecte reciproc.)<br \/>\n\u00cen speran\u0163a c\u0103 ve\u0163i \u00een\u0163elege r\u00e2ndurile mele de mai sus \u00een sensul g\u00e2ndit de mine, a\u015ftept un r\u0103spuns pentru clarificare.<br \/>\nToate cele bune<br \/>\nMihail Lungu<\/p>\n<p>e-mail milungu@lumion.de<br \/>\ninternet www.vladeasa.eu\/blog, www.paulmelian.de\/blog<\/small><\/p><\/blockquote>\n<p><!--more--><\/p>\n<p>Domnia sa \u00eemi r\u0103spunde prin LinkedIn:<\/p>\n<p><strong>30.08.16<\/strong><\/p>\n<blockquote><p><small>Buna seara,<br \/>\nDomnule Lungu, daca invitatia vi se pare inoportuna, inteleg sa o refuzati si nu este nici o problema. Cele bune, Costin Andries<\/small><\/p><\/blockquote>\n<p>Ia te uit\u0103! Cererea devine dintr-o dat\u0103 &#8222;invita\u0163ie&#8221;! Orice o fi fost, am refuzat-o.<br \/>\nDup\u0103 o vreme primesc un r\u0103spuns, politicos ca la noi rom\u00e2nii, \u015fi prin facebook:<\/p>\n<p><strong>11.09.2016<\/strong><\/p>\n<blockquote><p><small>cred ca am trimis din greseala<br \/>\ncer scuze. la revedere<\/small><\/p><\/blockquote>\n<p>C\u0103 o fi acum cerere, invita\u0163ie sau gre\u015feal\u0103, m-a m\u00e2ncat \u00een palm\u0103 s\u0103 r\u0103spund:<\/p>\n<p><strong>13.09.2016<\/strong><\/p>\n<blockquote><p><small>D-le Andrie\u015f, credin\u0163a este unul dintre pu\u0163inele sprijine pe care le mai avem \u00een via\u0163\u0103. Libertatea de a crede este o valoare incomensurabil\u0103. Unii cred \u00een Dumnezeu, al\u0163ii, ca d-l Tob\u0103, \u00een propria nevinov\u0103\u0163ie, dvs. crede\u0163i \u00eentr-o gre\u015feal\u0103. Cred \u015fi eu \u00een ceva, at\u00e2t \u00een general, c\u00e2t \u015fi \u00een situa\u0163ia dat\u0103, dar prefer s\u0103 p\u0103strez asta pentru mine. Scuzele dvs. nu erau necesare, dar, din polite\u0163e, le accept. Toate cele bune<\/small><\/p><\/blockquote>\n<p>Dintr-un motiv care mie \u00eemi scap\u0103, d-l Andrie\u015f se simte acum obligat s\u0103-mi comunice c\u0103 nu este \u00een stare s\u0103-mi fie de ajutor, lucru pe care, \u00een general, \u00eel accept f\u0103r\u0103 rezerve, chiar dac\u0103 \u00een cazul particular dat \u00eemi treze\u015fte nedumerirea:<\/p>\n<p><strong>13.09.2016<\/strong><\/p>\n<blockquote><p><small>D-le Lungu, va multumesc sincer pentru atentie, dar nu stiu in ce credeti ca as crede si nu stiu cu ce va pot ajuta \ud83d\ude42  Numai bine<\/small><\/p><\/blockquote>\n<p><strong>13.09.2016<\/strong><\/p>\n<blockquote><p><small>D-le Andrie\u015f, simplul fapt c\u0103 v\u0103 pune\u0163i \u00eentrebarea cum m-a\u0163i putea ajuta, at\u00e2ta vreme c\u00e2t eu, spre deosebire de dvs., nu v-am cerut absolut nimic, dovede\u015fte un sim\u0163 al realit\u0103\u0163ii deosebit de straniu. Sper s\u0103 nu m\u0103 simt nevoit s\u0103 public toat\u0103 conversa\u0163ia noastr\u0103 de pe LinkedIn! Prin aceste ultime r\u00e2nduri pe care vi le mai adresez direct, declar \u00een final c\u0103 v\u0103 acord cu pl\u0103cere ultimul cuv\u00e2nt \u00een disputa noastr\u0103, c\u0103 prea s-a \u00eenclinat balan\u0163a \u00een defavoarea dvs. p\u00e2n\u0103 acuma. \u00cen rest, numai bine. Salut\u0103ri.<\/small><\/p><\/blockquote>\n<p><strong>13.09.2016<\/strong><\/p>\n<blockquote><p><small>Dl Lungu, nu inteleg ce doriti, asta incerc sa spun. Faceti public daca doriti, nu va pot opri si nici nu am ce sa ascund.<\/small><\/p><\/blockquote>\n<p>Dup\u0103 generoasa mea ofert\u0103, m-am a\u015fteptat ca acesta s\u0103 fi fost ultimul s\u0103u cuv\u00e2nt.<br \/>\nAiurea.<br \/>\nAzi am primit o nou\u0103 cerere de a-l include \u00een lista mea de contacte profesionale de pe LinkedIn. <\/p>\n<blockquote><p><small>Mihail Lungu, bitte f\u00fcgen Sie mich zu Ihrem beruflichen Netzwerk auf LinkedIn hinzu.<br \/>\nCostin Andrie\u0219<br \/>\nAutor si editor la In Linie Dreapta<br \/>\nRum\u00e4nien<\/small><\/p><\/blockquote>\n<p>PS<br \/>\nDeoarece comentariile mele pe platforma \u00ceLD nu apar*, l-am blocat \u015fi eu pe d-l Costin Andrie\u015f pe acest blog. Dar dac\u0103 totu\u015fi \u00ee\u015fi va exprima dorin\u0163a de a-\u015fi exercita dreptul la replic\u0103, v\u0103 voi \u0163ine la curent.<\/p>\n<p>*PPS<br \/>\nNu c\u0103 a\u015f dori neap\u0103rat s\u0103 comentez <a href=\"http:\/\/inliniedreapta.net\/invazia-dorelilor-terorism-islamic-si-comentariatul-local\/\">banalit\u0103\u0163i<\/a> de-ale d-lui Andrie\u015f sau <a href=\"http:\/\/inliniedreapta.net\/amintiri-despre-viitorul-lgbt-istoria-unuidezastru\/\">inep\u0163ii<\/a> scrise de preotul Alexandru Coman, pentru c\u0103 oricum nu ajut\u0103 la nimic, e vorba \u00eens\u0103 de un principiu.<\/p>\n","protected":false},"excerpt":{"rendered":"<p>Acu&#8217; vreun ani\u015for am primit de la LinkedIn solicitarea d-lui Costin Andrie\u015f, redactor la \u00ceLD, de a o include pe domnia sa \u00een lista mea de contacte profesionale. I-am r\u0103spuns prin dou\u0103 mesaje personale cu con\u0163inut identic, at\u00e2t prin LinkedIn, &hellip; <a href=\"https:\/\/paulmelian.de\/blog\/?p=2062\">Continu\u0103 s\u0103 cite\u0219ti <span class=\"meta-nav\">&rarr;<\/span><\/a><\/p>\n","protected":false},"author":1,"featured_media":0,"comment_status":"open","ping_status":"open","sticky":false,"template":"","format":"standard","meta":{"ngg_post_thumbnail":0,"jetpack_post_was_ever_published":false,"_jetpack_newsletter_access":"","_jetpack_dont_email_post_to_subs":false,"_jetpack_newsletter_tier_id":0,"_jetpack_memberships_contains_paywalled_content":false,"_jetpack_memberships_contains_paid_content":false,"footnotes":"","jetpack_publicize_message":"","jetpack_publicize_feature_enabled":true,"jetpack_social_post_already_shared":false,"jetpack_social_options":{"image_generator_settings":{"template":"highway","default_image_id":0,"font":"","enabled":false},"version":2}},"categories":[8,6,11,14,1,17],"tags":[],"class_list":["post-2062","post","type-post","status-publish","format-standard","hentry","category-general","category-borituri","category-management","category-oameni","category-fara-categorie","category-politica"],"jetpack_publicize_connections":[],"jetpack_featured_media_url":"","jetpack_sharing_enabled":true,"jetpack_shortlink":"https:\/\/wp.me\/p9mZDH-xg","jetpack_likes_enabled":true,"jetpack-related-posts":[{"id":6558,"url":"https:\/\/paulmelian.de\/blog\/?p=6558","url_meta":{"origin":2062,"position":0},"title":"Habarnism","author":"Mihai","date":"25 octombrie 2023","format":false,"excerpt":"M\u0103 amuz\u0103 un pic (dar m\u0103 irit\u0103 foarte mult) p\u0103rerile habarni\u015ftilor Adrian Papahagi, Traian Ungureanu, Bogdan Calehari, Costin Andrie\u015f, Drago\u015f Paul Aligic\u0103, care consider\u0103 modific\u0103rile climatice ca fiind o inven\u0163ie st\u00e2ngist\u0103. Cum po\u0163i s\u0103 sus\u0163ii o astfel de p\u0103rere f\u0103r\u0103 s\u0103 ai nici cea mai mic\u0103 idee de fizic\u0103 sau\u2026","rel":"","context":"\u00cen \u201eGeneral\u201d","block_context":{"text":"General","link":"https:\/\/paulmelian.de\/blog\/?cat=8"},"img":{"alt_text":"","src":"https:\/\/i0.wp.com\/paulmelian.de\/blog\/wp-content\/uploads\/2015\/12\/kopfsand-300x186.jpg?resize=350%2C200&ssl=1","width":350,"height":200},"classes":[]},{"id":6629,"url":"https:\/\/paulmelian.de\/blog\/?p=6629","url_meta":{"origin":2062,"position":1},"title":"Cioara vopsit\u0103 sau Negrul este Verde","author":"Mihai","date":"16 ianuarie 2024","format":false,"excerpt":"Nu m\u0103 refer prin titlul de mai sus neap\u0103rat la lozincile peiorative, cum ar fi, de exemplu, \u201cVerdele este Ro\u015fu\u201d, proprii autorilor de la \u201c\u00cen Linie Dreapt\u0103\u201d (platform\u0103 care denigreaz\u0103 orice mi\u015fcare ecologic\u0103, oric\u00e2t de moderat\u0103 ar fi aceasta), de\u015fi ar merita \u015fi acest limbaj o tratare mai atent\u0103. Le\u2026","rel":"","context":"\u00cen \u201eGeneral\u201d","block_context":{"text":"General","link":"https:\/\/paulmelian.de\/blog\/?cat=8"},"img":{"alt_text":"","src":"https:\/\/i0.wp.com\/paulmelian.de\/blog\/wp-content\/uploads\/2019\/12\/craca-de-sub-picioare-830x568-300x205.jpg?resize=350%2C200&ssl=1","width":350,"height":200},"classes":[]},{"id":6225,"url":"https:\/\/paulmelian.de\/blog\/?p=6225","url_meta":{"origin":2062,"position":2},"title":"Cum o traducem pe Herta M\u00fcller: un fel de bilan\u0163","author":"Mihai","date":"2 decembrie 2022","format":false,"excerpt":"Lejeritatea diletantului nu poate compensa lipsa profesionismului, spun profesioni\u015ftii. Dar nu e nicio nevoie, slav\u0103 Domnului, spunem noi diletan\u0163ii. \u00cen urm\u0103 cu vreo 11 ani, am trimis editurii Humanitas Fiction un mesaj prin e-mail prin care \u00eemi exprimam dezaprobarea fa\u0163\u0103 de traducerea \u00een rom\u00e2ne\u015fte a romanelor amintite aici. A\u015fa cum\u2026","rel":"","context":"\u00cen \u201eDeutsche Erinnerungen \/ Amintiri din Germania\u201d","block_context":{"text":"Deutsche Erinnerungen \/ Amintiri din Germania","link":"https:\/\/paulmelian.de\/blog\/?cat=2"},"img":{"alt_text":"","src":"https:\/\/i0.wp.com\/paulmelian.de\/blog\/wp-content\/uploads\/2022\/12\/wordcloud1-300x300.png?resize=350%2C200","width":350,"height":200},"classes":[]},{"id":5252,"url":"https:\/\/paulmelian.de\/blog\/?p=5252","url_meta":{"origin":2062,"position":3},"title":"Polarizare","author":"Mihai","date":"16 octombrie 2020","format":false,"excerpt":"Faptul c\u0103 interdic\u0163ia accesului pelerinilor la racla Sfintei Parascheva de la Catedrala Mitropolitan\u0103 din Ia\u015fi este exploatat\u0103 politic de BOR nu este deloc o surpriz\u0103. Nu ne surprinde \u00een fond nici o luare de pozi\u0163ie a lui Adrian Papahagi \u00een aceast\u0103 privin\u0163\u0103, dar gravitatea acuza\u0163iilor pe care acesta le face\u2026","rel":"","context":"\u00cen \u201eGeneral\u201d","block_context":{"text":"General","link":"https:\/\/paulmelian.de\/blog\/?cat=8"},"img":{"alt_text":"","src":"https:\/\/i0.wp.com\/paulmelian.de\/blog\/wp-content\/uploads\/2020\/10\/Catedrala-patriarhul-daniel-214x300.jpg?resize=350%2C200","width":350,"height":200},"classes":[]},{"id":280,"url":"https:\/\/paulmelian.de\/blog\/?p=280","url_meta":{"origin":2062,"position":4},"title":"Nega\u0163ionism ecologic","author":"Mihai","date":"26 ianuarie 2015","format":false,"excerpt":"Dac\u0103 v\u0103 aminti\u0163i, acum un an am avut un mic \u201cschimb de p\u0103reri\u201d cu doi redactori precum \u015fi cu doi adep\u0163i \u00eenfoca\u0163i \u015fi comentatori ai platformei \u00cen Linie Dreapt\u0103. M\u0103rul discordiei consta \u00een faptul c\u0103, baz\u00e2ndu-se \u00een special pe o perioad\u0103 de iarn\u0103 sever\u0103 \u00een America de Nord la \u00eenceputul\u2026","rel":"","context":"\u00cen \u201eGeneral\u201d","block_context":{"text":"General","link":"https:\/\/paulmelian.de\/blog\/?cat=8"},"img":{"alt_text":"","src":"","width":0,"height":0},"classes":[]},{"id":49,"url":"https:\/\/paulmelian.de\/blog\/?p=49","url_meta":{"origin":2062,"position":5},"title":"Scrisoare deschis\u0103 c\u0103tre Prim\u0103ria Comunei C\u0103pu\u015fu Mare","author":"Mihai","date":"4 februarie 2010","format":false,"excerpt":"Stimate d-le Primar, so\u0163ia mea, Vera Kreutzberger, a f\u0103cut \u00een ultimii doi ani c\u00e2teva sesiz\u0103ri \u015fi sugestii cu privire la situa\u0163ia general\u0103 din satul B\u0103lce\u015fti, care v-au fost adresate direct. Doresc s\u0103 m\u0103 refer azi la dou\u0103 dintre faptele amintite de d\u00e2nsa, care, \u00een mod evident, nu au avut ecoul\u2026","rel":"","context":"\u00cen \u201eGeneral\u201d","block_context":{"text":"General","link":"https:\/\/paulmelian.de\/blog\/?cat=8"},"img":{"alt_text":"","src":"","width":0,"height":0},"classes":[]}],"post_mailing_queue_ids":[],"_links":{"self":[{"href":"https:\/\/paulmelian.de\/blog\/index.php?rest_route=\/wp\/v2\/posts\/2062","targetHints":{"allow":["GET"]}}],"collection":[{"href":"https:\/\/paulmelian.de\/blog\/index.php?rest_route=\/wp\/v2\/posts"}],"about":[{"href":"https:\/\/paulmelian.de\/blog\/index.php?rest_route=\/wp\/v2\/types\/post"}],"author":[{"embeddable":true,"href":"https:\/\/paulmelian.de\/blog\/index.php?rest_route=\/wp\/v2\/users\/1"}],"replies":[{"embeddable":true,"href":"https:\/\/paulmelian.de\/blog\/index.php?rest_route=%2Fwp%2Fv2%2Fcomments&post=2062"}],"version-history":[{"count":15,"href":"https:\/\/paulmelian.de\/blog\/index.php?rest_route=\/wp\/v2\/posts\/2062\/revisions"}],"predecessor-version":[{"id":2077,"href":"https:\/\/paulmelian.de\/blog\/index.php?rest_route=\/wp\/v2\/posts\/2062\/revisions\/2077"}],"wp:attachment":[{"href":"https:\/\/paulmelian.de\/blog\/index.php?rest_route=%2Fwp%2Fv2%2Fmedia&parent=2062"}],"wp:term":[{"taxonomy":"category","embeddable":true,"href":"https:\/\/paulmelian.de\/blog\/index.php?rest_route=%2Fwp%2Fv2%2Fcategories&post=2062"},{"taxonomy":"post_tag","embeddable":true,"href":"https:\/\/paulmelian.de\/blog\/index.php?rest_route=%2Fwp%2Fv2%2Ftags&post=2062"}],"curies":[{"name":"wp","href":"https:\/\/api.w.org\/{rel}","templated":true}]}}