{"id":21,"date":"2008-12-16T17:43:23","date_gmt":"2008-12-16T15:43:23","guid":{"rendered":"http:\/\/lumion.de\/blog\/?p=13"},"modified":"2008-12-16T17:43:23","modified_gmt":"2008-12-16T15:43:23","slug":"de-toate-pominile","status":"publish","type":"post","link":"https:\/\/paulmelian.de\/blog\/?p=21","title":{"rendered":"De toate pominile"},"content":{"rendered":"<p>Pe l\u00e2ng\u0103 pluralis majestatis, pluralis modestiae \u015fi pluralis reverentiae, reporterii rom\u00e2ni au creat o nou\u0103 form\u0103 de exprimare: <em><strong>pluralis tampeniae<\/strong><\/em>.<br \/>\n\u201cAceste politici ale guvernului\u201d, \u201csitua\u0163iile actuale ale economiei\u201d, \u201cBlog de atitudini\u201d.<br \/>\nAvantajele sunt evidente: consumatorului i se ofera <del datetime=\"2008-12-21T21:14:59+00:00\">un<\/del>mai multe plusuri de con\u0163inuturi.<br \/>\nAce\u015fti intelectuali de valori vor continua perfec\u0163ion\u0103rile de exprim\u0103ri \u015fi vor vorbi \u00een cur\u00e2nduri \u015fi de muzicile moderne, de agriculturile din Rom\u00e2nia \u015fi de modific\u0103rile climelor.<\/p>\n","protected":false},"excerpt":{"rendered":"<p>Pe l\u00e2ng\u0103 pluralis majestatis, pluralis modestiae \u015fi pluralis reverentiae, reporterii rom\u00e2ni au creat o nou\u0103 form\u0103 de exprimare: pluralis tampeniae. \u201cAceste politici ale guvernului\u201d, \u201csitua\u0163iile actuale ale economiei\u201d, \u201cBlog de atitudini\u201d. Avantajele sunt evidente: consumatorului i se ofera unmai multe &hellip; <a href=\"https:\/\/paulmelian.de\/blog\/?p=21\">Continu\u0103 s\u0103 cite\u0219ti <span class=\"meta-nav\">&rarr;<\/span><\/a><\/p>\n","protected":false},"author":1,"featured_media":0,"comment_status":"open","ping_status":"open","sticky":false,"template":"","format":"standard","meta":{"ngg_post_thumbnail":0,"jetpack_post_was_ever_published":false,"_jetpack_newsletter_access":"","_jetpack_dont_email_post_to_subs":false,"_jetpack_newsletter_tier_id":0,"_jetpack_memberships_contains_paywalled_content":false,"_jetpack_memberships_contains_paid_content":false,"footnotes":"","jetpack_publicize_message":"","jetpack_publicize_feature_enabled":true,"jetpack_social_post_already_shared":false,"jetpack_social_options":{"image_generator_settings":{"template":"highway","default_image_id":0,"font":"","enabled":false},"version":2}},"categories":[10],"tags":[27,32,36],"class_list":["post-21","post","type-post","status-publish","format-standard","hentry","category-invatati-dracului-romaneste","tag-limba-de-lemn","tag-reporteri","tag-ziaristi"],"jetpack_publicize_connections":[],"jetpack_featured_media_url":"","jetpack_sharing_enabled":true,"jetpack_shortlink":"https:\/\/wp.me\/p9mZDH-l","jetpack_likes_enabled":true,"jetpack-related-posts":[{"id":2222,"url":"https:\/\/paulmelian.de\/blog\/?p=2222","url_meta":{"origin":21,"position":0},"title":"Pluralis tampeniae (2)","author":"Mihai","date":"11 noiembrie 2017","format":false,"excerpt":"Fenomenul descris \u00een titlu m-a enervat deja acu' vreo c\u00e2\u0163iva ani\u015fori. Amploarea sa cre\u015fte \u00eens\u0103 continuu, a\u015fa c\u0103 a venit timpul s\u0103 m\u0103 enervez din nou. Br\u00e2nza de \"vaci\", denumire inventat\u0103 de vreun magazioner agramat \u00eenc\u0103 de pe vremea comuni\u015ftilor, a devenit \u00eentre timp cea mai r\u0103sp\u00e2ndit\u0103 variant\u0103. Despre \"politici\"\u2026","rel":"","context":"\u00cen \u201eGeneral\u201d","block_context":{"text":"General","link":"https:\/\/paulmelian.de\/blog\/?cat=8"},"img":{"alt_text":"","src":"","width":0,"height":0},"classes":[]},{"id":6255,"url":"https:\/\/paulmelian.de\/blog\/?p=6255","url_meta":{"origin":21,"position":1},"title":"Telemea de oi","author":"Mihai","date":"12 decembrie 2022","format":false,"excerpt":"Dac\u0103 v\u0103 intereseaz\u0103 pluralul terorii, DEX v\u0103 l\u0103mure\u015fte pe loc: terori. \u00cen schimb, dac\u0103 v\u0103 intereseaz\u0103 cumva teroarea pluralului (lucru extrem de improbabil, pentru c\u0103, datorit\u0103 mass media rom\u00e2ne\u015fti, vi s-a cam tocit sim\u0163ul limbii), DEX tace chitic. Haide\u0163i s\u0103 v\u0103 ajut eu un pic: am mai scris despre asta\u2026","rel":"","context":"\u00cen \u201eGeneral\u201d","block_context":{"text":"General","link":"https:\/\/paulmelian.de\/blog\/?cat=8"},"img":{"alt_text":"","src":"https:\/\/i0.wp.com\/paulmelian.de\/blog\/wp-content\/uploads\/2022\/12\/Branzica-e1670846581245-300x300.jpg?resize=350%2C200&ssl=1","width":350,"height":200},"classes":[]},{"id":2422,"url":"https:\/\/paulmelian.de\/blog\/?p=2422","url_meta":{"origin":21,"position":2},"title":"Intelectualit\u0103\u0163i de vaze","author":"Mihai","date":"13 decembrie 2017","format":false,"excerpt":"Acu\u2019 vreo c\u00e2teva zile m-am \u00eempiedicat din nou de o elucubra\u0163ie de tip facebook a lui Drago\u015f Paul Aligic\u0103, pe care \u00ceLD o ridic\u0103, ca \u015fi pe majoritatea celor ale lui Adrian Papahagi (nu v\u0103 speria\u0163i, n-am s\u0103 m\u0103 mai ocup, a\u015fa cum am promis, de el!), la nivel de\u2026","rel":"","context":"\u00cen \u201eGeneral\u201d","block_context":{"text":"General","link":"https:\/\/paulmelian.de\/blog\/?cat=8"},"img":{"alt_text":"","src":"","width":0,"height":0},"classes":[]},{"id":5637,"url":"https:\/\/paulmelian.de\/blog\/?p=5637","url_meta":{"origin":21,"position":3},"title":"Pluralis Majestatis","author":"Mihai","date":"31 decembrie 2020","format":false,"excerpt":"Este rezervat celor care se afl\u0103 \u00een posesia adev\u0103rului absolut: Eu, ca orice p\u0103stor care predic\u0103 adev\u0103rul ne\u00eendoielnic despre Hristos \u015fi despre m\u00e2ntuire, despre iertare, iar adev\u0103rul acesta este absolut, nu putem fi ni\u015fte impresari ai autorit\u0103\u0163ilor care vor s\u0103 \u00eendemn\u0103m la vaccinare cu ochii \u00eenchi\u015fi, pentru c\u0103 ceea ce\u2026","rel":"","context":"\u00cen \u201eGeneral\u201d","block_context":{"text":"General","link":"https:\/\/paulmelian.de\/blog\/?cat=8"},"img":{"alt_text":"","src":"https:\/\/i0.wp.com\/paulmelian.de\/blog\/wp-content\/uploads\/2020\/12\/Teodosie-300x200.jpg?resize=350%2C200","width":350,"height":200},"classes":[]},{"id":183,"url":"https:\/\/paulmelian.de\/blog\/?p=183","url_meta":{"origin":21,"position":4},"title":"Rom\u00e2nia n-are nevoie de du\u015fmani externi","author":"Mihai","date":"26 ianuarie 2014","format":false,"excerpt":"Autor: Mihai Washington Post constat\u0103 cam a\u015fa: Rom\u00e2nia, o \u0163ar\u0103 cu 19 milioane de locuitori, n-are du\u015fmani externi, dar are \u015fapte servicii de informa\u0163ii. Cu toate astea, nu poate g\u0103si un avion. Unul din cele \u015fapte servicii a investit 40 de milioane de euro \u00een sistemul de apelare de urgen\u0163\u0103\u2026","rel":"","context":"\u00cen \u201eGeneral\u201d","block_context":{"text":"General","link":"https:\/\/paulmelian.de\/blog\/?cat=8"},"img":{"alt_text":"","src":"","width":0,"height":0},"classes":[]},{"id":140,"url":"https:\/\/paulmelian.de\/blog\/?p=140","url_meta":{"origin":21,"position":5},"title":"De ziua limbii rom\u00e2ne&#8230;","author":"Mihai","date":"31 august 2013","format":false,"excerpt":"...TVR \u00ee\u015fi d\u0103 din nou \u00een petic: Pentru a atrage aten\u0163ia asupra importan\u0163ei p\u0103str\u0103rii calit\u0103\u0163ii limbii rom\u00e2ne \u015fi pentru a-i sprijini pe rom\u00e2nii din afara grani\u0163elor s\u0103-\u015fi p\u0103streze cultura \u015fi identitatea na\u0163ional\u0103, ziua de 31 august a fost proclamata, prin legea 53\/2013, drept Ziua Limbii Rom\u00e2ne. Interesul TVR pentru p\u0103strarea\u2026","rel":"","context":"\u00cen \u201eGeneral\u201d","block_context":{"text":"General","link":"https:\/\/paulmelian.de\/blog\/?cat=8"},"img":{"alt_text":"","src":"","width":0,"height":0},"classes":[]}],"post_mailing_queue_ids":[],"_links":{"self":[{"href":"https:\/\/paulmelian.de\/blog\/index.php?rest_route=\/wp\/v2\/posts\/21","targetHints":{"allow":["GET"]}}],"collection":[{"href":"https:\/\/paulmelian.de\/blog\/index.php?rest_route=\/wp\/v2\/posts"}],"about":[{"href":"https:\/\/paulmelian.de\/blog\/index.php?rest_route=\/wp\/v2\/types\/post"}],"author":[{"embeddable":true,"href":"https:\/\/paulmelian.de\/blog\/index.php?rest_route=\/wp\/v2\/users\/1"}],"replies":[{"embeddable":true,"href":"https:\/\/paulmelian.de\/blog\/index.php?rest_route=%2Fwp%2Fv2%2Fcomments&post=21"}],"version-history":[{"count":0,"href":"https:\/\/paulmelian.de\/blog\/index.php?rest_route=\/wp\/v2\/posts\/21\/revisions"}],"wp:attachment":[{"href":"https:\/\/paulmelian.de\/blog\/index.php?rest_route=%2Fwp%2Fv2%2Fmedia&parent=21"}],"wp:term":[{"taxonomy":"category","embeddable":true,"href":"https:\/\/paulmelian.de\/blog\/index.php?rest_route=%2Fwp%2Fv2%2Fcategories&post=21"},{"taxonomy":"post_tag","embeddable":true,"href":"https:\/\/paulmelian.de\/blog\/index.php?rest_route=%2Fwp%2Fv2%2Ftags&post=21"}],"curies":[{"name":"wp","href":"https:\/\/api.w.org\/{rel}","templated":true}]}}