{"id":2125,"date":"2017-09-19T17:16:54","date_gmt":"2017-09-19T15:16:54","guid":{"rendered":"http:\/\/paulmelian.de\/blog\/?p=2125"},"modified":"2017-12-03T14:20:41","modified_gmt":"2017-12-03T12:20:41","slug":"patriotism-a-la-karl-kraus","status":"publish","type":"post","link":"https:\/\/paulmelian.de\/blog\/?p=2125","title":{"rendered":"Patriotism \u00e0 la Karl Kraus"},"content":{"rendered":"<p>Acest austriac original (ba chiar un pic excentric) <a href=\"https:\/\/de.wikiquote.org\/wiki\/Karl_Kraus\">ne spune<\/a>:<\/p>\n<blockquote><p><small>Toat\u0103 via\u0163a mi-a fost ru\u015fine c\u0103 sunt austriac \u015fi nu m-am ru\u015finat niciodat\u0103 de aceast\u0103 ru\u015fine, \u015ftiind c\u0103 ea este patriotismul mai bun.*<\/small><\/p><\/blockquote>\n<p><!--more--><\/p>\n<p>Aceast\u0103 dest\u0103inuire ne dezv\u0103luie mai multe adev\u0103ruri. M\u0103 rezum s\u0103 amintesc doar dou\u0103.<\/p>\n<p>Se pare c\u0103 tot ce este cu adev\u0103rat important pe lumea aceasta a fost deja spus (chiar \u015fi aceast\u0103 ultim\u0103 afirma\u0163ie), astfel \u00eenc\u00e2t am putea s\u0103 \u00eencet\u0103m a ne mai bate capul c\u0103ut\u00e2nd adev\u0103rul. Ar ajunge s\u0103 str\u00e2ngem un volum imens de citate.<\/p>\n<p>Bine\u00een\u0163eles c\u0103 rrom\u00e2nii, spre deosebire de austrieci, germani, francezi, englezi \u015fi al\u0163ii ca ei, nu au absolut nici un motiv s\u0103 se ru\u015fineze.<br \/>\nRrom\u00e2nul adev\u0103rrat va spune, deci, evit\u00e2nd orice nega\u0163ie:<\/p>\n<blockquote><p><small>Toat\u0103 via\u0163a m-am m\u00e2ndrrit c\u0103 sunt rrom\u00e2n \u015fi m-am m\u00e2ndrrit \u00eentotdeauna cu aceast\u0103 m\u00e2ndrrie, \u015ftiind c\u0103 ea este patrriotismul mai bun.<\/small><\/p><\/blockquote>\n<blockquote><p><small>* Ich habe mich mein Lebtag gesch\u00e4mt, ein \u00d6sterreicher zu sein, und nie mich dieser Scham gesch\u00e4mt, wissend, da\u00df sie der bessere Patriotismus sei.<\/small><\/p><\/blockquote>\n","protected":false},"excerpt":{"rendered":"<p>Acest austriac original (ba chiar un pic excentric) ne spune: Toat\u0103 via\u0163a mi-a fost ru\u015fine c\u0103 sunt austriac \u015fi nu m-am ru\u015finat niciodat\u0103 de aceast\u0103 ru\u015fine, \u015ftiind c\u0103 ea este patriotismul mai bun.*<\/p>\n","protected":false},"author":1,"featured_media":0,"comment_status":"open","ping_status":"open","sticky":false,"template":"","format":"standard","meta":{"ngg_post_thumbnail":0,"jetpack_post_was_ever_published":false,"_jetpack_newsletter_access":"","_jetpack_dont_email_post_to_subs":false,"_jetpack_newsletter_tier_id":0,"_jetpack_memberships_contains_paywalled_content":false,"_jetpack_memberships_contains_paid_content":false,"footnotes":"","jetpack_publicize_message":"","jetpack_publicize_feature_enabled":true,"jetpack_social_post_already_shared":false,"jetpack_social_options":{"image_generator_settings":{"template":"highway","default_image_id":0,"font":"","enabled":false},"version":2}},"categories":[2,8,9,14,1,16,17,19],"tags":[],"class_list":["post-2125","post","type-post","status-publish","format-standard","hentry","category-amintiri-din-germania","category-general","category-internautice","category-oameni","category-fara-categorie","category-platitudini","category-politica","category-romania-in-lume"],"jetpack_publicize_connections":[],"jetpack_featured_media_url":"","jetpack_sharing_enabled":true,"jetpack_shortlink":"https:\/\/wp.me\/p9mZDH-yh","jetpack_likes_enabled":true,"jetpack-related-posts":[{"id":1627,"url":"https:\/\/paulmelian.de\/blog\/?p=1627","url_meta":{"origin":2125,"position":0},"title":"Ru\u015fine, Germania!","author":"Mihai","date":"28 octombrie 2016","format":false,"excerpt":"Institu\u0163ia german\u0103 BKA (Bundeskriminalamt) este confruntat\u0103 recent cu o nou\u0103 pan\u0103 criminalistic\u0103, legat\u0103, \u015fi de data aceasta, de analizele ADN. \u00cen urm\u0103 cu c\u00e2\u0163iva ani buni, poli\u0163ia german\u0103 a v\u00e2nat vreme \u00eendelungat\u0103 un delincvent fantom\u0103, care ap\u0103rea \u00een cele mai diferite localit\u0103\u0163i din Europa \u015fi \u00een cele mai neverosimile situa\u0163ii.\u2026","rel":"","context":"\u00cen \u201eDeutsche Erinnerungen \/ Amintiri din Germania\u201d","block_context":{"text":"Deutsche Erinnerungen \/ Amintiri din Germania","link":"https:\/\/paulmelian.de\/blog\/?cat=2"},"img":{"alt_text":"","src":"","width":0,"height":0},"classes":[]},{"id":661,"url":"https:\/\/paulmelian.de\/blog\/?p=661","url_meta":{"origin":2125,"position":1},"title":"Guzganian salvat","author":"Mihai","date":"13 februarie 2015","format":false,"excerpt":"A\u015fa dup\u0103 cum era de a\u015fteptat, senatul a votat \u00eempotriva ridic\u0103rii imunit\u0103\u0163ii lui Varujan Vosganian. Adic\u0103, dup\u0103 opinia acestui \u00eenalt for de borfa\u015fi, n-ar exista nici un fel de fapte noi la dosar, iar cele cunoscute ar fi mizilicuri. Cum ar fi de exemplu interven\u0163ia d-lui Vosganian pe l\u00e2ng\u0103 Guvernul\u2026","rel":"","context":"\u00cen \u201eGeneral\u201d","block_context":{"text":"General","link":"https:\/\/paulmelian.de\/blog\/?cat=8"},"img":{"alt_text":"","src":"","width":0,"height":0},"classes":[]},{"id":790,"url":"https:\/\/paulmelian.de\/blog\/?p=790","url_meta":{"origin":2125,"position":2},"title":"Mar\u0163ea neagr\u0103","author":"Mihai","date":"3 martie 2015","format":false,"excerpt":"\u0102sta nu mai d\u0103 ortul popii. Sau chiar dac\u0103 \u00eel d\u0103, r\u00e2njetul s\u0103u ne va \u00eenso\u0163i \u015fi dup\u0103 aceea, ziua \u015fi noaptea, asemeni celui al pisicii de Cheshire din cartea lui Lewis Carroll... Actualizare 09.03.15 ICCJ hot\u0103r\u0103\u015fte azi redeschiderea dosarului primei mineriade. Ion Iliescu declarase recent c\u0103 el nu a\u2026","rel":"","context":"\u00cen \u201eGeneral\u201d","block_context":{"text":"General","link":"https:\/\/paulmelian.de\/blog\/?cat=8"},"img":{"alt_text":"image-2010-03-6-6997254-41-pisica-cheshire-3d","src":"https:\/\/i0.wp.com\/paulmelian.de\/blog\/wp-content\/uploads\/2015\/03\/image-2010-03-6-6997254-41-pisica-cheshire-3d1-300x218.jpg?resize=350%2C200","width":350,"height":200},"classes":[]},{"id":6689,"url":"https:\/\/paulmelian.de\/blog\/?p=6689","url_meta":{"origin":2125,"position":3},"title":"The Blue Marble","author":"Mihai","date":"9 februarie 2024","format":false,"excerpt":"Prin anii 90, c\u00e2nd a fost descoperit\u0103 prima exoplanet\u0103, formula lui Drake, care emite preten\u0163ia c\u0103 poate calcula num\u0103rul de civiliza\u0163ii extraterestre din univers, era deja de mult cunoscut\u0103. C\u00e2nd autorul ei, astrofizicianul american Frank Drake, a prezentat-o \u00een 1961, inten\u0163ia sa a fost mai degrab\u0103 de a ini\u0163ia o\u2026","rel":"","context":"\u00cen \u201eGeneral\u201d","block_context":{"text":"General","link":"https:\/\/paulmelian.de\/blog\/?cat=8"},"img":{"alt_text":"","src":"https:\/\/i0.wp.com\/paulmelian.de\/blog\/wp-content\/uploads\/2024\/02\/Blue-Marble-300x300.jpg?resize=350%2C200&ssl=1","width":350,"height":200},"classes":[]},{"id":1162,"url":"https:\/\/paulmelian.de\/blog\/?p=1162","url_meta":{"origin":2125,"position":4},"title":"Considera\u0163ii interculturale","author":"Mihai","date":"10 septembrie 2015","format":false,"excerpt":"\u00cen Germania, mi\u015fcarea ecologist\u0103 a influen\u0163at p\u00e2n\u0103 \u015fi aspectul ma\u015finilor. \u00cen dorin\u0163a de a-\u015fi \"personaliza\" vehiculul \u015fi de a-\u015fi demonstra opiniile proprii, neam\u0163ul a recurs adesea la stick-ul sau ab\u0163ibildul auto. Una din formele de manifestare a personalit\u0103\u0163ii posesorului ma\u015finii a fost dezv\u0103luirea motivelor pentru care el fr\u00e2neaz\u0103... sau nu\u2026","rel":"","context":"\u00cen \u201eDeutsche Erinnerungen \/ Amintiri din Germania\u201d","block_context":{"text":"Deutsche Erinnerungen \/ Amintiri din Germania","link":"https:\/\/paulmelian.de\/blog\/?cat=2"},"img":{"alt_text":"","src":"","width":0,"height":0},"classes":[]},{"id":129,"url":"https:\/\/paulmelian.de\/blog\/?p=129","url_meta":{"origin":2125,"position":5},"title":"Cum ne facem \u0163ara de r\u00e2sFifty ways to live Yourope","author":"Mihai","date":"2 martie 2013","format":false,"excerpt":"\u00cencep cu \u201cbagatele\u201d. La Aeroportul International de la Cluj, dup\u0103 ce te-ai dezbr\u0103cat p\u00e2n\u0103 la c\u0103ma\u015f\u0103, \u0163i-ai scos centura \u015fi \u0163i-ai golit buzunarele, mai trebuie adesea s\u0103 te \u015fi descal\u0163i. \u00cen acest caz, umbli cu picioarele goale prin mizeria de pe jos, deoarece automatul care debiteaz\u0103 boto\u015feii de plastic \u00ee\u0163i\u2026","rel":"","context":"\u00cen \u201eGeneral\u201d","block_context":{"text":"General","link":"https:\/\/paulmelian.de\/blog\/?cat=8"},"img":{"alt_text":"","src":"","width":0,"height":0},"classes":[]}],"post_mailing_queue_ids":[],"_links":{"self":[{"href":"https:\/\/paulmelian.de\/blog\/index.php?rest_route=\/wp\/v2\/posts\/2125","targetHints":{"allow":["GET"]}}],"collection":[{"href":"https:\/\/paulmelian.de\/blog\/index.php?rest_route=\/wp\/v2\/posts"}],"about":[{"href":"https:\/\/paulmelian.de\/blog\/index.php?rest_route=\/wp\/v2\/types\/post"}],"author":[{"embeddable":true,"href":"https:\/\/paulmelian.de\/blog\/index.php?rest_route=\/wp\/v2\/users\/1"}],"replies":[{"embeddable":true,"href":"https:\/\/paulmelian.de\/blog\/index.php?rest_route=%2Fwp%2Fv2%2Fcomments&post=2125"}],"version-history":[{"count":19,"href":"https:\/\/paulmelian.de\/blog\/index.php?rest_route=\/wp\/v2\/posts\/2125\/revisions"}],"predecessor-version":[{"id":2373,"href":"https:\/\/paulmelian.de\/blog\/index.php?rest_route=\/wp\/v2\/posts\/2125\/revisions\/2373"}],"wp:attachment":[{"href":"https:\/\/paulmelian.de\/blog\/index.php?rest_route=%2Fwp%2Fv2%2Fmedia&parent=2125"}],"wp:term":[{"taxonomy":"category","embeddable":true,"href":"https:\/\/paulmelian.de\/blog\/index.php?rest_route=%2Fwp%2Fv2%2Fcategories&post=2125"},{"taxonomy":"post_tag","embeddable":true,"href":"https:\/\/paulmelian.de\/blog\/index.php?rest_route=%2Fwp%2Fv2%2Ftags&post=2125"}],"curies":[{"name":"wp","href":"https:\/\/api.w.org\/{rel}","templated":true}]}}