{"id":2163,"date":"2017-10-09T11:17:56","date_gmt":"2017-10-09T09:17:56","guid":{"rendered":"http:\/\/paulmelian.de\/blog\/?p=2163"},"modified":"2017-10-19T07:04:42","modified_gmt":"2017-10-19T05:04:42","slug":"america-first","status":"publish","type":"post","link":"https:\/\/paulmelian.de\/blog\/?p=2163","title":{"rendered":"America first!"},"content":{"rendered":"<p>\u00cen SUA, aplicarea principiului &#8222;America first&#8221; a primit de cur\u00e2nd o nou\u0103 dimensiune. Se pare c\u0103 americanii&nbsp; s-au s\u0103turat s\u0103 tot importe terorism \u015fi au hot\u0103r\u00e2t s\u0103 promoveze terorismul autohton, inten\u0163ie care sprijin\u0103, printre altele, industria produc\u0103toare de armament \u015fi firmele de pompe funebre.<\/p>\n<p>(Dac\u0103 nu \u015ftia\u0163i, \u00een SUA mor anual 30.000 de oameni din cauza armelor de foc care se g\u0103sesc cam \u00een fiecare a doua gospod\u0103rie. Asta \u00eenseamn\u0103 c\u0103 America \u00ee\u015fi permite cam 10 &#8222;nine eleven&#8221; pe an din resurse proprii, f\u0103r\u0103 ajutorul unor terori\u015fti str\u0103ini.)<\/p>\n<p>\u00cen acela\u015fi spirit, Trump, s\u0103tul de schimbul infantil de replici cu dictatorul nord-coreean, a \u00eenceput s\u0103 profereze invective \u015fi la adresa unor politicieni americani, ba chiar din propriul partid, pentru a nu priva America de propria genialitate.<!--more--><\/p>\n<p>Iat\u0103 un <a href=\"https:\/\/twitter.com\/SenBobCorker\/status\/917045348820049920\">r\u0103spuns<\/a> pe m\u0103sur\u0103:<\/p>\n<blockquote><p><small>It&#8217;s a shame the White House has become an adult day care center. Someone obviously missed their shift this morning.<\/small><\/p><\/blockquote>\n<p>&nbsp;<br \/>\n\u015fi un comentariu foarte semnificativ la acest r\u0103spuns:<\/p>\n<blockquote class=\"twitter-tweet\" data-lang=\"de\">\n<p lang=\"und\" dir=\"ltr\"> <a href=\"https:\/\/t.co\/t3F0ArWji6\">pic.twitter.com\/t3F0ArWji6<\/a><\/p>\n<p>&mdash; Impeach Donald Trump (@Impeach_D_Trump) <a href=\"https:\/\/twitter.com\/Impeach_D_Trump\/status\/917076476415172609?ref_src=twsrc%5Etfw\">8. Oktober 2017<\/a><\/p><\/blockquote>\n<p><script async src=\"\/\/platform.twitter.com\/widgets.js\" charset=\"utf-8\"><\/script><\/p>\n","protected":false},"excerpt":{"rendered":"<p>\u00cen SUA, aplicarea principiului &#8222;America first&#8221; a primit de cur\u00e2nd o nou\u0103 dimensiune. Se pare c\u0103 americanii&nbsp; s-au s\u0103turat s\u0103 tot importe terorism \u015fi au hot\u0103r\u00e2t s\u0103 promoveze terorismul autohton, inten\u0163ie care sprijin\u0103, printre altele, industria produc\u0103toare de armament \u015fi &hellip; <a href=\"https:\/\/paulmelian.de\/blog\/?p=2163\">Continu\u0103 s\u0103 cite\u0219ti <span class=\"meta-nav\">&rarr;<\/span><\/a><\/p>\n","protected":false},"author":1,"featured_media":0,"comment_status":"open","ping_status":"open","sticky":false,"template":"","format":"standard","meta":{"ngg_post_thumbnail":0,"jetpack_post_was_ever_published":false,"_jetpack_newsletter_access":"","_jetpack_dont_email_post_to_subs":false,"_jetpack_newsletter_tier_id":0,"_jetpack_memberships_contains_paywalled_content":false,"_jetpack_memberships_contains_paid_content":false,"footnotes":"","jetpack_publicize_message":"","jetpack_publicize_feature_enabled":true,"jetpack_social_post_already_shared":false,"jetpack_social_options":{"image_generator_settings":{"template":"highway","default_image_id":0,"font":"","enabled":false},"version":2}},"categories":[8,9,6,14,12,17],"tags":[],"class_list":["post-2163","post","type-post","status-publish","format-standard","hentry","category-general","category-internautice","category-borituri","category-oameni","category-minormitati","category-politica"],"jetpack_publicize_connections":[],"jetpack_featured_media_url":"","jetpack_sharing_enabled":true,"jetpack_shortlink":"https:\/\/wp.me\/p9mZDH-yT","jetpack_likes_enabled":true,"jetpack-related-posts":[{"id":4503,"url":"https:\/\/paulmelian.de\/blog\/?p=4503","url_meta":{"origin":2163,"position":0},"title":"&#8222;Igienizare&#8221;","author":"Mihai","date":"6 aprilie 2020","format":false,"excerpt":"Un nou incendiu de p\u0103dure provocat de ac\u0163iunile unor descreiera\u0163i, adic\u0103 incendierea de miri\u015fti sau p\u0103\u015funi uscate, ac\u0163iuni considerate de AGERPRES ca fiind de \"igienizare\". Nu ne \u00eenc\u0103lze\u015fte deloc faptul c\u0103 \u015fi a\u015fa-zi\u015fii \u0163\u0103rani din Ucraina, care au aprins din motive asem\u0103n\u0103toare p\u0103durea de l\u00e2ng\u0103 Cernob\u00eel*, au cam la fel\u2026","rel":"","context":"\u00cen \u201eGeneral\u201d","block_context":{"text":"General","link":"https:\/\/paulmelian.de\/blog\/?cat=8"},"img":{"alt_text":"","src":"https:\/\/i0.wp.com\/paulmelian.de\/blog\/wp-content\/uploads\/2019\/03\/incendiu_miriste-150x150.jpeg?resize=350%2C200","width":350,"height":200},"classes":[]},{"id":6538,"url":"https:\/\/paulmelian.de\/blog\/?p=6538","url_meta":{"origin":2163,"position":1},"title":"Un nivel intelectual pe potriv\u0103","author":"Mihai","date":"9 septembrie 2023","format":false,"excerpt":"Paul Drago\u015f Aligic\u0103 (numit de mine Alergic\u0103) devine de-a dreptul isteric \u015fi uit\u0103 de principiul care i-a adus porecla de aluzionist, adic\u0103 acela de a evita cu orice pre\u0163 s\u0103 spun\u0103 lucrurilor pe nume. (Principiu care i-a adus o oarecare notorietate, cei care nu-l \u00een\u0163elegeau \u015fi, din acest motiv, \u00eel\u2026","rel":"","context":"\u00cen \u201eGeneral\u201d","block_context":{"text":"General","link":"https:\/\/paulmelian.de\/blog\/?cat=8"},"img":{"alt_text":"","src":"https:\/\/i0.wp.com\/paulmelian.de\/blog\/wp-content\/uploads\/2017\/12\/Cap-de-lemn-225x300.jpg?resize=350%2C200&ssl=1","width":350,"height":200},"classes":[]},{"id":2652,"url":"https:\/\/paulmelian.de\/blog\/?p=2652","url_meta":{"origin":2163,"position":2},"title":"Natura femeii explicat\u0103 pe \u00een\u0163elesul unui b\u0103rbat","author":"Mihai","date":"27 ianuarie 2018","format":false,"excerpt":"De cur\u00e2nd, am fost din nou for\u0163at s\u0103 reflectez asupra misoginiei, a imaginii femeii \u00een societate \u015fi a situa\u0163iei \u00een care se afl\u0103 emanciparea femeii la noi \u00een \u0163ar\u0103, printr-o imagine g\u0103sit\u0103 pe site-ul \u015ei noi suntem familie. Aceast\u0103 imagine mi-a trezit amintirea unei c\u0103r\u0163i \u00een limba german\u0103 pe care\u2026","rel":"","context":"\u00cen \u201eAntifeminismus \/ Antifeminism\u201d","block_context":{"text":"Antifeminismus \/ Antifeminism","link":"https:\/\/paulmelian.de\/blog\/?cat=4"},"img":{"alt_text":"","src":"https:\/\/i0.wp.com\/paulmelian.de\/blog\/wp-content\/uploads\/2018\/01\/Bastovoi-Goltz-300x225.jpg?resize=350%2C200","width":350,"height":200},"classes":[]},{"id":44,"url":"https:\/\/paulmelian.de\/blog\/?p=44","url_meta":{"origin":2163,"position":3},"title":"Herta M\u00fcller la Graz, 13.01.2010","author":"Mihai","date":"24 ianuarie 2010","format":false,"excerpt":"La 13 ianuarie, a\u015ftept\u00e2nd \u00eembarcarea \u00een avionul M\u00fcnchen-Graz, am v\u0103zut-o pe Herta M\u00fcller. Era, \u00een orice caz, cineva care \u00eei sem\u0103na foarte mult, o doamn\u0103 de vreo 50 de ani, scund\u0103, zvelt\u0103, brunet\u0103, cu o frizur\u0103 aparte \u015fi cu nas acvilin. Era \u00eenso\u0163it\u0103 de un b\u0103rbat cu vreo zece ani\u2026","rel":"","context":"\u00cen \u201eMenschen \/ Oameni\u201d","block_context":{"text":"Menschen \/ Oameni","link":"https:\/\/paulmelian.de\/blog\/?cat=14"},"img":{"alt_text":"","src":"","width":0,"height":0},"classes":[]},{"id":2422,"url":"https:\/\/paulmelian.de\/blog\/?p=2422","url_meta":{"origin":2163,"position":4},"title":"Intelectualit\u0103\u0163i de vaze","author":"Mihai","date":"13 decembrie 2017","format":false,"excerpt":"Acu\u2019 vreo c\u00e2teva zile m-am \u00eempiedicat din nou de o elucubra\u0163ie de tip facebook a lui Drago\u015f Paul Aligic\u0103, pe care \u00ceLD o ridic\u0103, ca \u015fi pe majoritatea celor ale lui Adrian Papahagi (nu v\u0103 speria\u0163i, n-am s\u0103 m\u0103 mai ocup, a\u015fa cum am promis, de el!), la nivel de\u2026","rel":"","context":"\u00cen \u201eGeneral\u201d","block_context":{"text":"General","link":"https:\/\/paulmelian.de\/blog\/?cat=8"},"img":{"alt_text":"","src":"","width":0,"height":0},"classes":[]},{"id":5368,"url":"https:\/\/paulmelian.de\/blog\/?p=5368","url_meta":{"origin":2163,"position":5},"title":"P\u0103m\u00e2nt p\u00e2rjolit","author":"Mihai","date":"17 noiembrie 2020","format":false,"excerpt":"Dup\u0103 ce a aruncat Siria \u00een haos, Donald Trump anun\u0163\u0103 retragerea trupelor americane din Afganistan, lucru care ar afecta grav nu numai siguran\u0163a popula\u0163iei autohtone, dar \u015fi pe cea a partenerilor NATO care sunt prezen\u0163i aici. \u00cen afar\u0103 de asta, nume\u015fte judec\u0103tori conservatori pe unde apuc\u0103, \u00eei demite pe Ministrul\u2026","rel":"","context":"\u00cen \u201eGeneral\u201d","block_context":{"text":"General","link":"https:\/\/paulmelian.de\/blog\/?cat=8"},"img":{"alt_text":"","src":"https:\/\/i0.wp.com\/paulmelian.de\/blog\/wp-content\/uploads\/2020\/11\/Verbrannte-Erde-300x169.jpg?resize=350%2C200","width":350,"height":200},"classes":[]}],"post_mailing_queue_ids":[],"_links":{"self":[{"href":"https:\/\/paulmelian.de\/blog\/index.php?rest_route=\/wp\/v2\/posts\/2163","targetHints":{"allow":["GET"]}}],"collection":[{"href":"https:\/\/paulmelian.de\/blog\/index.php?rest_route=\/wp\/v2\/posts"}],"about":[{"href":"https:\/\/paulmelian.de\/blog\/index.php?rest_route=\/wp\/v2\/types\/post"}],"author":[{"embeddable":true,"href":"https:\/\/paulmelian.de\/blog\/index.php?rest_route=\/wp\/v2\/users\/1"}],"replies":[{"embeddable":true,"href":"https:\/\/paulmelian.de\/blog\/index.php?rest_route=%2Fwp%2Fv2%2Fcomments&post=2163"}],"version-history":[{"count":8,"href":"https:\/\/paulmelian.de\/blog\/index.php?rest_route=\/wp\/v2\/posts\/2163\/revisions"}],"predecessor-version":[{"id":2177,"href":"https:\/\/paulmelian.de\/blog\/index.php?rest_route=\/wp\/v2\/posts\/2163\/revisions\/2177"}],"wp:attachment":[{"href":"https:\/\/paulmelian.de\/blog\/index.php?rest_route=%2Fwp%2Fv2%2Fmedia&parent=2163"}],"wp:term":[{"taxonomy":"category","embeddable":true,"href":"https:\/\/paulmelian.de\/blog\/index.php?rest_route=%2Fwp%2Fv2%2Fcategories&post=2163"},{"taxonomy":"post_tag","embeddable":true,"href":"https:\/\/paulmelian.de\/blog\/index.php?rest_route=%2Fwp%2Fv2%2Ftags&post=2163"}],"curies":[{"name":"wp","href":"https:\/\/api.w.org\/{rel}","templated":true}]}}