{"id":2222,"date":"2017-11-11T09:20:37","date_gmt":"2017-11-11T07:20:37","guid":{"rendered":"http:\/\/paulmelian.de\/blog\/?p=2222"},"modified":"2017-11-12T08:46:10","modified_gmt":"2017-11-12T06:46:10","slug":"pluralis-tampeniae-2","status":"publish","type":"post","link":"https:\/\/paulmelian.de\/blog\/?p=2222","title":{"rendered":"Pluralis tampeniae (2)"},"content":{"rendered":"<p>Fenomenul descris \u00een titlu m-a enervat <a href=\"http:\/\/paulmelian.de\/blog\/?p=21\">deja<\/a> acu&#8217; vreo c\u00e2\u0163iva ani\u015fori. Amploarea sa cre\u015fte \u00eens\u0103 continuu, a\u015fa c\u0103 a venit timpul s\u0103 m\u0103 enervez din nou.<br \/>\nBr\u00e2nza de &#8222;vaci&#8221;, denumire inventat\u0103 de vreun magazioner agramat \u00eenc\u0103 de pe vremea comuni\u015ftilor, a devenit \u00eentre timp cea mai r\u0103sp\u00e2ndit\u0103 variant\u0103.<br \/>\nDespre &#8222;politici&#8221; nici nu mai vorbesc, o politic\u0103 nu vine niciodat\u0103 singur\u0103&#8230;<br \/>\nIat\u0103 c\u0103 acum \u00eencep s\u0103 se r\u0103sp\u00e2ndeasc\u0103 \u00een \u0163ar\u0103 \u015fi <a href=\"http:\/\/stiri.tvr.ro\/val-de-infectii-respiratorii-si-pneumonii-in-intreaga-tara_824575.html#view\">pneumoniile<\/a>. Gripele vor urma \u015fi ele \u00een cur\u00e2nduri.<\/p>\n<p>PS<br \/>\nCiumele au ap\u0103rut deja, \u00een Parlament \u015fi Senat. (Doamne fere\u015fte, ce m-o fi apucat s\u0103 scriu parlament \u015fi senat cu majuscule?)<\/p>\n","protected":false},"excerpt":{"rendered":"<p>Fenomenul descris \u00een titlu m-a enervat deja acu&#8217; vreo c\u00e2\u0163iva ani\u015fori. Amploarea sa cre\u015fte \u00eens\u0103 continuu, a\u015fa c\u0103 a venit timpul s\u0103 m\u0103 enervez din nou. Br\u00e2nza de &#8222;vaci&#8221;, denumire inventat\u0103 de vreun magazioner agramat \u00eenc\u0103 de pe vremea comuni\u015ftilor, &hellip; <a href=\"https:\/\/paulmelian.de\/blog\/?p=2222\">Continu\u0103 s\u0103 cite\u0219ti <span class=\"meta-nav\">&rarr;<\/span><\/a><\/p>\n","protected":false},"author":1,"featured_media":0,"comment_status":"open","ping_status":"open","sticky":false,"template":"","format":"standard","meta":{"ngg_post_thumbnail":0,"jetpack_post_was_ever_published":false,"_jetpack_newsletter_access":"","_jetpack_dont_email_post_to_subs":false,"_jetpack_newsletter_tier_id":0,"_jetpack_memberships_contains_paywalled_content":false,"_jetpack_memberships_contains_paid_content":false,"footnotes":"","jetpack_publicize_message":"","jetpack_publicize_feature_enabled":true,"jetpack_social_post_already_shared":false,"jetpack_social_options":{"image_generator_settings":{"template":"highway","default_image_id":0,"font":"","enabled":false},"version":2}},"categories":[8,9,6,10,14,17],"tags":[],"class_list":["post-2222","post","type-post","status-publish","format-standard","hentry","category-general","category-internautice","category-borituri","category-invatati-dracului-romaneste","category-oameni","category-politica"],"jetpack_publicize_connections":[],"jetpack_featured_media_url":"","jetpack_sharing_enabled":true,"jetpack_shortlink":"https:\/\/wp.me\/p9mZDH-zQ","jetpack_likes_enabled":true,"jetpack-related-posts":[{"id":2004,"url":"https:\/\/paulmelian.de\/blog\/?p=2004","url_meta":{"origin":2222,"position":0},"title":"Reformarea puterii legislative din Rom\u00e2nia","author":"Mihai","date":"12 mai 2017","format":false,"excerpt":"Agerpres ne aduce la cuno\u015ftin\u0163\u0103 c\u0103 150 de elevi \u0219i studen\u021bi tocmai \u00eenva\u021b\u0103 \u00een Parlament cum s\u0103 scrie \u0219i s\u0103 modifice un proiect legislativ. P\u0103rerea mea este c\u0103 acest\u0103 ini\u0163iativ\u0103, cu toate c\u0103 este l\u0103udabil\u0103, nu este suficient\u0103 pentru a r\u00e2ni \u015fi arunca dracului afar\u0103 gunoaiele din Parlament \u015fi Senat.\u2026","rel":"","context":"\u00cen \u201eGeneral\u201d","block_context":{"text":"General","link":"https:\/\/paulmelian.de\/blog\/?cat=8"},"img":{"alt_text":"","src":"","width":0,"height":0},"classes":[]},{"id":3867,"url":"https:\/\/paulmelian.de\/blog\/?p=3867","url_meta":{"origin":2222,"position":1},"title":"Istoria se repet\u0103","author":"Mihai","date":"15 octombrie 2019","format":false,"excerpt":"Exist\u0103 toate \u015fansele ca Pre\u015fedintele Iohannis s\u0103 calce din nou \u00een strachin\u0103 (la fel ca dup\u0103 \"c\u0103derea\" guvernului Ponta), dac\u0103 nu cumva a \u015fi f\u0103cut-o deja. \u015ei azi exist\u0103 aceea\u015fi urgen\u0163\u0103 politic\u0103 major\u0103 ca atunci: ALEGERI ANTICIPATE C\u00c2T MAI CUR\u00c2ND. Orice altceva va duce la falimentul unui guvern care are\u2026","rel":"","context":"\u00cen \u201eGeneral\u201d","block_context":{"text":"General","link":"https:\/\/paulmelian.de\/blog\/?cat=8"},"img":{"alt_text":"","src":"https:\/\/i0.wp.com\/paulmelian.de\/blog\/wp-content\/uploads\/2019\/10\/Hornochse-300x210.jpg?resize=350%2C200","width":350,"height":200},"classes":[]},{"id":1894,"url":"https:\/\/paulmelian.de\/blog\/?p=1894","url_meta":{"origin":2222,"position":2},"title":"Pe Dragnea l-a lovit amocul","author":"Mihai","date":"24 ianuarie 2017","format":false,"excerpt":"Nu m\u0103 refer prin asta doar la reac\u0163ia sa \u00een privin\u0163a manifesta\u0163iilor recente (de\u015fi asta ar fi deajuns ca s\u0103-mi dea dreptate), ci la toate aspectele patologice ale personalit\u0103\u0163ii sale. Nu sunt psihiatru, dar mi se pare c\u0103, pe l\u00e2ng\u0103 componentele de narcisism \u015fi grandomanie, \u00een cazul s\u0103u poate fi\u2026","rel":"","context":"\u00cen \u201eGeneral\u201d","block_context":{"text":"General","link":"https:\/\/paulmelian.de\/blog\/?cat=8"},"img":{"alt_text":"","src":"","width":0,"height":0},"classes":[]},{"id":148,"url":"https:\/\/paulmelian.de\/blog\/?p=148","url_meta":{"origin":2222,"position":3},"title":"Bu\u015fculad\u0103","author":"Mihai","date":"14 noiembrie 2013","format":false,"excerpt":"Ca\u0163avencul Doru Bu\u015fcu spune lucruriloroamenilor pe nume: \u00cei nume\u015fte pe domnii Geoan\u0103, V\u00e2ntu, Voiculescu, Ponta, Antonescu \u015fi Ro\u015fca St\u0103nescu (ca de altfel \u015fi pe to\u0163i aleg\u0103torii, care prin sufragiul lor nu au reu\u015fit s\u0103-l debarce pe B\u0103sescu de la Pre\u015fedin\u0163ie) \"idio\u0163i\". Sunt de acord cu acest calificativ, dar nu cu\u2026","rel":"","context":"\u00cen \u201eGeneral\u201d","block_context":{"text":"General","link":"https:\/\/paulmelian.de\/blog\/?cat=8"},"img":{"alt_text":"","src":"","width":0,"height":0},"classes":[]},{"id":992,"url":"https:\/\/paulmelian.de\/blog\/?p=992","url_meta":{"origin":2222,"position":4},"title":"Nu m\u0103 pot ab\u0163ine","author":"Mihai","date":"7 iunie 2015","format":false,"excerpt":"Poate v\u0103 mai aminti\u0163i de campania electoral\u0103 din 2012 \u015fi de postarea mea Frunz\u0103 verde maz\u0103re. Propagandi\u015ftii electorali ai USL, care invadau satele ca un stol de l\u0103custe, erau acompania\u0163i de un c\u00e2ntecel pe muzica din \"Zece negri mititei\", care se rev\u0103rsa din megafoane: La Palatul Cotroceni C\u00e2nt\u0103 cucuveaua C\u0103\u2026","rel":"","context":"\u00cen \u201eGeneral\u201d","block_context":{"text":"General","link":"https:\/\/paulmelian.de\/blog\/?cat=8"},"img":{"alt_text":"","src":"","width":0,"height":0},"classes":[]},{"id":2237,"url":"https:\/\/paulmelian.de\/blog\/?p=2237","url_meta":{"origin":2222,"position":5},"title":"Nout\u0103\u0163i climatice","author":"Mihai","date":"13 noiembrie 2017","format":false,"excerpt":"M-am ocupat deja de c\u00e2teva ori (1 ; 2 ) cu aceast\u0103 tem\u0103. Marii speciali\u015fti \u00een climatologie de pe platforma \u00ceLD, Emil Borcean \u015fi Costin Andrie\u015f \u00eencercau s\u0103 m\u0103 conving\u0103 \u00een 2014 c\u0103 tendin\u0163a de \u00eenc\u0103lzire global\u0103 s-a diminuat semnificativ \u00een ultimii ani, lucru care ar dovedi f\u0103r\u0103 nici un\u2026","rel":"","context":"\u00cen \u201eGeneral\u201d","block_context":{"text":"General","link":"https:\/\/paulmelian.de\/blog\/?cat=8"},"img":{"alt_text":"","src":"https:\/\/i0.wp.com\/paulmelian.de\/blog\/wp-content\/uploads\/2017\/11\/GlobalTemp.png?resize=350%2C200","width":350,"height":200},"classes":[]}],"post_mailing_queue_ids":[],"_links":{"self":[{"href":"https:\/\/paulmelian.de\/blog\/index.php?rest_route=\/wp\/v2\/posts\/2222","targetHints":{"allow":["GET"]}}],"collection":[{"href":"https:\/\/paulmelian.de\/blog\/index.php?rest_route=\/wp\/v2\/posts"}],"about":[{"href":"https:\/\/paulmelian.de\/blog\/index.php?rest_route=\/wp\/v2\/types\/post"}],"author":[{"embeddable":true,"href":"https:\/\/paulmelian.de\/blog\/index.php?rest_route=\/wp\/v2\/users\/1"}],"replies":[{"embeddable":true,"href":"https:\/\/paulmelian.de\/blog\/index.php?rest_route=%2Fwp%2Fv2%2Fcomments&post=2222"}],"version-history":[{"count":7,"href":"https:\/\/paulmelian.de\/blog\/index.php?rest_route=\/wp\/v2\/posts\/2222\/revisions"}],"predecessor-version":[{"id":2232,"href":"https:\/\/paulmelian.de\/blog\/index.php?rest_route=\/wp\/v2\/posts\/2222\/revisions\/2232"}],"wp:attachment":[{"href":"https:\/\/paulmelian.de\/blog\/index.php?rest_route=%2Fwp%2Fv2%2Fmedia&parent=2222"}],"wp:term":[{"taxonomy":"category","embeddable":true,"href":"https:\/\/paulmelian.de\/blog\/index.php?rest_route=%2Fwp%2Fv2%2Fcategories&post=2222"},{"taxonomy":"post_tag","embeddable":true,"href":"https:\/\/paulmelian.de\/blog\/index.php?rest_route=%2Fwp%2Fv2%2Ftags&post=2222"}],"curies":[{"name":"wp","href":"https:\/\/api.w.org\/{rel}","templated":true}]}}