{"id":2330,"date":"2017-11-29T19:09:31","date_gmt":"2017-11-29T17:09:31","guid":{"rendered":"http:\/\/paulmelian.de\/blog\/?p=2330"},"modified":"2019-03-25T18:30:05","modified_gmt":"2019-03-25T16:30:05","slug":"seara-se-numara-sicriele","status":"publish","type":"post","link":"https:\/\/paulmelian.de\/blog\/?p=2330","title":{"rendered":"Seara se num\u0103r\u0103 sicriele&#8230;"},"content":{"rendered":"<p>Trec\u00e2nd azi cu ma\u015fina pe l\u00e2ng\u0103 Cimitirul Central din Cluj, mi-a s\u0103rit \u00een ochi un microbuz care ar\u0103ta cam a\u015fa:<\/p>\n<p><a href=\"https:\/\/i0.wp.com\/paulmelian.de\/blog\/wp-content\/uploads\/2017\/11\/carpe_diem_8_0.jpg\"><img data-recalc-dims=\"1\" loading=\"lazy\" decoding=\"async\" data-attachment-id=\"2332\" data-permalink=\"https:\/\/paulmelian.de\/blog\/?attachment_id=2332\" data-orig-file=\"https:\/\/i0.wp.com\/paulmelian.de\/blog\/wp-content\/uploads\/2017\/11\/carpe_diem_8_0.jpg?fit=900%2C600&amp;ssl=1\" data-orig-size=\"900,600\" data-comments-opened=\"1\" data-image-meta=\"{&quot;aperture&quot;:&quot;0&quot;,&quot;credit&quot;:&quot;&quot;,&quot;camera&quot;:&quot;&quot;,&quot;caption&quot;:&quot;&quot;,&quot;created_timestamp&quot;:&quot;0&quot;,&quot;copyright&quot;:&quot;&quot;,&quot;focal_length&quot;:&quot;0&quot;,&quot;iso&quot;:&quot;0&quot;,&quot;shutter_speed&quot;:&quot;0&quot;,&quot;title&quot;:&quot;&quot;,&quot;orientation&quot;:&quot;0&quot;}\" data-image-title=\"carpe_diem_8_0\" data-image-description=\"\" data-image-caption=\"\" data-large-file=\"https:\/\/i0.wp.com\/paulmelian.de\/blog\/wp-content\/uploads\/2017\/11\/carpe_diem_8_0.jpg?fit=640%2C427&amp;ssl=1\" class=\"aligncenter size-medium wp-image-2332\" src=\"https:\/\/i0.wp.com\/paulmelian.de\/blog\/wp-content\/uploads\/2017\/11\/carpe_diem_8_0-300x200.jpg?resize=300%2C200\" alt=\"\" width=\"300\" height=\"200\" srcset=\"https:\/\/i0.wp.com\/paulmelian.de\/blog\/wp-content\/uploads\/2017\/11\/carpe_diem_8_0.jpg?resize=300%2C200&amp;ssl=1 300w, https:\/\/i0.wp.com\/paulmelian.de\/blog\/wp-content\/uploads\/2017\/11\/carpe_diem_8_0.jpg?resize=768%2C512&amp;ssl=1 768w, https:\/\/i0.wp.com\/paulmelian.de\/blog\/wp-content\/uploads\/2017\/11\/carpe_diem_8_0.jpg?w=900&amp;ssl=1 900w\" sizes=\"auto, (max-width: 300px) 100vw, 300px\" \/><\/a><\/p>\n<p>Nu v\u0103 \u00eengrijora\u0163i pentru legalitatea public\u0103rii, fotografia nu-mi apar\u0163ine, ci o datorez <a href=\"https:\/\/www.ziardecluj.ro\/nona-bidianu-administratorul-firmei-de-servicii-funerare-carpe-diem-un-charon-modern-sunt-un-om-absolut-normal-nu-banal-dar-normal\">Ziarului de Cluj<\/a>, care scrie deosebit de elogios despre \u015fefa \u00eentreprinderii, vajnica d-n\u0103 Nona Bidianu*:<\/p>\n<p><a href=\"https:\/\/i0.wp.com\/paulmelian.de\/blog\/wp-content\/uploads\/2017\/11\/carpe_diem_9_0.jpg\"><img data-recalc-dims=\"1\" loading=\"lazy\" decoding=\"async\" data-attachment-id=\"2333\" data-permalink=\"https:\/\/paulmelian.de\/blog\/?attachment_id=2333\" data-orig-file=\"https:\/\/i0.wp.com\/paulmelian.de\/blog\/wp-content\/uploads\/2017\/11\/carpe_diem_9_0.jpg?fit=900%2C600&amp;ssl=1\" data-orig-size=\"900,600\" data-comments-opened=\"1\" data-image-meta=\"{&quot;aperture&quot;:&quot;0&quot;,&quot;credit&quot;:&quot;&quot;,&quot;camera&quot;:&quot;&quot;,&quot;caption&quot;:&quot;&quot;,&quot;created_timestamp&quot;:&quot;0&quot;,&quot;copyright&quot;:&quot;&quot;,&quot;focal_length&quot;:&quot;0&quot;,&quot;iso&quot;:&quot;0&quot;,&quot;shutter_speed&quot;:&quot;0&quot;,&quot;title&quot;:&quot;&quot;,&quot;orientation&quot;:&quot;0&quot;}\" data-image-title=\"carpe_diem_9_0\" data-image-description=\"\" data-image-caption=\"\" data-large-file=\"https:\/\/i0.wp.com\/paulmelian.de\/blog\/wp-content\/uploads\/2017\/11\/carpe_diem_9_0.jpg?fit=640%2C427&amp;ssl=1\" class=\"aligncenter size-medium wp-image-2333\" src=\"https:\/\/i0.wp.com\/paulmelian.de\/blog\/wp-content\/uploads\/2017\/11\/carpe_diem_9_0-300x200.jpg?resize=300%2C200\" alt=\"\" width=\"300\" height=\"200\" srcset=\"https:\/\/i0.wp.com\/paulmelian.de\/blog\/wp-content\/uploads\/2017\/11\/carpe_diem_9_0.jpg?resize=300%2C200&amp;ssl=1 300w, https:\/\/i0.wp.com\/paulmelian.de\/blog\/wp-content\/uploads\/2017\/11\/carpe_diem_9_0.jpg?resize=768%2C512&amp;ssl=1 768w, https:\/\/i0.wp.com\/paulmelian.de\/blog\/wp-content\/uploads\/2017\/11\/carpe_diem_9_0.jpg?w=900&amp;ssl=1 900w\" sizes=\"auto, (max-width: 300px) 100vw, 300px\" \/><\/a><\/p>\n<p>Nu \u015ftim exact cui i se adreseaz\u0103 \u00eendemnul care se ascunde \u00een numele firmei, clien\u0163ilor sau mai degrab\u0103 patronilor \u015fi angaja\u0163ilor acesteia, dar un lucru e sigur: r\u0103posa\u0163ilor, adic\u0103 obiectelor afacerii, acesta le va fi oricum, chiar \u015fi \u00een forma sa complet\u0103**, cu totul indiferent.<\/p>\n<p><i><small><br \/>\n*  Salut\u0103ri de la nenea Iancu!<br \/>\n** Carpe diem, quam minimum credula postero<\/small><\/i><\/p>\n<p>&nbsp;<\/p>\n","protected":false},"excerpt":{"rendered":"<p>Trec\u00e2nd azi cu ma\u015fina pe l\u00e2ng\u0103 Cimitirul Central din Cluj, mi-a s\u0103rit \u00een ochi un microbuz care ar\u0103ta cam a\u015fa: Nu v\u0103 \u00eengrijora\u0163i pentru legalitatea public\u0103rii, fotografia nu-mi apar\u0163ine, ci o datorez Ziarului de Cluj, care scrie deosebit de elogios &hellip; <a href=\"https:\/\/paulmelian.de\/blog\/?p=2330\">Continu\u0103 s\u0103 cite\u0219ti <span class=\"meta-nav\">&rarr;<\/span><\/a><\/p>\n","protected":false},"author":1,"featured_media":0,"comment_status":"open","ping_status":"open","sticky":false,"template":"","format":"standard","meta":{"ngg_post_thumbnail":0,"jetpack_post_was_ever_published":false,"_jetpack_newsletter_access":"","_jetpack_dont_email_post_to_subs":false,"_jetpack_newsletter_tier_id":0,"_jetpack_memberships_contains_paywalled_content":false,"_jetpack_memberships_contains_paid_content":false,"footnotes":"","jetpack_publicize_message":"","jetpack_publicize_feature_enabled":true,"jetpack_social_post_already_shared":true,"jetpack_social_options":{"image_generator_settings":{"template":"highway","default_image_id":0,"font":"","enabled":false},"version":2}},"categories":[8,6,10,11,14,5],"tags":[],"class_list":["post-2330","post","type-post","status-publish","format-standard","hentry","category-general","category-borituri","category-invatati-dracului-romaneste","category-management","category-oameni","category-atractii-turistice"],"jetpack_publicize_connections":[],"jetpack_featured_media_url":"","jetpack_sharing_enabled":true,"jetpack_shortlink":"https:\/\/wp.me\/p9mZDH-BA","jetpack_likes_enabled":true,"jetpack-related-posts":[{"id":3842,"url":"https:\/\/paulmelian.de\/blog\/?p=3842","url_meta":{"origin":2330,"position":0},"title":"Semnale (nu numai sonore, dar \u015fi&#8230;)","author":"Mihai","date":"5 octombrie 2019","format":false,"excerpt":"TVR nu se dezminte, red\u0103 informa\u0163ia mili\u0163ienilor* clujeni \u00een toat\u0103 splendoarea ei: O autospecial\u0103 de Poli\u021bie care mergea cu semnalele sonore \u0219i acustice \u00een func\u021biune s-a r\u0103sturnat s\u00e2mb\u0103t\u0103, \u00een centrul ora\u0219ului Cluj-Napoca [ ] Un echipaj de poli\u021bie care se deplasa cu semnalele sonore \u0219i acustice \u00een func\u021biune a fost\u2026","rel":"","context":"\u00cen \u201eGeneral\u201d","block_context":{"text":"General","link":"https:\/\/paulmelian.de\/blog\/?cat=8"},"img":{"alt_text":"","src":"https:\/\/i0.wp.com\/paulmelian.de\/blog\/wp-content\/uploads\/2019\/10\/masina-de-politie-rasturnata_46814200-300x229.jpeg?resize=350%2C200","width":350,"height":200},"classes":[]},{"id":68,"url":"https:\/\/paulmelian.de\/blog\/?p=68","url_meta":{"origin":2330,"position":1},"title":"Prosperizarea limbii rom\u00e2ne","author":"Mihai","date":"23 martie 2011","format":false,"excerpt":"Pe un banner uria\u015f, expus \u00eentr-unul dintre noile temple ale consumului, o companie aerian\u0103 rom\u00e2neasc\u0103 ne ofer\u0103 un card de fidelizare. R\u00e2njetul, care mi-a ap\u0103rut pe fa\u0163\u0103 citind aceast\u0103 veste, mi-a \u00eenghe\u0163at \u00eens\u0103 pe loc. Pentru c\u0103 acest cuv\u00e2nt nu este doar o crea\u0163ie lingvistic\u0103 de excep\u0163ie, ci \u015fi una\u2026","rel":"","context":"\u00cen \u201eGeneral\u201d","block_context":{"text":"General","link":"https:\/\/paulmelian.de\/blog\/?cat=8"},"img":{"alt_text":"","src":"","width":0,"height":0},"classes":[]},{"id":1389,"url":"https:\/\/paulmelian.de\/blog\/?p=1389","url_meta":{"origin":2330,"position":2},"title":"Perit-au mili\u0163ienii?","author":"Mihai","date":"11 ianuarie 2016","format":false,"excerpt":"Un nu hot\u0103r\u00e2t. P\u0103str\u00e2ndu-le o amintire pioas\u0103 \u00eenc\u0103 din tinere\u0163e, \u00eemi este u\u015for s\u0103-i recunosc: sunt peste tot, s-au reciclat, s-au aranjat, unii chiar au \u00eentinerit... Pe cei mai simpli dintre ei (fo\u015fti serjen\u0163i sau plotoneri) \u00eei reg\u0103se\u015fti \u00een ghereta portarului la tot felul de institu\u0163ii. Te las\u0103 s\u0103 intri\u2026","rel":"","context":"\u00cen \u201eGeneral\u201d","block_context":{"text":"General","link":"https:\/\/paulmelian.de\/blog\/?cat=8"},"img":{"alt_text":"","src":"","width":0,"height":0},"classes":[]},{"id":6925,"url":"https:\/\/paulmelian.de\/blog\/?p=6925","url_meta":{"origin":2330,"position":3},"title":"Propunere","author":"Mihai","date":"7 septembrie 2024","format":false,"excerpt":"Povestea pe scurt: o pacient\u0103 din Zal\u0103u, care prezenta simptome de ocluzie intestinal\u0103, a fost transportat\u0103 cu ambulan\u0163a la Bra\u015fov(!) pentru a fi tratat\u0103 acolo. Zdruncin\u0103turile de pe drum au produs \u00eens\u0103 deblocarea intestinului \u015fi au f\u0103cut interven\u0163ia de prisos. Citind \u015ftirea, m-au n\u0103p\u0103dit tot felul de g\u00e2nduri. Mi-am amintit\u2026","rel":"","context":"\u00cen \u201eGeneral\u201d","block_context":{"text":"General","link":"https:\/\/paulmelian.de\/blog\/?cat=8"},"img":{"alt_text":"","src":"https:\/\/i0.wp.com\/paulmelian.de\/blog\/wp-content\/uploads\/2024\/09\/Placa-vibranta-300x252.jpg?resize=350%2C200&ssl=1","width":350,"height":200},"classes":[]},{"id":60,"url":"https:\/\/paulmelian.de\/blog\/?p=60","url_meta":{"origin":2330,"position":4},"title":"Nuca \u015fi peretele","author":"Mihai","date":"6 martie 2011","format":false,"excerpt":"La aeroportul din Cluj, m\u0103 pune dracu s\u0103-mi cump\u0103r \u201e\u00cenc\u0103 de pe atunci vulpea era v\u00e2n\u0103torul\u201d de Herta M\u00fcller, \u00een versiunea rom\u00e2neasc\u0103. Cartea, ap\u0103rut\u0103 la editura Humanitas \u00een traducerea Norei Iuga, mi-a atras aten\u0163ia fiind considerat\u0103 de c\u0103tre Ernest Wichner ca fiind \u201e probabil cartea cea mai rom\u00e2neasc\u0103 a acestei\u2026","rel":"","context":"\u00cen \u201eGeneral\u201d","block_context":{"text":"General","link":"https:\/\/paulmelian.de\/blog\/?cat=8"},"img":{"alt_text":"","src":"","width":0,"height":0},"classes":[]},{"id":4466,"url":"https:\/\/paulmelian.de\/blog\/?p=4466","url_meta":{"origin":2330,"position":5},"title":"Penibilit\u0103\u0163i","author":"Mihai","date":"29 martie 2020","format":false,"excerpt":"Chestia cu suportul pentru dou\u0103 steaguri, fixat pe fa\u0163ada fiec\u0103rei case, a ap\u0103rut \u00eenc\u0103 pe vremea lui Stalin, c\u00e2nd \u201epavoazarea\u201d caselor era, sub amenin\u0163area unor pedepse draconice, obligatorie. Pe vremea aceea erau impuse drapelele sovietic \u015fi rom\u00e2nesc. \u00cemi amintesc din acele timpuri cum noi, mama, tata, sor\u0103-mea \u015fi cu mine\u2026","rel":"","context":"\u00cen \u201eGeneral\u201d","block_context":{"text":"General","link":"https:\/\/paulmelian.de\/blog\/?cat=8"},"img":{"alt_text":"","src":"https:\/\/i0.wp.com\/paulmelian.de\/blog\/wp-content\/uploads\/2020\/03\/Suport-steaguri-150x150.jpg?resize=350%2C200","width":350,"height":200},"classes":[]}],"post_mailing_queue_ids":[],"_links":{"self":[{"href":"https:\/\/paulmelian.de\/blog\/index.php?rest_route=\/wp\/v2\/posts\/2330","targetHints":{"allow":["GET"]}}],"collection":[{"href":"https:\/\/paulmelian.de\/blog\/index.php?rest_route=\/wp\/v2\/posts"}],"about":[{"href":"https:\/\/paulmelian.de\/blog\/index.php?rest_route=\/wp\/v2\/types\/post"}],"author":[{"embeddable":true,"href":"https:\/\/paulmelian.de\/blog\/index.php?rest_route=\/wp\/v2\/users\/1"}],"replies":[{"embeddable":true,"href":"https:\/\/paulmelian.de\/blog\/index.php?rest_route=%2Fwp%2Fv2%2Fcomments&post=2330"}],"version-history":[{"count":6,"href":"https:\/\/paulmelian.de\/blog\/index.php?rest_route=\/wp\/v2\/posts\/2330\/revisions"}],"predecessor-version":[{"id":3310,"href":"https:\/\/paulmelian.de\/blog\/index.php?rest_route=\/wp\/v2\/posts\/2330\/revisions\/3310"}],"wp:attachment":[{"href":"https:\/\/paulmelian.de\/blog\/index.php?rest_route=%2Fwp%2Fv2%2Fmedia&parent=2330"}],"wp:term":[{"taxonomy":"category","embeddable":true,"href":"https:\/\/paulmelian.de\/blog\/index.php?rest_route=%2Fwp%2Fv2%2Fcategories&post=2330"},{"taxonomy":"post_tag","embeddable":true,"href":"https:\/\/paulmelian.de\/blog\/index.php?rest_route=%2Fwp%2Fv2%2Ftags&post=2330"}],"curies":[{"name":"wp","href":"https:\/\/api.w.org\/{rel}","templated":true}]}}