{"id":2336,"date":"2017-11-29T19:37:26","date_gmt":"2017-11-29T17:37:26","guid":{"rendered":"http:\/\/paulmelian.de\/blog\/?p=2336"},"modified":"2017-11-30T09:47:55","modified_gmt":"2017-11-30T07:47:55","slug":"you-made-my-day-dan-vladimir-popescu","status":"publish","type":"post","link":"https:\/\/paulmelian.de\/blog\/?p=2336","title":{"rendered":"You made my day, Dan-Vladimir Popescu!"},"content":{"rendered":"<p><span class=\" UFICommentActorAndBody\">La <a href=\"https:\/\/www.facebook.com\/adrian.papahagi\/posts\/1620146601382521?pnref=story\">articolul<\/a>&nbsp; unuia dintre pigmeii mei prefera\u0163i, care se pl\u00e2nge c\u0103 facebook i-a \u015fters nu\u015f&#8217; ce comentariu, domnul pomenit \u00een titlu <a href=\"https:\/\/www.facebook.com\/adrian.papahagi\/posts\/1620146601382521?comment_id=1620209224709592&amp;comment_tracking=%7B%22tn%22%3A%22R6%22%7D\">comenteaz\u0103<\/a> cam a\u015fa: <\/span><\/p>\n<blockquote><p><span class=\" UFICommentActorAndBody\"><span data-ft=\"{&quot;tn&quot;:&quot;K&quot;}\"><span class=\"UFICommentBody\"><small>Facebook are nevoie de o concurenta serioasa. Mai ales ca in cadrul conducerii acestei companii gasim multi oameni recenti.<\/small><\/span><\/span><\/span><\/p><\/blockquote>\n<p>Vreau s\u0103 comentez \u015fi eu, da&#8217; \u00een secret. Adic\u0103 nu acolo, ci aici. Nu \u015ftiu ce comentariu i-a fost \u015fters pigmeului pomenit \u00een cazul de fa\u0163\u0103, dar \u015ftiu c\u0103 acesta a proferat cu alt\u0103 ocazie \u00eenjur\u0103turi de mam\u0103 la adresa unui jurnalist considerat &#8222;sfertodoct&#8221;. A\u015fa c\u0103, mai u\u015for cu pianul pe sc\u0103ri, d-le fost politician <em><strong>in spe<\/strong><\/em>. E\u015fti cam <em><strong>recent<\/strong><\/em>, mai ai multe de \u00eenv\u0103\u0163at.<\/p>\n","protected":false},"excerpt":{"rendered":"<p>La articolul&nbsp; unuia dintre pigmeii mei prefera\u0163i, care se pl\u00e2nge c\u0103 facebook i-a \u015fters nu\u015f&#8217; ce comentariu, domnul pomenit \u00een titlu comenteaz\u0103 cam a\u015fa: Facebook are nevoie de o concurenta serioasa. Mai ales ca in cadrul conducerii acestei companii gasim &hellip; <a href=\"https:\/\/paulmelian.de\/blog\/?p=2336\">Continu\u0103 s\u0103 cite\u0219ti <span class=\"meta-nav\">&rarr;<\/span><\/a><\/p>\n","protected":false},"author":1,"featured_media":0,"comment_status":"open","ping_status":"open","sticky":false,"template":"","format":"standard","meta":{"ngg_post_thumbnail":0,"jetpack_post_was_ever_published":false,"_jetpack_newsletter_access":"","_jetpack_dont_email_post_to_subs":false,"_jetpack_newsletter_tier_id":0,"_jetpack_memberships_contains_paywalled_content":false,"_jetpack_memberships_contains_paid_content":false,"footnotes":"","jetpack_publicize_message":"","jetpack_publicize_feature_enabled":true,"jetpack_social_post_already_shared":true,"jetpack_social_options":{"image_generator_settings":{"template":"highway","default_image_id":0,"font":"","enabled":false},"version":2}},"categories":[8,9,6,10,14,17],"tags":[],"class_list":["post-2336","post","type-post","status-publish","format-standard","hentry","category-general","category-internautice","category-borituri","category-invatati-dracului-romaneste","category-oameni","category-politica"],"jetpack_publicize_connections":[],"jetpack_featured_media_url":"","jetpack_sharing_enabled":true,"jetpack_shortlink":"https:\/\/wp.me\/p9mZDH-BG","jetpack_likes_enabled":true,"jetpack-related-posts":[{"id":6053,"url":"https:\/\/paulmelian.de\/blog\/?p=6053","url_meta":{"origin":2336,"position":0},"title":"Banzaiiii!","author":"Mihai","date":"19 noiembrie 2021","format":false,"excerpt":"\u00a0 Pe nu \u015ftiu ce pagin\u0103 de facebook am accesat un link spre revista Kamikaze. Rezultatul a fost c\u0103 am primit prin messenger un mesaj \u00een german\u0103, care a dus la o discu\u0163ie foarte interesant\u0103 cu un pitic de gr\u0103din\u0103 de la aceast\u0103 prestigioas\u0103 publica\u0163ie, care \u00eemi aminte\u015fte \u00een mod\u2026","rel":"","context":"\u00cen \u201eGeneral\u201d","block_context":{"text":"General","link":"https:\/\/paulmelian.de\/blog\/?cat=8"},"img":{"alt_text":"","src":"https:\/\/static.xx.fbcdn.net\/images\/emoji.php\/v9\/t57\/1\/16\/1f609.png","width":350,"height":200},"classes":[]},{"id":1902,"url":"https:\/\/paulmelian.de\/blog\/?p=1902","url_meta":{"origin":2336,"position":1},"title":"Trimite\u0163i silfida berlinez\u0103 \u00een Siria!","author":"Mihai","date":"31 ianuarie 2017","format":false,"excerpt":"Poate a\u015fa ar ajunge d-na Alina Mungiu-Pippidi s\u0103 se l\u0103mureasc\u0103, \u00een sf\u00e2r\u015fit, ce \u00eenseamn\u0103 \"r\u0103zboi civil\". Cu toate c\u0103 i-am atras aten\u0163ia deja acu' vreun an jumate c\u0103 asta este o inep\u0163ie, ea persevereaz\u0103 \u00een gre\u015feal\u0103. Ba se mai \u015fi mir\u0103 c\u0103 n-o ia lumea \u00een serios. Am \u00eencercat s-o\u2026","rel":"","context":"\u00cen \u201eGeneral\u201d","block_context":{"text":"General","link":"https:\/\/paulmelian.de\/blog\/?cat=8"},"img":{"alt_text":"","src":"","width":0,"height":0},"classes":[]},{"id":6856,"url":"https:\/\/paulmelian.de\/blog\/?p=6856","url_meta":{"origin":2336,"position":2},"title":"R\u0103zbunarea chinezului. Adio, www.contributors.ro","author":"Mihai","date":"2 iulie 2024","format":false,"excerpt":"Platforma www.contributors.ro mi-a trezit interesul acum mai bine de zece ani, at\u00e2t prin diversitatea \u015fi calitatea articolelor, c\u00e2t \u015fi prin faptul c\u0103 numero\u015fi autori erau dispu\u015fi s\u0103 comunice de la egal la egal cu comentatorii. Ba am scris chiar eu \u00eensumi acolo un articola\u015f referitor la alegerile din Germania din\u2026","rel":"","context":"\u00cen \u201eGeneral\u201d","block_context":{"text":"General","link":"https:\/\/paulmelian.de\/blog\/?cat=8"},"img":{"alt_text":"","src":"","width":0,"height":0},"classes":[]},{"id":1865,"url":"https:\/\/paulmelian.de\/blog\/?p=1865","url_meta":{"origin":2336,"position":3},"title":"Extazul t(r)\u00e2mp al &#8222;dreptei&#8221; rom\u00e2ne\u015fti","author":"Mihai","date":"15 ianuarie 2017","format":false,"excerpt":"Platforma \u00ceLD (\"Conservatorii Rom\u00e2ni\") preia de pe facebook o postare a lui Drago\u015f Paul Aligic\u0103, pe care o ridic\u0103 la nivelul de articol(a\u015f). Chintesen\u0163a ar fi cam asta: un comentator de politic\u0103 extern\u0103, care se informeaz\u0103 doar prin CNN, BBC, WaPo, HuffPo, NYT etc. ar fi, de fapt, neinformat. \u015ei\u2026","rel":"","context":"\u00cen \u201eGeneral\u201d","block_context":{"text":"General","link":"https:\/\/paulmelian.de\/blog\/?cat=8"},"img":{"alt_text":"","src":"","width":0,"height":0},"classes":[]},{"id":661,"url":"https:\/\/paulmelian.de\/blog\/?p=661","url_meta":{"origin":2336,"position":4},"title":"Guzganian salvat","author":"Mihai","date":"13 februarie 2015","format":false,"excerpt":"A\u015fa dup\u0103 cum era de a\u015fteptat, senatul a votat \u00eempotriva ridic\u0103rii imunit\u0103\u0163ii lui Varujan Vosganian. Adic\u0103, dup\u0103 opinia acestui \u00eenalt for de borfa\u015fi, n-ar exista nici un fel de fapte noi la dosar, iar cele cunoscute ar fi mizilicuri. Cum ar fi de exemplu interven\u0163ia d-lui Vosganian pe l\u00e2ng\u0103 Guvernul\u2026","rel":"","context":"\u00cen \u201eGeneral\u201d","block_context":{"text":"General","link":"https:\/\/paulmelian.de\/blog\/?cat=8"},"img":{"alt_text":"","src":"","width":0,"height":0},"classes":[]},{"id":148,"url":"https:\/\/paulmelian.de\/blog\/?p=148","url_meta":{"origin":2336,"position":5},"title":"Bu\u015fculad\u0103","author":"Mihai","date":"14 noiembrie 2013","format":false,"excerpt":"Ca\u0163avencul Doru Bu\u015fcu spune lucruriloroamenilor pe nume: \u00cei nume\u015fte pe domnii Geoan\u0103, V\u00e2ntu, Voiculescu, Ponta, Antonescu \u015fi Ro\u015fca St\u0103nescu (ca de altfel \u015fi pe to\u0163i aleg\u0103torii, care prin sufragiul lor nu au reu\u015fit s\u0103-l debarce pe B\u0103sescu de la Pre\u015fedin\u0163ie) \"idio\u0163i\". Sunt de acord cu acest calificativ, dar nu cu\u2026","rel":"","context":"\u00cen \u201eGeneral\u201d","block_context":{"text":"General","link":"https:\/\/paulmelian.de\/blog\/?cat=8"},"img":{"alt_text":"","src":"","width":0,"height":0},"classes":[]}],"post_mailing_queue_ids":[],"_links":{"self":[{"href":"https:\/\/paulmelian.de\/blog\/index.php?rest_route=\/wp\/v2\/posts\/2336","targetHints":{"allow":["GET"]}}],"collection":[{"href":"https:\/\/paulmelian.de\/blog\/index.php?rest_route=\/wp\/v2\/posts"}],"about":[{"href":"https:\/\/paulmelian.de\/blog\/index.php?rest_route=\/wp\/v2\/types\/post"}],"author":[{"embeddable":true,"href":"https:\/\/paulmelian.de\/blog\/index.php?rest_route=\/wp\/v2\/users\/1"}],"replies":[{"embeddable":true,"href":"https:\/\/paulmelian.de\/blog\/index.php?rest_route=%2Fwp%2Fv2%2Fcomments&post=2336"}],"version-history":[{"count":7,"href":"https:\/\/paulmelian.de\/blog\/index.php?rest_route=\/wp\/v2\/posts\/2336\/revisions"}],"predecessor-version":[{"id":2346,"href":"https:\/\/paulmelian.de\/blog\/index.php?rest_route=\/wp\/v2\/posts\/2336\/revisions\/2346"}],"wp:attachment":[{"href":"https:\/\/paulmelian.de\/blog\/index.php?rest_route=%2Fwp%2Fv2%2Fmedia&parent=2336"}],"wp:term":[{"taxonomy":"category","embeddable":true,"href":"https:\/\/paulmelian.de\/blog\/index.php?rest_route=%2Fwp%2Fv2%2Fcategories&post=2336"},{"taxonomy":"post_tag","embeddable":true,"href":"https:\/\/paulmelian.de\/blog\/index.php?rest_route=%2Fwp%2Fv2%2Ftags&post=2336"}],"curies":[{"name":"wp","href":"https:\/\/api.w.org\/{rel}","templated":true}]}}