{"id":2348,"date":"2017-11-30T12:57:10","date_gmt":"2017-11-30T10:57:10","guid":{"rendered":"http:\/\/paulmelian.de\/blog\/?p=2348"},"modified":"2017-11-30T12:57:10","modified_gmt":"2017-11-30T10:57:10","slug":"cam-slabut-pentru-o-racheta","status":"publish","type":"post","link":"https:\/\/paulmelian.de\/blog\/?p=2348","title":{"rendered":"Cam sl\u0103bu\u0163 pentru o rachet\u0103&#8230;"},"content":{"rendered":"<p>Nu \u015ftiam c\u0103 p\u00e2n\u0103 \u015fi nord-coreenii se amestec\u0103 \u00een politica rom\u00e2neasc\u0103.<a href=\"https:\/\/i0.wp.com\/paulmelian.de\/blog\/wp-content\/uploads\/2017\/11\/marian-oprisan-untitled-project-1-mpeg4-16x9-49766600_49766600.jpg\"><img data-recalc-dims=\"1\" loading=\"lazy\" decoding=\"async\" data-attachment-id=\"2350\" data-permalink=\"https:\/\/paulmelian.de\/blog\/?attachment_id=2350\" data-orig-file=\"https:\/\/i0.wp.com\/paulmelian.de\/blog\/wp-content\/uploads\/2017\/11\/marian-oprisan-untitled-project-1-mpeg4-16x9-49766600_49766600.jpg?fit=640%2C360&amp;ssl=1\" data-orig-size=\"640,360\" data-comments-opened=\"1\" data-image-meta=\"{&quot;aperture&quot;:&quot;0&quot;,&quot;credit&quot;:&quot;&quot;,&quot;camera&quot;:&quot;&quot;,&quot;caption&quot;:&quot;&quot;,&quot;created_timestamp&quot;:&quot;0&quot;,&quot;copyright&quot;:&quot;&quot;,&quot;focal_length&quot;:&quot;0&quot;,&quot;iso&quot;:&quot;0&quot;,&quot;shutter_speed&quot;:&quot;0&quot;,&quot;title&quot;:&quot;&quot;,&quot;orientation&quot;:&quot;0&quot;}\" data-image-title=\"marian-oprisan-untitled-project-1-mpeg4-16&amp;#215;9-49766600_49766600\" data-image-description=\"\" data-image-caption=\"\" data-large-file=\"https:\/\/i0.wp.com\/paulmelian.de\/blog\/wp-content\/uploads\/2017\/11\/marian-oprisan-untitled-project-1-mpeg4-16x9-49766600_49766600.jpg?fit=640%2C360&amp;ssl=1\" src=\"https:\/\/i0.wp.com\/paulmelian.de\/blog\/wp-content\/uploads\/2017\/11\/marian-oprisan-untitled-project-1-mpeg4-16x9-49766600_49766600.jpg?resize=640%2C360\" alt=\"\" width=\"640\" height=\"360\" class=\"aligncenter size-full wp-image-2350\" srcset=\"https:\/\/i0.wp.com\/paulmelian.de\/blog\/wp-content\/uploads\/2017\/11\/marian-oprisan-untitled-project-1-mpeg4-16x9-49766600_49766600.jpg?w=640&amp;ssl=1 640w, https:\/\/i0.wp.com\/paulmelian.de\/blog\/wp-content\/uploads\/2017\/11\/marian-oprisan-untitled-project-1-mpeg4-16x9-49766600_49766600.jpg?resize=300%2C169&amp;ssl=1 300w\" sizes=\"auto, (max-width: 640px) 100vw, 640px\" \/><\/a><\/p>\n","protected":false},"excerpt":{"rendered":"<p>Nu \u015ftiam c\u0103 p\u00e2n\u0103 \u015fi nord-coreenii se amestec\u0103 \u00een politica rom\u00e2neasc\u0103.<\/p>\n","protected":false},"author":1,"featured_media":0,"comment_status":"open","ping_status":"open","sticky":false,"template":"","format":"standard","meta":{"ngg_post_thumbnail":0,"jetpack_post_was_ever_published":false,"_jetpack_newsletter_access":"","_jetpack_dont_email_post_to_subs":false,"_jetpack_newsletter_tier_id":0,"_jetpack_memberships_contains_paywalled_content":false,"_jetpack_memberships_contains_paid_content":false,"footnotes":"","jetpack_publicize_message":"","jetpack_publicize_feature_enabled":true,"jetpack_social_post_already_shared":true,"jetpack_social_options":{"image_generator_settings":{"template":"highway","default_image_id":0,"font":"","enabled":false},"version":2}},"categories":[8,6,14,17,19],"tags":[],"class_list":["post-2348","post","type-post","status-publish","format-standard","hentry","category-general","category-borituri","category-oameni","category-politica","category-romania-in-lume"],"jetpack_publicize_connections":[],"jetpack_featured_media_url":"","jetpack_sharing_enabled":true,"jetpack_shortlink":"https:\/\/wp.me\/p9mZDH-BS","jetpack_likes_enabled":true,"jetpack-related-posts":[{"id":3806,"url":"https:\/\/paulmelian.de\/blog\/?p=3806","url_meta":{"origin":2348,"position":0},"title":"Corectitudinea politic\u0103? Depinde de politic\u0103!","author":"Mihai","date":"25 septembrie 2019","format":false,"excerpt":"La fel cum ia \u00een der\u00e2dere mi\u015fcarea ecologist\u0103 (\"ecomarxism\") sau emanciparea femeii (\"sexomarxism\"), Adrian Papahagi g\u0103se\u015fte de cuviin\u0163\u0103 s\u0103 se r\u0103fuiasc\u0103 \u015fi cu corectitudinea politic\u0103, arunc\u00e2nd, ca de obicei, cu dispre\u0163 \u015fi ur\u0103, pruncul \u00eempreun\u0103 cu apa din copaie. Diatriba culmineaz\u0103 cu afirma\u0163ia, hai s\u0103-i spun a\u015fa, temerar\u0103: Care e\u2026","rel":"","context":"\u00cen \u201eGeneral\u201d","block_context":{"text":"General","link":"https:\/\/paulmelian.de\/blog\/?cat=8"},"img":{"alt_text":"","src":"https:\/\/i0.wp.com\/paulmelian.de\/blog\/wp-content\/uploads\/2019\/09\/oaie-300x199.jpg?resize=350%2C200","width":350,"height":200},"classes":[]},{"id":1994,"url":"https:\/\/paulmelian.de\/blog\/?p=1994","url_meta":{"origin":2348,"position":1},"title":"Moarte ur\u00e2t\u0103","author":"Mihai","date":"5 mai 2017","format":false,"excerpt":"Se pare c\u0103 Traian B\u0103sescu a hot\u0103r\u00e2t s\u0103 se sinucid\u0103 ca politician, f\u0103c\u00e2nd o \"coali\u0163ie cu propria con\u015ftiin\u0163\u0103\". Nu \u015ftim exact care dintre organele domniei sale \u00eei g\u0103zduie\u015fte \"con\u015ftiin\u0163a\", dar putem totu\u015fi s\u0103 afirm\u0103m c\u0103 aceasta (m\u0103 refer la con\u015ftiin\u0163\u0103) este \u00een mod evident, ca for\u0163\u0103 politic\u0103 \u015fi partener de\u2026","rel":"","context":"\u00cen \u201eGeneral\u201d","block_context":{"text":"General","link":"https:\/\/paulmelian.de\/blog\/?cat=8"},"img":{"alt_text":"","src":"","width":0,"height":0},"classes":[]},{"id":3010,"url":"https:\/\/paulmelian.de\/blog\/?p=3010","url_meta":{"origin":2348,"position":2},"title":"Legum\u0103 politic\u0103","author":"Mihai","date":"11 octombrie 2018","format":false,"excerpt":"C\u00e2nd cineva, care s-a blamat la s\u00e2nge, a\u015fa cum a f\u0103cut-o Crin Antonescu, \u00eencearc\u0103 s\u0103 revin\u0103 pe scena politic\u0103, putem vorbi de o piele deosebit de groas\u0103. Dar faptul c\u0103-l curteaz\u0103 pe Dragnea denot\u0103 \u015fi o prostie f\u0103r\u0103 margini. Chiar dac\u0103 acesta va supravie\u0163ui, din punct de vedere politic, atacului\u2026","rel":"","context":"\u00cen \u201eGeneral\u201d","block_context":{"text":"General","link":"https:\/\/paulmelian.de\/blog\/?cat=8"},"img":{"alt_text":"","src":"https:\/\/i0.wp.com\/paulmelian.de\/blog\/wp-content\/uploads\/2018\/10\/Crin-Antonescu-Ponta.jpg?resize=350%2C200","width":350,"height":200},"classes":[]},{"id":6990,"url":"https:\/\/paulmelian.de\/blog\/?p=6990","url_meta":{"origin":2348,"position":3},"title":"Kevin Antonescu","author":"Mihai","date":"5 ianuarie 2025","format":false,"excerpt":"Leguma politic\u0103 Crin Antonescu, singur(\u0103) acas\u0103: [ ]f\u0103r\u0103 o armat\u0103 preg\u0103tit\u0103 [ ] singur sub focul inamic[ ]","rel":"","context":"\u00cen \u201eGeneral\u201d","block_context":{"text":"General","link":"https:\/\/paulmelian.de\/blog\/?cat=8"},"img":{"alt_text":"","src":"","width":0,"height":0},"classes":[]},{"id":248,"url":"https:\/\/paulmelian.de\/blog\/?p=248","url_meta":{"origin":2348,"position":4},"title":"Divertisment muzical din categoria &#8222;Puiemonta&#8221;","author":"Mihai","date":"9 noiembrie 2014","format":false,"excerpt":"Dac\u0103 v-a\u0163i s\u0103turat de politic\u0103, ia mai asculta\u0163i un pic de muzic\u0103: V\u0103 place cumva textul? Uite pe cineva care vi-l \u015fi explic\u0103.","rel":"","context":"\u00cen \u201eGeneral\u201d","block_context":{"text":"General","link":"https:\/\/paulmelian.de\/blog\/?cat=8"},"img":{"alt_text":"","src":"","width":0,"height":0},"classes":[]},{"id":2637,"url":"https:\/\/paulmelian.de\/blog\/?p=2637","url_meta":{"origin":2348,"position":5},"title":"Alternative","author":"Mihai","date":"17 ianuarie 2018","format":false,"excerpt":"Nu, de data asta nu m\u0103 refer la \"necuv\u00e2ntul\" anului. Actualitatea politic\u0103 din Rom\u00e2nia m\u0103 for\u0163eaz\u0103 s\u0103-mi amintesc de situa\u0163ia dinaite de ultimele alegeri preziden\u0163iale, unde aveam de ales \u00eentre un neam prost \u015fi un neam\u0163 prost. Ne procopsir\u0103m.","rel":"","context":"\u00cen \u201eGeneral\u201d","block_context":{"text":"General","link":"https:\/\/paulmelian.de\/blog\/?cat=8"},"img":{"alt_text":"","src":"","width":0,"height":0},"classes":[]}],"post_mailing_queue_ids":[],"_links":{"self":[{"href":"https:\/\/paulmelian.de\/blog\/index.php?rest_route=\/wp\/v2\/posts\/2348","targetHints":{"allow":["GET"]}}],"collection":[{"href":"https:\/\/paulmelian.de\/blog\/index.php?rest_route=\/wp\/v2\/posts"}],"about":[{"href":"https:\/\/paulmelian.de\/blog\/index.php?rest_route=\/wp\/v2\/types\/post"}],"author":[{"embeddable":true,"href":"https:\/\/paulmelian.de\/blog\/index.php?rest_route=\/wp\/v2\/users\/1"}],"replies":[{"embeddable":true,"href":"https:\/\/paulmelian.de\/blog\/index.php?rest_route=%2Fwp%2Fv2%2Fcomments&post=2348"}],"version-history":[{"count":2,"href":"https:\/\/paulmelian.de\/blog\/index.php?rest_route=\/wp\/v2\/posts\/2348\/revisions"}],"predecessor-version":[{"id":2351,"href":"https:\/\/paulmelian.de\/blog\/index.php?rest_route=\/wp\/v2\/posts\/2348\/revisions\/2351"}],"wp:attachment":[{"href":"https:\/\/paulmelian.de\/blog\/index.php?rest_route=%2Fwp%2Fv2%2Fmedia&parent=2348"}],"wp:term":[{"taxonomy":"category","embeddable":true,"href":"https:\/\/paulmelian.de\/blog\/index.php?rest_route=%2Fwp%2Fv2%2Fcategories&post=2348"},{"taxonomy":"post_tag","embeddable":true,"href":"https:\/\/paulmelian.de\/blog\/index.php?rest_route=%2Fwp%2Fv2%2Ftags&post=2348"}],"curies":[{"name":"wp","href":"https:\/\/api.w.org\/{rel}","templated":true}]}}