{"id":2353,"date":"2017-12-02T11:12:48","date_gmt":"2017-12-02T09:12:48","guid":{"rendered":"http:\/\/paulmelian.de\/blog\/?p=2353"},"modified":"2017-12-02T15:44:49","modified_gmt":"2017-12-02T13:44:49","slug":"dreapta-si-dreptii-ei-ii","status":"publish","type":"post","link":"https:\/\/paulmelian.de\/blog\/?p=2353","title":{"rendered":"Dreapta \u015fi drep\u0163ii ei (II)"},"content":{"rendered":"<p>Cu ocazia zilei de 1 Decembrie se petrec lucruri de-a <strong>drept<\/strong>ul interesante. Faptul c\u0103 to\u0163i politicienii rom\u00e2ni fac declara\u0163ii sfor\u0103itoare este absolut normal. Lucru care deranjeaz\u0103, dar nu prea-i interesant. Dar iat\u0103 c\u0103 p\u00e2n\u0103 \u015fi un pigmeu, chiar <a href=\"http:\/\/paulmelian.de\/blog\/?p=2174#comment-593\">unul<\/a> pe care-l caracterizeaz\u0103 &#8222;pesimismul antropologic&#8221;, \u00ee\u015fi \u00een<strong>dreapt\u0103<\/strong> dintr-o dat\u0103 spinarea, cap\u0103t\u0103 ochi umezi \u015fi se simte \u00een<strong>drept<\/strong>\u0103\u0163it s\u0103 <a href=\"https:\/\/www.facebook.com\/adrian.papahagi\/posts\/1622301434500371?pnref=story\">vorbeasc\u0103<\/a> de la egal la egal cu \u0162ara: &#8222;La mul\u0163i ani, Rom\u00e2nia!&#8221;. Pe l\u00e2ng\u0103 asta, mai <a href=\"https:\/\/www.facebook.com\/adrian.papahagi\/posts\/1622426654487849?pnref=story\">comite<\/a> \u015fi un text edulcorat, &#8222;lucid optimist&#8221; (preluat at\u00e2t de &#8222;\u00cen Linie <strong>Dreapt\u0103<\/strong>&#8222;, c\u00e2t \u015fi de &#8222;<strong>Dreptatea<\/strong>&#8222;, platforme internautice care se ur\u0103sc reciproc de moarte), care, dac\u0103 \u0163inem cont de pesimismul lui antropologic declarat, <a href=\"http:\/\/paulmelian.de\/blog\/?p=2174#comment-593\">trebuie<\/a>, deci, \u00een\u0163eles ca fiind &#8222;eshatologic&#8221;.<br \/>\nM\u0103 simt \u015fi eu obligat s\u0103 scriu, cu \u00eent\u00e2rzierea de rigoare, ceva cu ocazia zilei de 1 Decembrie. Adic\u0103, mai bine zis, s\u0103 repet faptul c\u0103, patriot adev\u0103rat fiind, \u00eei dau <strong>dreptate<\/strong> necondi\u0163ionat\u0103 lui <a href=\"http:\/\/paulmelian.de\/blog\/?p=2125\">Karl Kraus<\/a>. <\/p>\n<p>PS<br \/>\nPoate c\u0103 cititorul a remarcat (pe <strong>drept<\/strong>?) faptul c\u0103 \u00eei dau cam prea mult\u0103 aten\u0163ie d-lui Adrian Papahagi. Promit c\u0103 m\u0103 voi \u00een<strong>drept<\/strong>a, am s\u0103-l las de-acuma balt\u0103, la fel ca pe Dorin Tudoran.<\/p>\n","protected":false},"excerpt":{"rendered":"<p>Cu ocazia zilei de 1 Decembrie se petrec lucruri de-a dreptul interesante. Faptul c\u0103 to\u0163i politicienii rom\u00e2ni fac declara\u0163ii sfor\u0103itoare este absolut normal. Lucru care deranjeaz\u0103, dar nu prea-i interesant. Dar iat\u0103 c\u0103 p\u00e2n\u0103 \u015fi un pigmeu, chiar unul pe &hellip; <a href=\"https:\/\/paulmelian.de\/blog\/?p=2353\">Continu\u0103 s\u0103 cite\u0219ti <span class=\"meta-nav\">&rarr;<\/span><\/a><\/p>\n","protected":false},"author":1,"featured_media":0,"comment_status":"open","ping_status":"open","sticky":false,"template":"","format":"standard","meta":{"ngg_post_thumbnail":0,"jetpack_post_was_ever_published":false,"_jetpack_newsletter_access":"","_jetpack_dont_email_post_to_subs":false,"_jetpack_newsletter_tier_id":0,"_jetpack_memberships_contains_paywalled_content":false,"_jetpack_memberships_contains_paid_content":false,"footnotes":"","jetpack_publicize_message":"","jetpack_publicize_feature_enabled":true,"jetpack_social_post_already_shared":true,"jetpack_social_options":{"image_generator_settings":{"template":"highway","default_image_id":0,"font":"","enabled":false},"version":2}},"categories":[8,9,6,14,17,19],"tags":[],"class_list":["post-2353","post","type-post","status-publish","format-standard","hentry","category-general","category-internautice","category-borituri","category-oameni","category-politica","category-romania-in-lume"],"jetpack_publicize_connections":[],"jetpack_featured_media_url":"","jetpack_sharing_enabled":true,"jetpack_shortlink":"https:\/\/wp.me\/p9mZDH-BX","jetpack_likes_enabled":true,"jetpack-related-posts":[{"id":5557,"url":"https:\/\/paulmelian.de\/blog\/?p=5557","url_meta":{"origin":2353,"position":0},"title":"Apropo alegeri","author":"Mihai","date":"6 decembrie 2020","format":false,"excerpt":"A ap\u0103rut un partid nou: AUR, extrem\u0103 dreapt\u0103. Dar at\u00e2t de dreapt\u0103, \u00eenc\u00e2t e v\u0103zut\u0103 deja pe tu\u015f\u0103, p\u00e2n\u0103 \u015fi de \u00ceLD.\u00a0 P\u0103i dac\u0103 le d\u0103 fiori de groaz\u0103 chiar \u015fi drep\u0163ilor de la \u00ceLD, trebuie c\u0103 e lat\u0103 r\u0103u. Nu \u015ftiu exact dac\u0103 la acest AUR este vorba de\u2026","rel":"","context":"\u00cen \u201eGeneral\u201d","block_context":{"text":"General","link":"https:\/\/paulmelian.de\/blog\/?cat=8"},"img":{"alt_text":"","src":"https:\/\/i0.wp.com\/paulmelian.de\/blog\/wp-content\/uploads\/2020\/12\/bulina-212x300.png?resize=350%2C200","width":350,"height":200},"classes":[]},{"id":200,"url":"https:\/\/paulmelian.de\/blog\/?p=200","url_meta":{"origin":2353,"position":1},"title":"Dreapta \u015fi Drep\u0163ii ei","author":"Mihai","date":"13 aprilie 2014","format":false,"excerpt":"For\u0163ele de dreapta din Rom\u00e2nia parc\u0103 se iau la \u00eentrecere \u00eentr-o campanie de autodistrugere f\u0103r\u0103 precedent. 1. Un partid care se consider\u0103 de dreapta, PNL, \u00ee\u015fi tr\u0103deaz\u0103 \u00een repetate r\u00e2nduri partenerul de guvernare sau aliatul firesc, merg\u00e2nd chiar at\u00e2t de departe \u00eenc\u00e2t se aliaz\u0103 cu cea mai reac\u0163ionar\u0103 grupare din\u2026","rel":"","context":"\u00cen \u201eGeneral\u201d","block_context":{"text":"General","link":"https:\/\/paulmelian.de\/blog\/?cat=8"},"img":{"alt_text":"","src":"","width":0,"height":0},"classes":[]},{"id":3587,"url":"https:\/\/paulmelian.de\/blog\/?p=3587","url_meta":{"origin":2353,"position":2},"title":"Wahlkampf \/ Campanie electoral\u0103","author":"Mihai","date":"27 iulie 2019","format":false,"excerpt":"Stellen Sie sich eine ganze Menge Koordinatenachsen vor, die jeweils das Wechselspiel eines antagonistischen Paares darstellen, in einem beliebigen Winkel zueinander stehen und sich alle in einem Punkt schneiden. Bleiben wir bei unserer Betrachtung in einer Ebene, um die Sache nicht zu verkomplizieren. Wenn Sie sich selbst in Bezug auf\u2026","rel":"","context":"\u00cen \u201eGeneral\u201d","block_context":{"text":"General","link":"https:\/\/paulmelian.de\/blog\/?cat=8"},"img":{"alt_text":"","src":"https:\/\/i0.wp.com\/paulmelian.de\/blog\/wp-content\/uploads\/2019\/07\/ventilador-turbo-liliana-214x300.jpg?resize=350%2C200","width":350,"height":200},"classes":[]},{"id":1747,"url":"https:\/\/paulmelian.de\/blog\/?p=1747","url_meta":{"origin":2353,"position":3},"title":"Vin alegerile","author":"Mihai","date":"2 decembrie 2016","format":false,"excerpt":"Dac\u0103 arunc\u0103m o privire pe lista partidelor politice din Rom\u00e2nia, surpriza e mare. Avem un singur partid \"de st\u00e2nga\", PSD, \u015fi unul de \"centru-st\u00e2nga\", UNPR (care \u00eentre timp a fost \u00eens\u0103 absorbit de PMP, un partid \"de dreapta\"). Restul sunt de \"dreapta\" sau \"centru-dreapta\". Pentru alegerile din 11.12.2016 s-ar putea\u2026","rel":"","context":"\u00cen \u201eGeneral\u201d","block_context":{"text":"General","link":"https:\/\/paulmelian.de\/blog\/?cat=8"},"img":{"alt_text":"psdalde","src":"https:\/\/i0.wp.com\/paulmelian.de\/blog\/wp-content\/uploads\/2016\/12\/PSDAlde-300x225.jpg?resize=350%2C200","width":350,"height":200},"classes":[]},{"id":3778,"url":"https:\/\/paulmelian.de\/blog\/?p=3778","url_meta":{"origin":2353,"position":4},"title":"Arama pe fa\u0163\u0103","author":"Mihai","date":"17 septembrie 2019","format":false,"excerpt":"Adrian Papahagi profit\u0103 de tevatura (adeseori penibil\u0103) care se face \u00een jurul Gretei Thunberg ca s\u0103 ia \u00een b\u0103\u015fc\u0103lie \u00eentreaga mi\u015fcare ecologic\u0103. Da b\u0103\u015fc\u0103lio\u015fi mai suntem noi cei de dreapta! Dar dac\u0103 ne ia pe noi cineva \u00een b\u0103\u015fc\u0103lie, \u00eenjur\u0103m de mam\u0103. Religie, zici? P\u0103i bine, m\u0103i gulie, o religie\u2026","rel":"","context":"\u00cen \u201eGeneral\u201d","block_context":{"text":"General","link":"https:\/\/paulmelian.de\/blog\/?cat=8"},"img":{"alt_text":"","src":"https:\/\/i0.wp.com\/paulmelian.de\/blog\/wp-content\/uploads\/2015\/12\/kopfsand-300x186.jpg?resize=350%2C200","width":350,"height":200},"classes":[]},{"id":280,"url":"https:\/\/paulmelian.de\/blog\/?p=280","url_meta":{"origin":2353,"position":5},"title":"Nega\u0163ionism ecologic","author":"Mihai","date":"26 ianuarie 2015","format":false,"excerpt":"Dac\u0103 v\u0103 aminti\u0163i, acum un an am avut un mic \u201cschimb de p\u0103reri\u201d cu doi redactori precum \u015fi cu doi adep\u0163i \u00eenfoca\u0163i \u015fi comentatori ai platformei \u00cen Linie Dreapt\u0103. M\u0103rul discordiei consta \u00een faptul c\u0103, baz\u00e2ndu-se \u00een special pe o perioad\u0103 de iarn\u0103 sever\u0103 \u00een America de Nord la \u00eenceputul\u2026","rel":"","context":"\u00cen \u201eGeneral\u201d","block_context":{"text":"General","link":"https:\/\/paulmelian.de\/blog\/?cat=8"},"img":{"alt_text":"","src":"","width":0,"height":0},"classes":[]}],"post_mailing_queue_ids":[],"_links":{"self":[{"href":"https:\/\/paulmelian.de\/blog\/index.php?rest_route=\/wp\/v2\/posts\/2353","targetHints":{"allow":["GET"]}}],"collection":[{"href":"https:\/\/paulmelian.de\/blog\/index.php?rest_route=\/wp\/v2\/posts"}],"about":[{"href":"https:\/\/paulmelian.de\/blog\/index.php?rest_route=\/wp\/v2\/types\/post"}],"author":[{"embeddable":true,"href":"https:\/\/paulmelian.de\/blog\/index.php?rest_route=\/wp\/v2\/users\/1"}],"replies":[{"embeddable":true,"href":"https:\/\/paulmelian.de\/blog\/index.php?rest_route=%2Fwp%2Fv2%2Fcomments&post=2353"}],"version-history":[{"count":15,"href":"https:\/\/paulmelian.de\/blog\/index.php?rest_route=\/wp\/v2\/posts\/2353\/revisions"}],"predecessor-version":[{"id":2370,"href":"https:\/\/paulmelian.de\/blog\/index.php?rest_route=\/wp\/v2\/posts\/2353\/revisions\/2370"}],"wp:attachment":[{"href":"https:\/\/paulmelian.de\/blog\/index.php?rest_route=%2Fwp%2Fv2%2Fmedia&parent=2353"}],"wp:term":[{"taxonomy":"category","embeddable":true,"href":"https:\/\/paulmelian.de\/blog\/index.php?rest_route=%2Fwp%2Fv2%2Fcategories&post=2353"},{"taxonomy":"post_tag","embeddable":true,"href":"https:\/\/paulmelian.de\/blog\/index.php?rest_route=%2Fwp%2Fv2%2Ftags&post=2353"}],"curies":[{"name":"wp","href":"https:\/\/api.w.org\/{rel}","templated":true}]}}