{"id":2450,"date":"2017-12-18T10:21:35","date_gmt":"2017-12-18T08:21:35","guid":{"rendered":"http:\/\/paulmelian.de\/blog\/?p=2450"},"modified":"2019-12-04T08:28:37","modified_gmt":"2019-12-04T06:28:37","slug":"in-amurgul-intelepciunii-toate-umbrele-sunt-lungi","status":"publish","type":"post","link":"https:\/\/paulmelian.de\/blog\/?p=2450","title":{"rendered":"\u00cen amurgul \u00een\u0163elepciunii, toate umbrele sunt lungi"},"content":{"rendered":"<p>Lunga umbr\u0103 a lui Marx apare de fiecare dat\u0103 c\u00e2nd ne t\u00e2nguim de pacostea adus\u0103  de comunism. Eu cred \u00eens\u0103 c\u0103 Marx s-ar fi r\u0103sucit mai degrab\u0103 \u00een groap\u0103, dac\u0103 ar fi v\u0103zut ce iese din tezele sale. Sau, dac\u0103 ar mai fi tr\u0103it pe vremea revolu\u0163iei din 1917, s-ar fi ridicat \u00eempotriva bol\u015fevicilor, ap\u0103r\u00e2ndu-\u015fi utopia. \u00cei sar \u00eens\u0103 lui Marx &#8222;\u00een ap\u0103rare&#8221; f\u0103r\u0103 a-i ierta arogan\u0163a t\u00e2mp\u0103. <!--more--><\/p>\n<p>Dar chiar poate cineva s\u0103 cread\u0103 c\u0103 tragica experien\u0163\u0103 comunist\u0103 nu ar fi ap\u0103rut f\u0103r\u0103 doctrina lui Marx? Istoria ne \u00eenva\u0163\u0103 doar c\u0103 omenirea nu a ratat p\u00e2n\u0103 acuma nici una din str\u0103chinile \u00een care putea s\u0103 calce.<br \/>\nDar hai s\u0103 l\u0103s\u0103m considerentele ipotetice.<br \/>\nUn lucru este sigur: s\u0103rmanul Marx este f\u0103cut ast\u0103zi r\u0103spunz\u0103tor de toate relele de pe lumea asta, rele care, dac\u0103 m\u0103 \u00eentreba\u0163i pe mine, sunt de multe ori chiar bune&#8230;<br \/>\nMarxism cultural, sexomarxism, ecomarxism, tot ce nu convine unei adun\u0103turi de militan\u0163i &#8222;conservatori&#8221; este \u00eempro\u015fcat cu un limbaj care denot\u0103 o intoleran\u0163\u0103 f\u0103r\u0103 margini, propriu extremismului de orice culoare.<br \/>\nDezincriminarea homosexualit\u0103\u0163ii \u015fi a altor manifest\u0103ri sexuale benigne, pe care natura ni le-a l\u0103sat mo\u015ftenire din motive pe care nu prea le \u00een\u0163elegem (&#8222;sexomarxism&#8221;), este comb\u0103tut\u0103 cu ur\u0103. Homosexualitatea este pus\u0103 pe aceea\u015fi treapt\u0103 cu pedofilia sau cu sado-masochismul \u015fi considerat\u0103 o boal\u0103 curabil\u0103. Emanciparea femeii este considerat\u0103 un atac la masculinitate \u015fi alintat\u0103 cu acela\u015fi calificativ.<br \/>\nMi\u015fcarea ecologist\u0103 (&#8222;ecomarxism&#8221;) este considerat\u0103 &#8222;de st\u00e2nga&#8221; (&#8222;Verdele e Ro\u015fu!&#8221;), cu toate c\u0103 nu exist\u0103 nimic mai conservator dec\u00e2t dorin\u0163a de a prezerva mediul \u00een care tr\u0103im.<br \/>\nMarii intelectuali de st\u00e2nga, care au ridicat umanismul \u015fi drepturile omului la nivelul pe care \u00eel au azi \u00een lumea civilizat\u0103, devin dintr-odat\u0103 mici \u015fi, bine\u00een\u0163eles, marxi\u015fti. &#8222;Marxismul cultural&#8221; , no\u0163iune comod\u0103, con\u0163ine, la fel ca &#8222;progresismul&#8221; (care este, dup\u0103 p\u0103rerea lor regresism) toate convingerile care nu le convin.<br \/>\nO alt\u0103 umbr\u0103 \u00eens\u0103, aceea a evului mediu, ei o v\u0103d ca lumin\u0103. Tr\u0103iasc\u0103 neoobscurantiasmul.<br \/>\nDoamne fere\u015fte s\u0103 ajung\u0103 \u0103\u015ftia la putere, pentru c\u0103 sunt iresponsabili. Dreapta populist\u0103. Omenirea s-ar \u00eendrepta spre o nou\u0103 catastrof\u0103. <a href=\"https:\/\/i0.wp.com\/paulmelian.de\/blog\/wp-content\/uploads\/2017\/12\/lange-schatten.jpg\"><img data-recalc-dims=\"1\" loading=\"lazy\" decoding=\"async\" data-attachment-id=\"2460\" data-permalink=\"https:\/\/paulmelian.de\/blog\/?attachment_id=2460\" data-orig-file=\"https:\/\/i0.wp.com\/paulmelian.de\/blog\/wp-content\/uploads\/2017\/12\/lange-schatten.jpg?fit=380%2C257&amp;ssl=1\" data-orig-size=\"380,257\" data-comments-opened=\"1\" data-image-meta=\"{&quot;aperture&quot;:&quot;0&quot;,&quot;credit&quot;:&quot;&quot;,&quot;camera&quot;:&quot;&quot;,&quot;caption&quot;:&quot;&quot;,&quot;created_timestamp&quot;:&quot;0&quot;,&quot;copyright&quot;:&quot;&quot;,&quot;focal_length&quot;:&quot;0&quot;,&quot;iso&quot;:&quot;0&quot;,&quot;shutter_speed&quot;:&quot;0&quot;,&quot;title&quot;:&quot;&quot;,&quot;orientation&quot;:&quot;0&quot;}\" data-image-title=\"lange schatten\" data-image-description=\"\" data-image-caption=\"\" data-large-file=\"https:\/\/i0.wp.com\/paulmelian.de\/blog\/wp-content\/uploads\/2017\/12\/lange-schatten.jpg?fit=380%2C257&amp;ssl=1\" src=\"https:\/\/i0.wp.com\/paulmelian.de\/blog\/wp-content\/uploads\/2017\/12\/lange-schatten-300x203.jpg?resize=300%2C203\" alt=\"\" width=\"300\" height=\"203\" class=\"aligncenter size-medium wp-image-2460\" srcset=\"https:\/\/i0.wp.com\/paulmelian.de\/blog\/wp-content\/uploads\/2017\/12\/lange-schatten.jpg?resize=300%2C203&amp;ssl=1 300w, https:\/\/i0.wp.com\/paulmelian.de\/blog\/wp-content\/uploads\/2017\/12\/lange-schatten.jpg?w=380&amp;ssl=1 380w\" sizes=\"auto, (max-width: 300px) 100vw, 300px\" \/><\/a><\/p>\n","protected":false},"excerpt":{"rendered":"<p>Lunga umbr\u0103 a lui Marx apare de fiecare dat\u0103 c\u00e2nd ne t\u00e2nguim de pacostea adus\u0103 de comunism. Eu cred \u00eens\u0103 c\u0103 Marx s-ar fi r\u0103sucit mai degrab\u0103 \u00een groap\u0103, dac\u0103 ar fi v\u0103zut ce iese din tezele sale. Sau, dac\u0103 &hellip; <a href=\"https:\/\/paulmelian.de\/blog\/?p=2450\">Continu\u0103 s\u0103 cite\u0219ti <span class=\"meta-nav\">&rarr;<\/span><\/a><\/p>\n","protected":false},"author":1,"featured_media":0,"comment_status":"open","ping_status":"open","sticky":false,"template":"","format":"standard","meta":{"ngg_post_thumbnail":0,"jetpack_post_was_ever_published":false,"_jetpack_newsletter_access":"","_jetpack_dont_email_post_to_subs":false,"_jetpack_newsletter_tier_id":0,"_jetpack_memberships_contains_paywalled_content":false,"_jetpack_memberships_contains_paid_content":false,"footnotes":"","jetpack_publicize_message":"","jetpack_publicize_feature_enabled":true,"jetpack_social_post_already_shared":true,"jetpack_social_options":{"image_generator_settings":{"template":"highway","default_image_id":0,"font":"","enabled":false},"version":2}},"categories":[8,9,6,14,17,19],"tags":[],"class_list":["post-2450","post","type-post","status-publish","format-standard","hentry","category-general","category-internautice","category-borituri","category-oameni","category-politica","category-romania-in-lume"],"jetpack_publicize_connections":[],"jetpack_featured_media_url":"","jetpack_sharing_enabled":true,"jetpack_shortlink":"https:\/\/wp.me\/p9mZDH-Dw","jetpack_likes_enabled":true,"jetpack-related-posts":[{"id":6225,"url":"https:\/\/paulmelian.de\/blog\/?p=6225","url_meta":{"origin":2450,"position":0},"title":"Cum o traducem pe Herta M\u00fcller: un fel de bilan\u0163","author":"Mihai","date":"2 decembrie 2022","format":false,"excerpt":"Lejeritatea diletantului nu poate compensa lipsa profesionismului, spun profesioni\u015ftii. Dar nu e nicio nevoie, slav\u0103 Domnului, spunem noi diletan\u0163ii. \u00cen urm\u0103 cu vreo 11 ani, am trimis editurii Humanitas Fiction un mesaj prin e-mail prin care \u00eemi exprimam dezaprobarea fa\u0163\u0103 de traducerea \u00een rom\u00e2ne\u015fte a romanelor amintite aici. A\u015fa cum\u2026","rel":"","context":"\u00cen \u201eDeutsche Erinnerungen \/ Amintiri din Germania\u201d","block_context":{"text":"Deutsche Erinnerungen \/ Amintiri din Germania","link":"https:\/\/paulmelian.de\/blog\/?cat=2"},"img":{"alt_text":"","src":"https:\/\/i0.wp.com\/paulmelian.de\/blog\/wp-content\/uploads\/2022\/12\/wordcloud1-300x300.png?resize=350%2C200","width":350,"height":200},"classes":[]},{"id":182,"url":"https:\/\/paulmelian.de\/blog\/?p=182","url_meta":{"origin":2450,"position":1},"title":"Adio, Ca\u0163avencilor. Sunte\u0163i pe lista mea neagr\u0103.","author":"Mihai","date":"23 ianuarie 2014","format":false,"excerpt":"Autor: Mihai De fiecare dat\u0103 c\u00e2nd apare c\u00e2te un caz mai r\u0103sun\u0103tor de dare \u015fi luare de \u015fpag\u0103, plebea \u00eencepe s\u0103 urle. De mass media nici nu mai vorbesc. Unii url\u0103 de indignare, dup\u0103 tipicul: \u201eUnde-am ajuns, dac\u0103 p\u00e2n\u0103 \u015fi \u0103\u015ftia au \u00eenceput s\u0103 ia \u015fpag\u0103!\u201c, \u00een timp ce ceilal\u0163i\u2026","rel":"","context":"\u00cen \u201eGeneral\u201d","block_context":{"text":"General","link":"https:\/\/paulmelian.de\/blog\/?cat=8"},"img":{"alt_text":"","src":"","width":0,"height":0},"classes":[]},{"id":2838,"url":"https:\/\/paulmelian.de\/blog\/?p=2838","url_meta":{"origin":2450,"position":2},"title":"Un sfat bine inten\u0163ionat","author":"Mihai","date":"26 mai 2018","format":false,"excerpt":"C\u00e2nd am fost la RMN dup\u0103 ruptura de ligamente de la um\u0103r, un t\u00e2n\u0103r medic din Cluj mi-a pus o droaie de \u00eentreb\u0103ri cu privire la situa\u0163ia din Germania. Totul pornea de la faptul c\u0103 prietena lui, care se afla \u00een ultimul an la medicin\u0103, cocheta cu ideea de a\u2026","rel":"","context":"\u00cen \u201eDeutsche Erinnerungen \/ Amintiri din Germania\u201d","block_context":{"text":"Deutsche Erinnerungen \/ Amintiri din Germania","link":"https:\/\/paulmelian.de\/blog\/?cat=2"},"img":{"alt_text":"","src":"https:\/\/i0.wp.com\/paulmelian.de\/blog\/wp-content\/uploads\/2018\/01\/Gott-in-wei%C3%9F-300x122.jpg?resize=350%2C200","width":350,"height":200},"classes":[]},{"id":3790,"url":"https:\/\/paulmelian.de\/blog\/?p=3790","url_meta":{"origin":2450,"position":3},"title":"Trio Tropa","author":"Mihai","date":"19 septembrie 2019","format":false,"excerpt":"Dan Alexe, Andrei Caramitru, Adrian Papahagi: trei personaje roase de orgoliu, care declar\u0103 \u00een mod repetat c\u0103 se detest\u0103 reciproc, c\u0103 nu vreau s\u0103 aib\u0103 de-a face unul cu altul, dar cu toate acestea continu\u0103, spre desf\u0103tarea faunei a\u015fa zi\u015filor lor prieteni, o polemic\u0103 meschin\u0103 \u015fi anost\u0103. Toat\u0103 aceast\u0103 reprezenta\u0163ie\u2026","rel":"","context":"\u00cen \u201eGeneral\u201d","block_context":{"text":"General","link":"https:\/\/paulmelian.de\/blog\/?cat=8"},"img":{"alt_text":"","src":"https:\/\/i0.wp.com\/paulmelian.de\/blog\/wp-content\/uploads\/2019\/09\/Screenshot_2019-09-19-Die-drei-Bettler-Deutsche-Digitale-Bibliothek-274x300.png?resize=350%2C200","width":350,"height":200},"classes":[]},{"id":4466,"url":"https:\/\/paulmelian.de\/blog\/?p=4466","url_meta":{"origin":2450,"position":4},"title":"Penibilit\u0103\u0163i","author":"Mihai","date":"29 martie 2020","format":false,"excerpt":"Chestia cu suportul pentru dou\u0103 steaguri, fixat pe fa\u0163ada fiec\u0103rei case, a ap\u0103rut \u00eenc\u0103 pe vremea lui Stalin, c\u00e2nd \u201epavoazarea\u201d caselor era, sub amenin\u0163area unor pedepse draconice, obligatorie. Pe vremea aceea erau impuse drapelele sovietic \u015fi rom\u00e2nesc. \u00cemi amintesc din acele timpuri cum noi, mama, tata, sor\u0103-mea \u015fi cu mine\u2026","rel":"","context":"\u00cen \u201eGeneral\u201d","block_context":{"text":"General","link":"https:\/\/paulmelian.de\/blog\/?cat=8"},"img":{"alt_text":"","src":"https:\/\/i0.wp.com\/paulmelian.de\/blog\/wp-content\/uploads\/2020\/03\/Suport-steaguri-150x150.jpg?resize=350%2C200","width":350,"height":200},"classes":[]},{"id":2062,"url":"https:\/\/paulmelian.de\/blog\/?p=2062","url_meta":{"origin":2450,"position":5},"title":"Ce-i cu tine, m\u0103i Costine?","author":"Mihai","date":"24 august 2017","format":false,"excerpt":"Acu' vreun ani\u015for am primit de la LinkedIn solicitarea d-lui Costin Andrie\u015f, redactor la \u00ceLD, de a o include pe domnia sa \u00een lista mea de contacte profesionale. I-am r\u0103spuns prin dou\u0103 mesaje personale cu con\u0163inut identic, at\u00e2t prin LinkedIn, c\u00e2t \u015fi prin facebook: 28.08.2016 Stimate d-le Andrie\u015f, de la\u2026","rel":"","context":"\u00cen \u201eGeneral\u201d","block_context":{"text":"General","link":"https:\/\/paulmelian.de\/blog\/?cat=8"},"img":{"alt_text":"","src":"","width":0,"height":0},"classes":[]}],"post_mailing_queue_ids":[],"_links":{"self":[{"href":"https:\/\/paulmelian.de\/blog\/index.php?rest_route=\/wp\/v2\/posts\/2450","targetHints":{"allow":["GET"]}}],"collection":[{"href":"https:\/\/paulmelian.de\/blog\/index.php?rest_route=\/wp\/v2\/posts"}],"about":[{"href":"https:\/\/paulmelian.de\/blog\/index.php?rest_route=\/wp\/v2\/types\/post"}],"author":[{"embeddable":true,"href":"https:\/\/paulmelian.de\/blog\/index.php?rest_route=\/wp\/v2\/users\/1"}],"replies":[{"embeddable":true,"href":"https:\/\/paulmelian.de\/blog\/index.php?rest_route=%2Fwp%2Fv2%2Fcomments&post=2450"}],"version-history":[{"count":13,"href":"https:\/\/paulmelian.de\/blog\/index.php?rest_route=\/wp\/v2\/posts\/2450\/revisions"}],"predecessor-version":[{"id":4061,"href":"https:\/\/paulmelian.de\/blog\/index.php?rest_route=\/wp\/v2\/posts\/2450\/revisions\/4061"}],"wp:attachment":[{"href":"https:\/\/paulmelian.de\/blog\/index.php?rest_route=%2Fwp%2Fv2%2Fmedia&parent=2450"}],"wp:term":[{"taxonomy":"category","embeddable":true,"href":"https:\/\/paulmelian.de\/blog\/index.php?rest_route=%2Fwp%2Fv2%2Fcategories&post=2450"},{"taxonomy":"post_tag","embeddable":true,"href":"https:\/\/paulmelian.de\/blog\/index.php?rest_route=%2Fwp%2Fv2%2Ftags&post=2450"}],"curies":[{"name":"wp","href":"https:\/\/api.w.org\/{rel}","templated":true}]}}