{"id":2567,"date":"2018-01-06T08:36:20","date_gmt":"2018-01-06T06:36:20","guid":{"rendered":"http:\/\/paulmelian.de\/blog\/?p=2567"},"modified":"2018-01-06T11:49:15","modified_gmt":"2018-01-06T09:49:15","slug":"fire-and-fury","status":"publish","type":"post","link":"https:\/\/paulmelian.de\/blog\/?p=2567","title":{"rendered":"Fire and Fury"},"content":{"rendered":"<p>&#8222;Ca un copil&#8221;, &#8222;dorin\u0163ele trebuie s\u0103-i fie \u00eendeplinite imediat&#8221;, &#8222;\u015fi-a pierdut min\u0163ile&#8221;, &#8222;idiot&#8221;, &#8222;t\u00e2mpit&#8221;, &#8222;se repet\u0103 mereu&#8221;, &#8222;egocentric&#8221;, &#8222;narcisist&#8221;.<br \/>\nNu, calificativele de mai sus nu se refer\u0103 la dictatorul nord-coreean Kim Jong-un, ci exprim\u0103 p\u0103rerile dominante ale celor care lucreaz\u0103 la Casa Alb\u0103 despre cel care are &#8222;un buton ro\u015fu \u015fi mai mare&#8221;.<br \/>\n(By the way: Episodul public\u0103rii c\u0103r\u0163ii men\u0163ionate \u00een titlu ne demonstreaz\u0103 \u00eenc\u0103 odat\u0103 cu claritate &#8222;sl\u0103biciunile&#8221; democra\u0163iei occidentale: Donald Trump nu a putut \u00eempiedica, cu tot efortul depus, apari\u0163ia c\u0103r\u0163ii, pe c\u00e2nd \u00een Coreea de Nord problema nici c\u0103 se pune&#8230;)<a href=\"https:\/\/i0.wp.com\/paulmelian.de\/blog\/wp-content\/uploads\/2018\/01\/Kim-Jong-Un-Inspects-North-Korean-Nuclear-Weaponization-Program.jpg\"><img data-recalc-dims=\"1\" loading=\"lazy\" decoding=\"async\" data-attachment-id=\"2574\" data-permalink=\"https:\/\/paulmelian.de\/blog\/?attachment_id=2574\" data-orig-file=\"https:\/\/i0.wp.com\/paulmelian.de\/blog\/wp-content\/uploads\/2018\/01\/Kim-Jong-Un-Inspects-North-Korean-Nuclear-Weaponization-Program.jpg?fit=1000%2C556&amp;ssl=1\" data-orig-size=\"1000,556\" data-comments-opened=\"1\" data-image-meta=\"{&quot;aperture&quot;:&quot;0&quot;,&quot;credit&quot;:&quot;&quot;,&quot;camera&quot;:&quot;&quot;,&quot;caption&quot;:&quot;&quot;,&quot;created_timestamp&quot;:&quot;0&quot;,&quot;copyright&quot;:&quot;&quot;,&quot;focal_length&quot;:&quot;0&quot;,&quot;iso&quot;:&quot;0&quot;,&quot;shutter_speed&quot;:&quot;0&quot;,&quot;title&quot;:&quot;&quot;,&quot;orientation&quot;:&quot;0&quot;}\" data-image-title=\"Kim-Jong-Un-Inspects-North-Korean-Nuclear-Weaponization-Program\" data-image-description=\"\" data-image-caption=\"\" data-large-file=\"https:\/\/i0.wp.com\/paulmelian.de\/blog\/wp-content\/uploads\/2018\/01\/Kim-Jong-Un-Inspects-North-Korean-Nuclear-Weaponization-Program.jpg?fit=640%2C356&amp;ssl=1\" class=\"aligncenter size-medium wp-image-2574\" src=\"https:\/\/i0.wp.com\/paulmelian.de\/blog\/wp-content\/uploads\/2018\/01\/Kim-Jong-Un-Inspects-North-Korean-Nuclear-Weaponization-Program-300x167.jpg?resize=300%2C167\" alt=\"\" width=\"300\" height=\"167\" srcset=\"https:\/\/i0.wp.com\/paulmelian.de\/blog\/wp-content\/uploads\/2018\/01\/Kim-Jong-Un-Inspects-North-Korean-Nuclear-Weaponization-Program.jpg?resize=300%2C167&amp;ssl=1 300w, https:\/\/i0.wp.com\/paulmelian.de\/blog\/wp-content\/uploads\/2018\/01\/Kim-Jong-Un-Inspects-North-Korean-Nuclear-Weaponization-Program.jpg?resize=768%2C427&amp;ssl=1 768w, https:\/\/i0.wp.com\/paulmelian.de\/blog\/wp-content\/uploads\/2018\/01\/Kim-Jong-Un-Inspects-North-Korean-Nuclear-Weaponization-Program.jpg?w=1000&amp;ssl=1 1000w\" sizes=\"auto, (max-width: 300px) 100vw, 300px\" \/><\/a><\/p>\n","protected":false},"excerpt":{"rendered":"<p>&#8222;Ca un copil&#8221;, &#8222;dorin\u0163ele trebuie s\u0103-i fie \u00eendeplinite imediat&#8221;, &#8222;\u015fi-a pierdut min\u0163ile&#8221;, &#8222;idiot&#8221;, &#8222;t\u00e2mpit&#8221;, &#8222;se repet\u0103 mereu&#8221;, &#8222;egocentric&#8221;, &#8222;narcisist&#8221;. Nu, calificativele de mai sus nu se refer\u0103 la dictatorul nord-coreean Kim Jong-un, ci exprim\u0103 p\u0103rerile dominante ale celor care lucreaz\u0103 &hellip; <a href=\"https:\/\/paulmelian.de\/blog\/?p=2567\">Continu\u0103 s\u0103 cite\u0219ti <span class=\"meta-nav\">&rarr;<\/span><\/a><\/p>\n","protected":false},"author":1,"featured_media":0,"comment_status":"open","ping_status":"open","sticky":false,"template":"","format":"standard","meta":{"ngg_post_thumbnail":0,"jetpack_post_was_ever_published":false,"_jetpack_newsletter_access":"","_jetpack_dont_email_post_to_subs":false,"_jetpack_newsletter_tier_id":0,"_jetpack_memberships_contains_paywalled_content":false,"_jetpack_memberships_contains_paid_content":false,"footnotes":"","jetpack_publicize_message":"","jetpack_publicize_feature_enabled":true,"jetpack_social_post_already_shared":true,"jetpack_social_options":{"image_generator_settings":{"template":"highway","default_image_id":0,"font":"","enabled":false},"version":2}},"categories":[8,6,14,17],"tags":[],"class_list":["post-2567","post","type-post","status-publish","format-standard","hentry","category-general","category-borituri","category-oameni","category-politica"],"jetpack_publicize_connections":[],"jetpack_featured_media_url":"","jetpack_sharing_enabled":true,"jetpack_shortlink":"https:\/\/wp.me\/p9mZDH-Fp","jetpack_likes_enabled":true,"jetpack-related-posts":[{"id":62,"url":"https:\/\/paulmelian.de\/blog\/?p=62","url_meta":{"origin":2567,"position":0},"title":"Cine pe cine tr\u0103deaz\u0103","author":"Mihai","date":"13 martie 2011","format":false,"excerpt":"Indignarea mea dup\u0103 lectura c\u0103r\u0163ii \u201e\u00cenc\u0103 de pe atunci vulpea era v\u00e2n\u0103torul\u201d \u00eenc\u0103 n-a disp\u0103rut, a\u015fa \u00eenc\u00e2t am considerat \u2013 f\u0103r\u0103 ca totu\u015fi s\u0103-mi fac iluzii - oportun s\u0103 informez editura Humanitas despre felul cum v\u0103d eu lucrurile, adic\u0103 traducerea. \u00cen aceea\u015fi ordine de idei, mi-am zis c\u0103 n-ar strica\u2026","rel":"","context":"\u00cen \u201eGeneral\u201d","block_context":{"text":"General","link":"https:\/\/paulmelian.de\/blog\/?cat=8"},"img":{"alt_text":"","src":"","width":0,"height":0},"classes":[]},{"id":5393,"url":"https:\/\/paulmelian.de\/blog\/?p=5393","url_meta":{"origin":2567,"position":1},"title":"Infrastruktur \/ Infrastructur\u0103","author":"Mihai","date":"22 noiembrie 2020","format":false,"excerpt":"Von einer deutschen \u00dcbersetzung dieses Textes habe ich abgesehen: der deutsche Leser w\u00fcrde ihn ohnehin nicht verstehen k\u00f6nnen, das ist schlicht eine andere Welt. Vielleicht kann er sich durch die Bilder einen Eindruck machen, worum es geht. === Au trecut vreo cinci ani de c\u00e2nd m-am enervat citind un articol\u2026","rel":"","context":"\u00cen \u201eGeneral\u201d","block_context":{"text":"General","link":"https:\/\/paulmelian.de\/blog\/?cat=8"},"img":{"alt_text":"","src":"https:\/\/i0.wp.com\/paulmelian.de\/blog\/wp-content\/uploads\/2020\/03\/Pana-curent-300x169.jpg?resize=350%2C200","width":350,"height":200},"classes":[]},{"id":4417,"url":"https:\/\/paulmelian.de\/blog\/?p=4417","url_meta":{"origin":2567,"position":2},"title":"Bine a\u0163i venit la Electrica&#8230;","author":"Mihai","date":"25 martie 2020","format":false,"excerpt":"Locuind \u00een Rom\u00e2nia la \u0163ar\u0103, trebuie neap\u0103rat s\u0103 ai num\u0103rul de telefon de la Electrica salvat \u00een mobil. Pentru c\u0103 telefoanele \"fixe\" au \u015fi ele, \u00een majoritatea cazurilor, nevoie de curent. Utilitatea acestei reguli mi-a fost confirmat\u0103 azi din nou. Curentul s-a \u00eentrerupt pe la zece diminea\u0163a. Am sunat. \u015ei\u2026","rel":"","context":"\u00cen \u201eGeneral\u201d","block_context":{"text":"General","link":"https:\/\/paulmelian.de\/blog\/?cat=8"},"img":{"alt_text":"","src":"https:\/\/i0.wp.com\/paulmelian.de\/blog\/wp-content\/uploads\/2020\/03\/Pana-curent-300x169.jpg?resize=350%2C200","width":350,"height":200},"classes":[]},{"id":174,"url":"https:\/\/paulmelian.de\/blog\/?p=174","url_meta":{"origin":2567,"position":3},"title":"Legalizarea exportului de organe?","author":"Mihai","date":"5 ianuarie 2014","format":false,"excerpt":"Exodul de creier pare s\u0103 fie, cel pu\u0163in \u00een anumite cazuri particulare, fapt \u00eemplinit. PS Celor care nu v\u0103d nicio diferen\u0163\u0103 \u00eentre cuvintele \"scop\" \u015fi \"\u0163int\u0103\" (sau \"destina\u0163ie\", \"\u0163el\"), le recomand citirea articolului \"Ziaristul rom\u00e2n: un specimen numeros\" sau, \u00een cazurile deosebit de grave, a c\u0103r\u0163ii de telefon.","rel":"","context":"\u00cen \u201eGeneral\u201d","block_context":{"text":"General","link":"https:\/\/paulmelian.de\/blog\/?cat=8"},"img":{"alt_text":"","src":"","width":0,"height":0},"classes":[]},{"id":43,"url":"https:\/\/paulmelian.de\/blog\/?p=43","url_meta":{"origin":2567,"position":4},"title":"Potemkinizarea satului rom\u00e2nesc","author":"Mihai","date":"22 ianuarie 2010","format":false,"excerpt":"Se poate s\u0103 nu cunoa\u015fte\u0163i termenul de \u201eSat Potemkin(ian)\u201c, pentru c\u0103, spre deosebire de alte culturi (vezi fr. Village Potemkine, engl. Potemkin Village, germ. potemkinsches Dorf \u015famd.) la noi nu se prea folose\u015fte. Acest fapt are, bine\u00een\u0163eles, o semnifica\u0163ie mai ad\u00e2nc\u0103 : ideea fundamental\u0103 a acestui mit ni se potrive\u015fte\u2026","rel":"","context":"\u00cen \u201eGeneral\u201d","block_context":{"text":"General","link":"https:\/\/paulmelian.de\/blog\/?cat=8"},"img":{"alt_text":"P1000430a","src":"https:\/\/i0.wp.com\/paulmelian.de\/blog\/wp-content\/uploads\/2010\/01\/P1000430a-300x225.jpg?resize=350%2C200","width":350,"height":200},"classes":[]},{"id":280,"url":"https:\/\/paulmelian.de\/blog\/?p=280","url_meta":{"origin":2567,"position":5},"title":"Nega\u0163ionism ecologic","author":"Mihai","date":"26 ianuarie 2015","format":false,"excerpt":"Dac\u0103 v\u0103 aminti\u0163i, acum un an am avut un mic \u201cschimb de p\u0103reri\u201d cu doi redactori precum \u015fi cu doi adep\u0163i \u00eenfoca\u0163i \u015fi comentatori ai platformei \u00cen Linie Dreapt\u0103. M\u0103rul discordiei consta \u00een faptul c\u0103, baz\u00e2ndu-se \u00een special pe o perioad\u0103 de iarn\u0103 sever\u0103 \u00een America de Nord la \u00eenceputul\u2026","rel":"","context":"\u00cen \u201eGeneral\u201d","block_context":{"text":"General","link":"https:\/\/paulmelian.de\/blog\/?cat=8"},"img":{"alt_text":"","src":"","width":0,"height":0},"classes":[]}],"post_mailing_queue_ids":[],"_links":{"self":[{"href":"https:\/\/paulmelian.de\/blog\/index.php?rest_route=\/wp\/v2\/posts\/2567","targetHints":{"allow":["GET"]}}],"collection":[{"href":"https:\/\/paulmelian.de\/blog\/index.php?rest_route=\/wp\/v2\/posts"}],"about":[{"href":"https:\/\/paulmelian.de\/blog\/index.php?rest_route=\/wp\/v2\/types\/post"}],"author":[{"embeddable":true,"href":"https:\/\/paulmelian.de\/blog\/index.php?rest_route=\/wp\/v2\/users\/1"}],"replies":[{"embeddable":true,"href":"https:\/\/paulmelian.de\/blog\/index.php?rest_route=%2Fwp%2Fv2%2Fcomments&post=2567"}],"version-history":[{"count":9,"href":"https:\/\/paulmelian.de\/blog\/index.php?rest_route=\/wp\/v2\/posts\/2567\/revisions"}],"predecessor-version":[{"id":2580,"href":"https:\/\/paulmelian.de\/blog\/index.php?rest_route=\/wp\/v2\/posts\/2567\/revisions\/2580"}],"wp:attachment":[{"href":"https:\/\/paulmelian.de\/blog\/index.php?rest_route=%2Fwp%2Fv2%2Fmedia&parent=2567"}],"wp:term":[{"taxonomy":"category","embeddable":true,"href":"https:\/\/paulmelian.de\/blog\/index.php?rest_route=%2Fwp%2Fv2%2Fcategories&post=2567"},{"taxonomy":"post_tag","embeddable":true,"href":"https:\/\/paulmelian.de\/blog\/index.php?rest_route=%2Fwp%2Fv2%2Ftags&post=2567"}],"curies":[{"name":"wp","href":"https:\/\/api.w.org\/{rel}","templated":true}]}}