{"id":3052,"date":"2018-11-27T09:09:39","date_gmt":"2018-11-27T07:09:39","guid":{"rendered":"http:\/\/paulmelian.de\/blog\/?p=3052"},"modified":"2018-11-27T09:09:39","modified_gmt":"2018-11-27T07:09:39","slug":"cand-absurdul-devine-ridicol","status":"publish","type":"post","link":"https:\/\/paulmelian.de\/blog\/?p=3052","title":{"rendered":"C\u00e2nd absurdul devine ridicol"},"content":{"rendered":"<p>F\u0103r\u0103 s\u0103 se lase impresionat\u0103 de numeroasele momente penibile ale <a href=\"https:\/\/de.wikipedia.org\/wiki\/Du_bist_Deutschland\">campaniei mediale<\/a> &#8222;Du bist Deutschland&#8221; din 2006 (vezi mai jos cum era v\u0103zut adesea logo-ul), TVR a lansat campania <a href=\"http:\/\/stiri.tvr.ro\/eusuntromania.html\">#EuSuntRom\u00e2nia<\/a>.<br \/>\nDac\u0103 ini\u0163iatorii campaniei germane m\u0103car \u00eencercau s\u0103 te conving\u0103 (uneori chiar prin argumente!), de faptul c\u0103 &#8222;tu e\u015fti Germania&#8221;, TVR pleac\u0103 de la premiza c\u0103 orice rom\u00e2n trebuie s\u0103 fie m\u00e2ndru pentru darul divin care i-a fost acordat, \u015fi trebuie doar s\u0103 ne spun\u0103 <a href=\"http:\/\/stiri.tvr.ro\/-eusuntromania--sorin--baia-mare---sunt-mandru-de-romania-pentru-ca-este-pre--uita-in-lume_838692.html#view\">de ce<\/a>.<br \/>\nCe po\u0163i s\u0103 faci, la at\u00e2ta t\u00e2mpenie adunat\u0103 gr\u0103mad\u0103, care se al\u0103tur\u0103 balivernelor infestate de dacopatie? S\u0103 protestezi? P\u0103i, <a href=\"http:\/\/paulmelian.de\/blog\/?p=2125\">eu am protestat<\/a> deja.<br \/>\nS\u0103 v\u0103 ia dracul cu neao\u015fismele voastre, v\u0103 lipse\u015fte sim\u0163ul ridicolului \u015fi face\u0163i \u0163ara de r\u00e2sul lumii. Idio\u0163ilor.<br \/>\n<a href=\"https:\/\/i0.wp.com\/paulmelian.de\/blog\/wp-content\/uploads\/2018\/11\/460px-DubistHundehaufen.svg_.png\"><img data-recalc-dims=\"1\" loading=\"lazy\" decoding=\"async\" data-attachment-id=\"3057\" data-permalink=\"https:\/\/paulmelian.de\/blog\/?attachment_id=3057\" data-orig-file=\"https:\/\/i0.wp.com\/paulmelian.de\/blog\/wp-content\/uploads\/2018\/11\/460px-DubistHundehaufen.svg_.png?fit=460%2C280&amp;ssl=1\" data-orig-size=\"460,280\" data-comments-opened=\"1\" data-image-meta=\"{&quot;aperture&quot;:&quot;0&quot;,&quot;credit&quot;:&quot;&quot;,&quot;camera&quot;:&quot;&quot;,&quot;caption&quot;:&quot;&quot;,&quot;created_timestamp&quot;:&quot;0&quot;,&quot;copyright&quot;:&quot;&quot;,&quot;focal_length&quot;:&quot;0&quot;,&quot;iso&quot;:&quot;0&quot;,&quot;shutter_speed&quot;:&quot;0&quot;,&quot;title&quot;:&quot;&quot;,&quot;orientation&quot;:&quot;0&quot;}\" data-image-title=\"460px-DubistHundehaufen.svg\" data-image-description=\"\" data-image-caption=\"\" data-large-file=\"https:\/\/i0.wp.com\/paulmelian.de\/blog\/wp-content\/uploads\/2018\/11\/460px-DubistHundehaufen.svg_.png?fit=460%2C280&amp;ssl=1\" src=\"https:\/\/i0.wp.com\/paulmelian.de\/blog\/wp-content\/uploads\/2018\/11\/460px-DubistHundehaufen.svg_.png?resize=460%2C280\" alt=\"\" width=\"460\" height=\"280\" class=\"aligncenter size-full wp-image-3057\" srcset=\"https:\/\/i0.wp.com\/paulmelian.de\/blog\/wp-content\/uploads\/2018\/11\/460px-DubistHundehaufen.svg_.png?w=460&amp;ssl=1 460w, https:\/\/i0.wp.com\/paulmelian.de\/blog\/wp-content\/uploads\/2018\/11\/460px-DubistHundehaufen.svg_.png?resize=300%2C183&amp;ssl=1 300w\" sizes=\"auto, (max-width: 460px) 100vw, 460px\" \/><\/a><\/p>\n","protected":false},"excerpt":{"rendered":"<p>F\u0103r\u0103 s\u0103 se lase impresionat\u0103 de numeroasele momente penibile ale campaniei mediale &#8222;Du bist Deutschland&#8221; din 2006 (vezi mai jos cum era v\u0103zut adesea logo-ul), TVR a lansat campania #EuSuntRom\u00e2nia. Dac\u0103 ini\u0163iatorii campaniei germane m\u0103car \u00eencercau s\u0103 te conving\u0103 (uneori &hellip; <a href=\"https:\/\/paulmelian.de\/blog\/?p=3052\">Continu\u0103 s\u0103 cite\u0219ti <span class=\"meta-nav\">&rarr;<\/span><\/a><\/p>\n","protected":false},"author":1,"featured_media":0,"comment_status":"open","ping_status":"open","sticky":false,"template":"","format":"standard","meta":{"ngg_post_thumbnail":0,"_jetpack_newsletter_access":"","_jetpack_dont_email_post_to_subs":false,"_jetpack_newsletter_tier_id":0,"_jetpack_memberships_contains_paywalled_content":false,"_jetpack_feature_clip_id":0,"_jetpack_memberships_contains_paid_content":false,"footnotes":"","jetpack_publicize_message":"","jetpack_publicize_feature_enabled":true,"jetpack_social_post_already_shared":true,"jetpack_social_options":{"image_generator_settings":{"template":"highway","default_image_id":0,"font":"","enabled":false},"version":2},"jetpack_post_was_ever_published":false},"categories":[2,8,9,6,1,17,19],"tags":[],"class_list":["post-3052","post","type-post","status-publish","format-standard","hentry","category-amintiri-din-germania","category-general","category-internautice","category-borituri","category-fara-categorie","category-politica","category-romania-in-lume"],"jetpack_publicize_connections":[],"jetpack_sharing_enabled":true,"jetpack_shortlink":"https:\/\/wp.me\/p9mZDH-Ne","jetpack_likes_enabled":true,"jetpack-related-posts":[{"id":4263,"url":"https:\/\/paulmelian.de\/blog\/?p=4263","url_meta":{"origin":3052,"position":0},"title":"Necazul cu genele","author":"Mihai","date":"20 ianuarie 2020","format":false,"excerpt":"Ia te uit\u0103! Genele produc pl\u0103cere? \u015eie eu care credeam c\u0103 genele provoac\u0103 doar boli! L\u0103s\u00e2nd gluma la o parte, dau cuv\u00e2ntul psihologului Marius Zamfir, care, dup\u0103 cum relateaz\u0103 TVR, ar fi afirmat textual: Dac\u0103 vorbim strict de autismul virtual \u00een primul r\u00e2nd trebuie eliminat\u0103 cauza. [ ] Noi am\u2026","rel":"","context":"\u00cen \u201eGeneral\u201d","block_context":{"text":"General","link":"https:\/\/paulmelian.de\/blog\/?cat=8"},"img":{"alt_text":"","src":"https:\/\/i0.wp.com\/paulmelian.de\/blog\/wp-content\/uploads\/2020\/01\/gene-300x150.jpg?resize=350%2C200","width":350,"height":200},"classes":[]},{"id":1967,"url":"https:\/\/paulmelian.de\/blog\/?p=1967","url_meta":{"origin":3052,"position":1},"title":"\u015etiri &#8222;impar\u0163iale&#8221;","author":"Mihai","date":"22 martie 2017","format":false,"excerpt":"TVR ne informeaz\u0103 despre ultimele ispr\u0103vi ale lui Erdogan. A\u015fa cum se cuvine unui post de televiziune rom\u00e2nesc, care nu vrea s\u0103-\u015fi atrag\u0103 cumva asupra sa reprobiul* publicului autohton, \u015ftirea se d\u0103 \u00eentr-un mod... hai s\u0103 folosesc un eufemism: echivoc. Cititorul care nu se informeaz\u0103 din alte surse, nu realizeaz\u0103\u2026","rel":"","context":"\u00cen \u201eDeutsche Erinnerungen \/ Amintiri din Germania\u201d","block_context":{"text":"Deutsche Erinnerungen \/ Amintiri din Germania","link":"https:\/\/paulmelian.de\/blog\/?cat=2"},"img":{"alt_text":"","src":"","width":0,"height":0},"classes":[]},{"id":3992,"url":"https:\/\/paulmelian.de\/blog\/?p=3992","url_meta":{"origin":3052,"position":2},"title":"Preocup\u0103ri metafizice","author":"Mihai","date":"22 noiembrie 2019","format":false,"excerpt":"\u00cen postarea \"\u015eocuri culturale care sun\u0103 de dou\u0103 ori\", Dan Alexe se e\u015fofeaz\u0103 din cauza unor Snobi afecta\u021bi au s\u0103 sar\u0103 imediat c\u0103 \u201capple pie\u201d nu e \u201c\u0219trudel\u201d \u0219i alte asemenea preocup\u0103ri metafizice, chit c\u0103 textul nu e despre asta. Mda. \u00cens\u0103 \u00een momentul \u00een care domnia sa traduce din\u2026","rel":"","context":"\u00cen \u201eDeutsche Erinnerungen \/ Amintiri din Germania\u201d","block_context":{"text":"Deutsche Erinnerungen \/ Amintiri din Germania","link":"https:\/\/paulmelian.de\/blog\/?cat=2"},"img":{"alt_text":"","src":"https:\/\/i0.wp.com\/paulmelian.de\/blog\/wp-content\/uploads\/2019\/11\/Mit-si-Metafizica-217x300.jpg?resize=350%2C200","width":350,"height":200},"classes":[]},{"id":183,"url":"https:\/\/paulmelian.de\/blog\/?p=183","url_meta":{"origin":3052,"position":3},"title":"Rom\u00e2nia n-are nevoie de du\u015fmani externi","author":"Mihai","date":"26 ianuarie 2014","format":false,"excerpt":"Autor: Mihai Washington Post constat\u0103 cam a\u015fa: Rom\u00e2nia, o \u0163ar\u0103 cu 19 milioane de locuitori, n-are du\u015fmani externi, dar are \u015fapte servicii de informa\u0163ii. Cu toate astea, nu poate g\u0103si un avion. Unul din cele \u015fapte servicii a investit 40 de milioane de euro \u00een sistemul de apelare de urgen\u0163\u0103\u2026","rel":"","context":"\u00cen \u201eGeneral\u201d","block_context":{"text":"General","link":"https:\/\/paulmelian.de\/blog\/?cat=8"},"img":{"alt_text":"","src":"","width":0,"height":0},"classes":[]},{"id":6104,"url":"https:\/\/paulmelian.de\/blog\/?p=6104","url_meta":{"origin":3052,"position":4},"title":"BOR\u00eeturi","author":"Mihai","date":"11 decembrie 2021","format":false,"excerpt":"Preot ortodox la proTV: Dac\u0103 so\u021bul are o ispit\u0103 \u0219i vine spre so\u021bie, dac\u0103 so\u021bia zice nu, las\u0103-m\u0103 \u00een pace, pleac\u0103 de aici, so\u021bul r\u0103m\u00e2ne a\u0219a tulburat \u0219i se poate duce \u00een alt\u0103 parte, doamne fere\u0219te. Ca s\u0103 nu se duc\u0103 \u00een alt\u0103 parte, so\u021bia trebuie s\u0103 intre \u00een jertf\u0103.\u2026","rel":"","context":"\u00cen \u201eAntifeminismus \/ Antifeminism\u201d","block_context":{"text":"Antifeminismus \/ Antifeminism","link":"https:\/\/paulmelian.de\/blog\/?cat=4"},"img":{"alt_text":"","src":"https:\/\/i0.wp.com\/paulmelian.de\/blog\/wp-content\/uploads\/2021\/12\/Kotzen-300x212.jpg?resize=350%2C200","width":350,"height":200},"classes":[]},{"id":140,"url":"https:\/\/paulmelian.de\/blog\/?p=140","url_meta":{"origin":3052,"position":5},"title":"De ziua limbii rom\u00e2ne&#8230;","author":"Mihai","date":"31 august 2013","format":false,"excerpt":"...TVR \u00ee\u015fi d\u0103 din nou \u00een petic: Pentru a atrage aten\u0163ia asupra importan\u0163ei p\u0103str\u0103rii calit\u0103\u0163ii limbii rom\u00e2ne \u015fi pentru a-i sprijini pe rom\u00e2nii din afara grani\u0163elor s\u0103-\u015fi p\u0103streze cultura \u015fi identitatea na\u0163ional\u0103, ziua de 31 august a fost proclamata, prin legea 53\/2013, drept Ziua Limbii Rom\u00e2ne. Interesul TVR pentru p\u0103strarea\u2026","rel":"","context":"\u00cen \u201eGeneral\u201d","block_context":{"text":"General","link":"https:\/\/paulmelian.de\/blog\/?cat=8"},"img":{"alt_text":"","src":"","width":0,"height":0},"classes":[]}],"jetpack_featured_media_url":"","post_mailing_queue_ids":[],"_links":{"self":[{"href":"https:\/\/paulmelian.de\/blog\/index.php?rest_route=\/wp\/v2\/posts\/3052","targetHints":{"allow":["GET"]}}],"collection":[{"href":"https:\/\/paulmelian.de\/blog\/index.php?rest_route=\/wp\/v2\/posts"}],"about":[{"href":"https:\/\/paulmelian.de\/blog\/index.php?rest_route=\/wp\/v2\/types\/post"}],"author":[{"embeddable":true,"href":"https:\/\/paulmelian.de\/blog\/index.php?rest_route=\/wp\/v2\/users\/1"}],"replies":[{"embeddable":true,"href":"https:\/\/paulmelian.de\/blog\/index.php?rest_route=%2Fwp%2Fv2%2Fcomments&post=3052"}],"version-history":[{"count":7,"href":"https:\/\/paulmelian.de\/blog\/index.php?rest_route=\/wp\/v2\/posts\/3052\/revisions"}],"predecessor-version":[{"id":3060,"href":"https:\/\/paulmelian.de\/blog\/index.php?rest_route=\/wp\/v2\/posts\/3052\/revisions\/3060"}],"wp:attachment":[{"href":"https:\/\/paulmelian.de\/blog\/index.php?rest_route=%2Fwp%2Fv2%2Fmedia&parent=3052"}],"wp:term":[{"taxonomy":"category","embeddable":true,"href":"https:\/\/paulmelian.de\/blog\/index.php?rest_route=%2Fwp%2Fv2%2Fcategories&post=3052"},{"taxonomy":"post_tag","embeddable":true,"href":"https:\/\/paulmelian.de\/blog\/index.php?rest_route=%2Fwp%2Fv2%2Ftags&post=3052"}],"curies":[{"name":"wp","href":"https:\/\/api.w.org\/{rel}","templated":true}]}}