{"id":3242,"date":"2019-03-07T11:17:27","date_gmt":"2019-03-07T09:17:27","guid":{"rendered":"http:\/\/paulmelian.de\/blog\/?p=3242"},"modified":"2019-03-08T10:29:18","modified_gmt":"2019-03-08T08:29:18","slug":"krass","status":"publish","type":"post","link":"https:\/\/paulmelian.de\/blog\/?p=3242","title":{"rendered":"Krass!"},"content":{"rendered":"\r\n<p>Nach einem Karnevalwitz \u00fcber die Einf\u00fchrung der Toiletten fur das dritte Geschlecht, der vom P\u00f6bel mit Gejohle belohnt wurde, sah sich die Vorsitzende der CDU, Anegret Kramp-Karrenbauer, mit Kritik konfrontiert.<\/p>\r\n\r\n\r\n\r\n<p>Jetzt ist sie in die <a href=\"https:\/\/www.tagesschau.de\/inland\/aschermittwoch-demmin-101.html\">Offensive<\/a> gegangen:<\/p>\r\n\r\n\r\n\r\n<blockquote class=\"wp-block-quote is-layout-flow wp-block-quote-is-layout-flow\">\r\n<p><br><small>Heute habe ich das Gef\u00fchl, wir sind das verkrampfteste Volk, das \u00fcberhaupt je auf der Welt ruml\u00e4uft.<\/small><\/p>\r\n<\/blockquote>\r\n\r\n\r\n\r\n<p>Krass!<\/p>\r\n\r\n\r\n\r\n<p>Abgesehen davon, dass das deutsche Volk nicht &#8222;auf der Welt ruml\u00e4uft&#8221; (das tun nur Migranten), und dass &#8222;\u00fcberhaupt je&#8221; in diesem Zusammenhang schlechtes Deutsch ist, die Kritik kam doch nicht vom Volk, oder? Das Volk jubelt bei so was&#8230; \r\nIhnen reicht wohl der unaussprechliche Name nicht, Frau AKK, Sie wollen Ihre Position als chancenlose Kanzleranw\u00e4rterin weiter festigen, indem Sie auch das Volk gegen sich bringen? Na dann, viel Erfolg. Mutti wird Ihnen dankbar sein.<\/p>\r\n\r\n\r\n\r\n<p style=\"text-align: center;\">===<\/p>\r\n\r\n\r\n\r\n<p>Dup\u0103 o glum\u0103 de carnaval despre introducerea toaletelor pentru al treilea sex, care a fost r\u0103spl\u0103tit\u0103 de gloat\u0103 cu urlete de \u00eenc\u00e2ntare, pre\u015fedinta CDU, Annegret Kramp-Karrenbauer s-a trezit confruntat\u0103 cu critic\u0103.<\/p>\r\n\r\n\r\n\r\n<p>Acum a trecut la <a href=\"https:\/\/www.tagesschau.de\/inland\/aschermittwoch-demmin-101.html\">ofensiv\u0103<\/a>:<\/p>\r\n\r\n\r\n\r\n<blockquote class=\"wp-block-quote is-layout-flow wp-block-quote-is-layout-flow\">\r\n<p><small>Azi am impresia c\u0103 noi suntem cel mai crispat popor dintre toate cele care mi\u015fun\u0103 vreodat\u0103 pe lumea asta.<\/small><\/p>\r\n<\/blockquote>\r\n\r\n\r\n\r\n<p>Cras!<\/p>\r\n\r\n\r\n\r\n<p>L\u0103s\u00e2nd la o parte faptul c\u0103 poporul german nu &#8222;mi\u015fun\u0103 pe lumea asta&#8221; (asta fac doar migran\u0163ii) \u015fi c\u0103 &#8222;vreodat\u0103&#8221; este, \u00een contextul dat, neavenit, critica nu provine de la popor. Poporul jubileaz\u0103 la a\u015fa ceva&#8230; Nu v\u0103 ajunge numele imposibil de pronun\u0163at, d-n\u0103 AKK, dori\u0163i s\u0103 v\u0103 consolida\u0163i pozi\u0163ia de candidat f\u0103r\u0103 \u015fanse la postul de cancelar \u015fi prin faptul c\u0103 v\u0103 pune\u0163i \u015fi poporul \u00eempotriv\u0103? P\u0103i atunci, mult succes. Mutti v\u0103 va fi recunosc\u0103toare.<\/p>\r\n\r\n\r\n\r\n<p>&nbsp;<\/p>\r\n\r\n\r\n\r\n<div class=\"wp-block-image\">\r\n<figure class=\"aligncenter is-resized\"><img data-recalc-dims=\"1\" loading=\"lazy\" decoding=\"async\" data-attachment-id=\"2734\" data-permalink=\"https:\/\/paulmelian.de\/blog\/?attachment_id=2734\" data-orig-file=\"https:\/\/i0.wp.com\/paulmelian.de\/blog\/wp-content\/uploads\/2018\/02\/teflonmerkel-1.jpg?fit=263%2C239&amp;ssl=1\" data-orig-size=\"263,239\" data-comments-opened=\"1\" data-image-meta=\"{&quot;aperture&quot;:&quot;0&quot;,&quot;credit&quot;:&quot;&quot;,&quot;camera&quot;:&quot;&quot;,&quot;caption&quot;:&quot;&quot;,&quot;created_timestamp&quot;:&quot;0&quot;,&quot;copyright&quot;:&quot;&quot;,&quot;focal_length&quot;:&quot;0&quot;,&quot;iso&quot;:&quot;0&quot;,&quot;shutter_speed&quot;:&quot;0&quot;,&quot;title&quot;:&quot;&quot;,&quot;orientation&quot;:&quot;0&quot;}\" data-image-title=\"teflonmerkel 1\" data-image-description=\"\" data-image-caption=\"\" data-large-file=\"https:\/\/i0.wp.com\/paulmelian.de\/blog\/wp-content\/uploads\/2018\/02\/teflonmerkel-1.jpg?fit=263%2C239&amp;ssl=1\" class=\"wp-image-2734 aligncenter\" src=\"https:\/\/i0.wp.com\/paulmelian.de\/blog\/wp-content\/uploads\/2018\/02\/teflonmerkel-1.jpg?resize=356%2C324\" alt=\"\" width=\"356\" height=\"324\"><\/figure>\r\n<\/div>\r\n","protected":false},"excerpt":{"rendered":"<p>Nach einem Karnevalwitz \u00fcber die Einf\u00fchrung der Toiletten fur das dritte Geschlecht, der vom P\u00f6bel mit Gejohle belohnt wurde, sah sich die Vorsitzende der CDU, Anegret Kramp-Karrenbauer, mit Kritik konfrontiert. Jetzt ist sie in die Offensive gegangen: Heute habe ich &hellip; <a href=\"https:\/\/paulmelian.de\/blog\/?p=3242\">Continu\u0103 s\u0103 cite\u0219ti <span class=\"meta-nav\">&rarr;<\/span><\/a><\/p>\n","protected":false},"author":1,"featured_media":0,"comment_status":"open","ping_status":"open","sticky":false,"template":"","format":"standard","meta":{"ngg_post_thumbnail":0,"jetpack_post_was_ever_published":false,"_jetpack_newsletter_access":"","_jetpack_dont_email_post_to_subs":false,"_jetpack_newsletter_tier_id":0,"_jetpack_memberships_contains_paywalled_content":false,"_jetpack_memberships_contains_paid_content":false,"footnotes":"","jetpack_publicize_message":"","jetpack_publicize_feature_enabled":true,"jetpack_social_post_already_shared":true,"jetpack_social_options":{"image_generator_settings":{"template":"highway","default_image_id":0,"font":"","enabled":false},"version":2}},"categories":[4,2,8,9,6,14,1,17],"tags":[],"class_list":["post-3242","post","type-post","status-publish","format-standard","hentry","category-antifeminism","category-amintiri-din-germania","category-general","category-internautice","category-borituri","category-oameni","category-fara-categorie","category-politica"],"jetpack_publicize_connections":[],"jetpack_featured_media_url":"","jetpack_sharing_enabled":true,"jetpack_shortlink":"https:\/\/wp.me\/s9mZDH-krass","jetpack_likes_enabled":true,"jetpack-related-posts":[{"id":5057,"url":"https:\/\/paulmelian.de\/blog\/?p=5057","url_meta":{"origin":3242,"position":0},"title":"Dumme Aphorismen (2) \/ Aforisme t\u00e2mpite (2)","author":"Mihai","date":"17 septembrie 2020","format":false,"excerpt":"Weil ich mich vor kurzem schon mit der Apokalypse besch\u00e4ftigt habe, hier noch einige Gedanken zum Thema. Martin Luther, dem Begr\u00fcnder der Evangelischen Kirche, wird der Satz zugeschrieben: Und wenn ich w\u00fcsste, dass morgen die Welt unterginge, w\u00fcrde ich heute noch ein Apfelb\u00e4umchen pflanzen. Aus dem Zusammenhang gerissen ist die\u2026","rel":"","context":"\u00cen \u201eDeutsche Erinnerungen \/ Amintiri din Germania\u201d","block_context":{"text":"Deutsche Erinnerungen \/ Amintiri din Germania","link":"https:\/\/paulmelian.de\/blog\/?cat=2"},"img":{"alt_text":"","src":"https:\/\/i0.wp.com\/paulmelian.de\/blog\/wp-content\/uploads\/2020\/09\/apfelbaum-plantage-300x225.jpg?resize=350%2C200","width":350,"height":200},"classes":[]},{"id":2974,"url":"https:\/\/paulmelian.de\/blog\/?p=2974","url_meta":{"origin":3242,"position":1},"title":"Poliglo\u0163ie \/ Mehrsprachigkeit","author":"Mihai","date":"3 octombrie 2018","format":false,"excerpt":"\u00cen cadrul ac\u0163iunii de c\u0103utare a c\u00e2inilor evada\u0163i de la noi (am\u0103nunte vezi aici \u015fi aici), Vera a avut o aventur\u0103 - \u00een mare m\u0103sur\u0103 lingvistic\u0103, dar nu numai - cu totul deosebit\u0103. Afi\u015f\u00e2nd, \u00eempreun\u0103 cu un voluntar al Funda\u0163iei Vl\u0103deasa, anun\u0163uri cu pozele disp\u0103ru\u0163ilor prin satele \u00eenvecinate, a nimerit\u2026","rel":"","context":"\u00cen \u201eDeutsche Erinnerungen \/ Amintiri din Germania\u201d","block_context":{"text":"Deutsche Erinnerungen \/ Amintiri din Germania","link":"https:\/\/paulmelian.de\/blog\/?cat=2"},"img":{"alt_text":"","src":"","width":0,"height":0},"classes":[]},{"id":4902,"url":"https:\/\/paulmelian.de\/blog\/?p=4902","url_meta":{"origin":3242,"position":2},"title":"Teutonien \/ Teutonia","author":"Mihai","date":"6 octombrie 2020","format":false,"excerpt":"Es hei\u00dft, jedes Volk hat irgendetwas, wof\u00fcr es sich ganz besonders sch\u00e4men m\u00fcsste. Und keines tut das. Die Spanier haben ihre Corrida, die Ungarn den Orban, die Engl\u00e4nder ihre Monarchie, die Italiener die Mafia, die Amerikaner ihre Glitzer-Kultur, die Franzosen das Gerede um die \u201cGrande Nation\"... Und die Deutschen, fragen\u2026","rel":"","context":"\u00cen \u201eDeutsche Erinnerungen \/ Amintiri din Germania\u201d","block_context":{"text":"Deutsche Erinnerungen \/ Amintiri din Germania","link":"https:\/\/paulmelian.de\/blog\/?cat=2"},"img":{"alt_text":"","src":"https:\/\/i0.wp.com\/paulmelian.de\/blog\/wp-content\/uploads\/2020\/10\/Oktoberfest-2-300x196.jpg?resize=350%2C200","width":350,"height":200},"classes":[]},{"id":4089,"url":"https:\/\/paulmelian.de\/blog\/?p=4089","url_meta":{"origin":3242,"position":3},"title":"Essbare Kunst","author":"Mihai","date":"8 decembrie 2019","format":false,"excerpt":"Eine mit Klebeband aufgeklebte Banane des K\u00fcnstlers Maurizio Cattelan, die f\u00fcr 120.000 Dollar verkauft wurde, wurde von einem anderen Aktionsk\u00fcnstler noch w\u00e4hrend der Ausstellung publikumswirksam verspeist. Die Kunstgalerie, wo dieses bedeutende Ereignis stattfand, ist der Meinung, dass der K\u00e4ufer nicht gesch\u00e4digt wurde, da das Kunstwerk nach wie vor in Form\u2026","rel":"","context":"\u00cen \u201eDeutsche Erinnerungen \/ Amintiri din Germania\u201d","block_context":{"text":"Deutsche Erinnerungen \/ Amintiri din Germania","link":"https:\/\/paulmelian.de\/blog\/?cat=2"},"img":{"alt_text":"","src":"https:\/\/i0.wp.com\/paulmelian.de\/blog\/wp-content\/uploads\/2019\/12\/banane-103_v-modPremium-300x84.jpg?resize=350%2C200","width":350,"height":200},"classes":[]},{"id":5295,"url":"https:\/\/paulmelian.de\/blog\/?p=5295","url_meta":{"origin":3242,"position":4},"title":"Failed States. Failed Planet.","author":"Mihai","date":"24 octombrie 2020","format":false,"excerpt":"Tag der Vereinten Nationen. Wird heute offiziell gefeiert. Ha, ha. Wenn ein Land so regiert wird, wie die Welt heute, dann wird es sofort, v\u00f6llig zu Recht, als Failed State, gescheiterten Staat, angesehen. Aber: ist die ganze Welt nicht wiklich gescheitert? Das Gef\u00fchl, dass wir als Menschheit es gr\u00fcndlich vermasselt\u2026","rel":"","context":"\u00cen \u201eDeutsche Erinnerungen \/ Amintiri din Germania\u201d","block_context":{"text":"Deutsche Erinnerungen \/ Amintiri din Germania","link":"https:\/\/paulmelian.de\/blog\/?cat=2"},"img":{"alt_text":"","src":"https:\/\/i0.wp.com\/paulmelian.de\/blog\/wp-content\/uploads\/2020\/10\/Blue-Marble-300x143.jpg?resize=350%2C200","width":350,"height":200},"classes":[]},{"id":7200,"url":"https:\/\/paulmelian.de\/blog\/?p=7200","url_meta":{"origin":3242,"position":5},"title":"Babilonische Geschichte","author":"Mihai","date":"10 aprilie 2026","format":false,"excerpt":"Petric\u0103, damals etwa 40, hat H\u00e4nde wie Schaufeln und den Verstand eines 8-j\u00e4hrigen. Er ist imstande, jedes Werkzeug, mit dem er arbeitet, kaputtzukriegen, sogar ein Brecheisen. (Er hat jedoch vor etwa 10 Jahren seine Grenzen erreicht, als er mit seinen H\u00e4nden versucht hatte, einen Betonmischer anzuhalten und daraufhin in die\u2026","rel":"","context":"\u00cen \u201eJahreszeiten \/ Anotimpuri\u201d","block_context":{"text":"Jahreszeiten \/ Anotimpuri","link":"https:\/\/paulmelian.de\/blog\/?cat=3"},"img":{"alt_text":"","src":"https:\/\/i0.wp.com\/paulmelian.de\/blog\/wp-content\/uploads\/2026\/04\/Heuernte3-300x225.jpg?resize=350%2C200&ssl=1","width":350,"height":200},"classes":[]}],"post_mailing_queue_ids":[],"_links":{"self":[{"href":"https:\/\/paulmelian.de\/blog\/index.php?rest_route=\/wp\/v2\/posts\/3242","targetHints":{"allow":["GET"]}}],"collection":[{"href":"https:\/\/paulmelian.de\/blog\/index.php?rest_route=\/wp\/v2\/posts"}],"about":[{"href":"https:\/\/paulmelian.de\/blog\/index.php?rest_route=\/wp\/v2\/types\/post"}],"author":[{"embeddable":true,"href":"https:\/\/paulmelian.de\/blog\/index.php?rest_route=\/wp\/v2\/users\/1"}],"replies":[{"embeddable":true,"href":"https:\/\/paulmelian.de\/blog\/index.php?rest_route=%2Fwp%2Fv2%2Fcomments&post=3242"}],"version-history":[{"count":15,"href":"https:\/\/paulmelian.de\/blog\/index.php?rest_route=\/wp\/v2\/posts\/3242\/revisions"}],"predecessor-version":[{"id":3268,"href":"https:\/\/paulmelian.de\/blog\/index.php?rest_route=\/wp\/v2\/posts\/3242\/revisions\/3268"}],"wp:attachment":[{"href":"https:\/\/paulmelian.de\/blog\/index.php?rest_route=%2Fwp%2Fv2%2Fmedia&parent=3242"}],"wp:term":[{"taxonomy":"category","embeddable":true,"href":"https:\/\/paulmelian.de\/blog\/index.php?rest_route=%2Fwp%2Fv2%2Fcategories&post=3242"},{"taxonomy":"post_tag","embeddable":true,"href":"https:\/\/paulmelian.de\/blog\/index.php?rest_route=%2Fwp%2Fv2%2Ftags&post=3242"}],"curies":[{"name":"wp","href":"https:\/\/api.w.org\/{rel}","templated":true}]}}