{"id":3858,"date":"2019-10-14T14:11:25","date_gmt":"2019-10-14T12:11:25","guid":{"rendered":"http:\/\/paulmelian.de\/blog\/?p=3858"},"modified":"2019-10-14T18:19:54","modified_gmt":"2019-10-14T16:19:54","slug":"harburi-si-oale-sparte","status":"publish","type":"post","link":"https:\/\/paulmelian.de\/blog\/?p=3858","title":{"rendered":"H\u00e2rburi \u015fi oale sparte"},"content":{"rendered":"<p>Deosebit de interesant este faptul c\u0103 tocmai cei mai intoleran\u0163i reprezentan\u0163i ai &#8222;dreptei&#8221; rom\u00e2ne\u015fti, \u00een frunte cu \u00eencr\u00e2ncenatul Adrian Papahagi, \u00eei acuz\u0103 pe to\u0163i cei care nu sunt de acord cu ei, de intoleran\u0163\u0103. Ei \u00ee\u015fi permit s\u0103 categoriseasc\u0103 orice curent umanist, social, cu adev\u0103rat cre\u015ftin, progresist, liberal, drept &#8222;marxism&#8221;. Culmea impertinen\u0163ei (t\u00e2mpe) este <a href=\"https:\/\/www.facebook.com\/adrian.papahagi\/posts\/2581680488562456\">insinuarea<\/a> c\u0103 &#8222;st\u00e2ngi\u015ftii&#8221; asociaz\u0103 valorile europene cu &#8222;islamizare \u015fi imigra\u0163ie necontrolat\u0103&#8221;. <!--more--><\/p>\n<p>Voi v\u0103 erija\u0163i \u00een ap\u0103r\u0103tori ai valorilor cre\u015ftine, tocmai voi, care le arunca\u0163i peste bord? Voi vorbi\u0163i de &#8222;discursul urii&#8221; la &#8222;st\u00e2ngi\u015fti&#8221;, tocmai voi, cei care \u00eel ridica\u0163i pe Trump \u00een sl\u0103vi? Fariseilor!<br \/>\nIat\u0103 un text pe care \u00eel promoveaz\u0103 Adrian Papahagi pe <a href=\"https:\/\/www.facebook.com\/adrian.papahagi\/posts\/2580024348728070\">pagina<\/a> sa de facebook, datorat altui &#8222;formator de opinie de dreapta&#8221;, Drago\u015f Paul Aligic\u0103, preluat de <a href=\"https:\/\/www.marginaliaetc.ro\/d-p-aligica-despre-reflexul-de-a-stigmatiza-ca-fascist-sau-extremist\/?fbclid=IwAR2ko-7q4sgy_5ypgL27woT0wLcoXqNZ9MyB6BfJzR0lLbYhnM38q__BLPU\">aici<\/a>.<br \/>\nMi-am permis doar s\u0103 \u00eenlocuiesc termenul de &#8222;fascist&#8221; cu cel de &#8222;marxist&#8221;, pentru a demonstra c\u00e2t de u\u015for se poate \u00eentoarce roata. (Am renun\u0163at s\u0103-mi mai bat capul cu punctua\u0163ia, stilul sau diacriticele, c\u0103 doar n-o s\u0103 chiar stric orzul pe g\u00e2\u015fte.)<\/p>\n<blockquote><p><small>Despre reflexul de a stigmatiza ca \u201c<strong>marxist<\/strong>\u201d sau \u201cextremist\u201d orice ne lezeaza sensibilitatile ideologice sau ne ofera o oportunitate de a rezolva aparent facil o situatie polemica dificil de rezolvat factual-argumentativ:<br \/>\nClaritatea conceptuala este principala datorie a formatorilor de opinie sau publicistilor. In caz ca nu putem contribui la sporirea acesteia, ar trebui ca cel putin sa incercam sa ne abtinem de la a spori confuzia.<br \/>\nSa ne ferim totusi sa demonetizam termeni grei care ar trebui sa insemne ceva si care ar trebui sa aiba tractiune in lumea asta, cu incarcatura lor istorica si morala atat de grava si profunda. Daca totul poate fi numit \u201c<strong>marxist<\/strong>\u201d sau \u201cextremist\u201d, in functie de umorile si conjunctura polemic-argumentativa, atunci nu se mai intelege nimic cand zicem \u201cextremist\u201d sau \u201c<strong>marxist<\/strong>\u201d. Am distrus semnificatia termenilor.<br \/>\nFolosirea abuziva a termenului \u201c<strong>marxism<\/strong>\u201d, de pilda, este o mare iresponsabilitate: 1. Fata de victimele reale ale <strong>marxism<\/strong>ului real. 2. Fata de societate in general pentru ca termenul se dilueaza, trivializeaza si isi pierde continutul moral si politic sinistru. 3. Fata de cei abuziv etichetati sau asociati cu termenul, care sunt stigmatizati nedrept cu una dintre cele mai odioase etichete din lexiconul politic.<br \/>\nMai grav, aruncand cu lejeritate eticheta de \u201cextremist\u201d sau \u201c<strong>marxist<\/strong>\u201d legitimam <strong>marxismul<\/strong>. Auzindu-ne vorbind asa, copii astia, care nu mai stiu si nu mai inteleg istorie dar nu sunt toti totalmente lipsiti de simtul realitatii, vor incepe sa creada eronat ca <strong>marxismul<\/strong> e ceva rezonabil si respectabil. De ce? Pentru ca ei vor vedea termenul asociat cu persoane care -cu toate defectele, erorile si scaderile lor- sustin puncte de vedere care rezoneaza cu intrebari, probleme si nelinisti publice si sociale din lumea reala cu care sunt familiari si pe care le considera legitime.<br \/>\nTrebuie sa ne reamintim permanent ca in modul in care definim si ne coordonam in spatiul public e necesar ca anumiti termeni grei care ar trebui sa insemne ceva, cu incarcatura lor istorica si morala atat de grava si profunda, sa fie respectati si mentinuti ca atare. Sa nu demonetizam, golim de sens si proiectam in irelevant acesti termeni, prin folosire abuziva si inadecvata.<\/small><\/p><\/blockquote>\n<p>Bine-bine, d-le Alergic\u0103, spune-le chestia asta celor ca Papahagi, Neam\u0163u, Ungureanu, sau celor care public\u0103 la \u00ceLD.<\/p>\n<p><a href=\"https:\/\/i0.wp.com\/paulmelian.de\/blog\/wp-content\/uploads\/2017\/12\/Cap-de-lemn.jpg\"><img data-recalc-dims=\"1\" loading=\"lazy\" decoding=\"async\" data-attachment-id=\"2389\" data-permalink=\"https:\/\/paulmelian.de\/blog\/?attachment_id=2389\" data-orig-file=\"https:\/\/i0.wp.com\/paulmelian.de\/blog\/wp-content\/uploads\/2017\/12\/Cap-de-lemn.jpg?fit=480%2C640&amp;ssl=1\" data-orig-size=\"480,640\" data-comments-opened=\"1\" data-image-meta=\"{&quot;aperture&quot;:&quot;2.8&quot;,&quot;credit&quot;:&quot;Picasa&quot;,&quot;camera&quot;:&quot;DMC-FZ38&quot;,&quot;caption&quot;:&quot;&quot;,&quot;created_timestamp&quot;:&quot;1466186636&quot;,&quot;copyright&quot;:&quot;&quot;,&quot;focal_length&quot;:&quot;4.8&quot;,&quot;iso&quot;:&quot;800&quot;,&quot;shutter_speed&quot;:&quot;0.04&quot;,&quot;title&quot;:&quot;&quot;,&quot;orientation&quot;:&quot;0&quot;}\" data-image-title=\"Cap de lemn\" data-image-description=\"\" data-image-caption=\"\" data-large-file=\"https:\/\/i0.wp.com\/paulmelian.de\/blog\/wp-content\/uploads\/2017\/12\/Cap-de-lemn.jpg?fit=480%2C640&amp;ssl=1\" src=\"https:\/\/i0.wp.com\/paulmelian.de\/blog\/wp-content\/uploads\/2017\/12\/Cap-de-lemn-225x300.jpg?resize=225%2C300\" alt=\"\" width=\"225\" height=\"300\" class=\"aligncenter size-medium wp-image-2389\" srcset=\"https:\/\/i0.wp.com\/paulmelian.de\/blog\/wp-content\/uploads\/2017\/12\/Cap-de-lemn.jpg?resize=225%2C300&amp;ssl=1 225w, https:\/\/i0.wp.com\/paulmelian.de\/blog\/wp-content\/uploads\/2017\/12\/Cap-de-lemn.jpg?w=480&amp;ssl=1 480w\" sizes=\"auto, (max-width: 225px) 100vw, 225px\" \/><\/a><\/p>\n","protected":false},"excerpt":{"rendered":"<p>Deosebit de interesant este faptul c\u0103 tocmai cei mai intoleran\u0163i reprezentan\u0163i ai &#8222;dreptei&#8221; rom\u00e2ne\u015fti, \u00een frunte cu \u00eencr\u00e2ncenatul Adrian Papahagi, \u00eei acuz\u0103 pe to\u0163i cei care nu sunt de acord cu ei, de intoleran\u0163\u0103. Ei \u00ee\u015fi permit s\u0103 categoriseasc\u0103 orice &hellip; <a href=\"https:\/\/paulmelian.de\/blog\/?p=3858\">Continu\u0103 s\u0103 cite\u0219ti <span class=\"meta-nav\">&rarr;<\/span><\/a><\/p>\n","protected":false},"author":1,"featured_media":0,"comment_status":"open","ping_status":"open","sticky":false,"template":"","format":"standard","meta":{"ngg_post_thumbnail":0,"jetpack_post_was_ever_published":false,"_jetpack_newsletter_access":"","_jetpack_dont_email_post_to_subs":false,"_jetpack_newsletter_tier_id":0,"_jetpack_memberships_contains_paywalled_content":false,"_jetpack_memberships_contains_paid_content":false,"footnotes":"","jetpack_publicize_message":"","jetpack_publicize_feature_enabled":true,"jetpack_social_post_already_shared":true,"jetpack_social_options":{"image_generator_settings":{"template":"highway","default_image_id":0,"font":"","enabled":false},"version":2}},"categories":[8,9,6,14,1,17,19],"tags":[],"class_list":["post-3858","post","type-post","status-publish","format-standard","hentry","category-general","category-internautice","category-borituri","category-oameni","category-fara-categorie","category-politica","category-romania-in-lume"],"jetpack_publicize_connections":[],"jetpack_featured_media_url":"","jetpack_sharing_enabled":true,"jetpack_shortlink":"https:\/\/wp.me\/p9mZDH-10e","jetpack_likes_enabled":true,"jetpack-related-posts":[{"id":140,"url":"https:\/\/paulmelian.de\/blog\/?p=140","url_meta":{"origin":3858,"position":0},"title":"De ziua limbii rom\u00e2ne&#8230;","author":"Mihai","date":"31 august 2013","format":false,"excerpt":"...TVR \u00ee\u015fi d\u0103 din nou \u00een petic: Pentru a atrage aten\u0163ia asupra importan\u0163ei p\u0103str\u0103rii calit\u0103\u0163ii limbii rom\u00e2ne \u015fi pentru a-i sprijini pe rom\u00e2nii din afara grani\u0163elor s\u0103-\u015fi p\u0103streze cultura \u015fi identitatea na\u0163ional\u0103, ziua de 31 august a fost proclamata, prin legea 53\/2013, drept Ziua Limbii Rom\u00e2ne. Interesul TVR pentru p\u0103strarea\u2026","rel":"","context":"\u00cen \u201eGeneral\u201d","block_context":{"text":"General","link":"https:\/\/paulmelian.de\/blog\/?cat=8"},"img":{"alt_text":"","src":"","width":0,"height":0},"classes":[]},{"id":4606,"url":"https:\/\/paulmelian.de\/blog\/?p=4606","url_meta":{"origin":3858,"position":1},"title":"Noi, cei vechi","author":"Mihai","date":"28 aprilie 2020","format":false,"excerpt":"\u00ceng\u00e2mfarea t\u00e2mp\u0103 a adolescentului poate fi acceptat\u0103 ca o scuz\u0103 pentru lipsa de delicate\u0163e sau chiar de bun sim\u0163 pe care o etaleaz\u0103 uneori \u00een rela\u0163iile sale cu cei v\u00e2rtstnici. Ce scuz\u0103 putem g\u0103si \u00eens\u0103 unor adul\u0163i care se exprim\u0103 \u00een acest fel? Ce scuz\u0103 putem g\u0103si unei \u00eentregi societ\u0103\u0163i,\u2026","rel":"","context":"\u00cen \u201eGeneral\u201d","block_context":{"text":"General","link":"https:\/\/paulmelian.de\/blog\/?cat=8"},"img":{"alt_text":"","src":"https:\/\/i0.wp.com\/paulmelian.de\/blog\/wp-content\/uploads\/2020\/04\/Altes-Ehepaar-300x200.jpg?resize=350%2C200","width":350,"height":200},"classes":[]},{"id":1619,"url":"https:\/\/paulmelian.de\/blog\/?p=1619","url_meta":{"origin":3858,"position":2},"title":"Moa\u015f&#8217;ta pe ghea\u0163\u0103","author":"Mihai","date":"23 octombrie 2016","format":false,"excerpt":"P\u0103rintele Alexandru Coman se spovede\u015fte: \"Sunt un pup\u0103tor de moa\u015fte!\" Ne \u015fi explic\u0103 de ce: [ ]\u0102\u0219tia suntem noi, cre\u0219tinii ortodoc\u0219i. Nu iubim aseptic, nu respingem fizic pe cei dragi, nu avem spaime cu igiena cu r\u0103m\u0103\u0219itele purt\u0103toare de har ale sfin\u021bilor care au p\u0103timit mult, care \u0219tiu ce e\u2026","rel":"","context":"\u00cen \u201eGeneral\u201d","block_context":{"text":"General","link":"https:\/\/paulmelian.de\/blog\/?cat=8"},"img":{"alt_text":"","src":"","width":0,"height":0},"classes":[]},{"id":231,"url":"https:\/\/paulmelian.de\/blog\/?p=231","url_meta":{"origin":3858,"position":3},"title":"Drag\u0103 Bunicu\u0163o!","author":"Mihai","date":"22 septembrie 2014","format":false,"excerpt":"Redau aici integral comentariul scris de Octavian Alexandru Berceanu pe siteul timesnewroman. (Aflu ulterior c\u0103 acest text a ap\u0103rut \u015fi pe platforma vice.) Mi-am permis doar s\u0103-i pun diacritice, sper c\u0103 autorul nu are nimic \u00eempotriv\u0103. Drag\u0103 Bunicu\u0163o, \u00ee\u0163i mul\u0163umesc c\u0103 mi-ai oferit ocazia s\u0103 fiu martor la dec\u0103derea unui\u2026","rel":"","context":"\u00cen \u201eGeneral\u201d","block_context":{"text":"General","link":"https:\/\/paulmelian.de\/blog\/?cat=8"},"img":{"alt_text":"","src":"","width":0,"height":0},"classes":[]},{"id":131,"url":"https:\/\/paulmelian.de\/blog\/?p=131","url_meta":{"origin":3858,"position":4},"title":"Ca\u0163anescu","author":"Mihai","date":"6 martie 2013","format":false,"excerpt":"\u00cen frunte cu maestrul Dinescu, Ca\u0163avencii demonstreaz\u0103 c\u0103 oricine \u00ee\u015fi poate asuma riscul de a se solidariza cu cei puternici. Am comentat ultimul articol comis de fostul dizident pe facebook. Deoarece dou\u0103 comentarii critice (un pic nepoliticoase, dar nu mai jignitoare dec\u00e2t articolul \u00een sine) ale lui Bogdan Tudose, care\u2026","rel":"","context":"\u00cen \u201eGeneral\u201d","block_context":{"text":"General","link":"https:\/\/paulmelian.de\/blog\/?cat=8"},"img":{"alt_text":"","src":"","width":0,"height":0},"classes":[]},{"id":213,"url":"https:\/\/paulmelian.de\/blog\/?p=213","url_meta":{"origin":3858,"position":5},"title":"R\u0103ul cel mai mic","author":"Mihai","date":"30 mai 2014","format":false,"excerpt":"Noua alian\u0163\u0103 de tip DA a for\u0163elor \"de dreapta\" este salutat\u0103 de c\u0103tre mul\u0163i speciali\u015fti ca fiind un r\u0103u mic, adic\u0103 un mare bine. Antonescu este dintr-o dat\u0103 v\u0103zut cu al\u0163i ochi dec\u00e2t p\u00e2n\u0103 acuma, ba chiar admirat pentru manevrele sale politice de ultim\u0103 or\u0103. Unii merg chiar at\u00e2t de\u2026","rel":"","context":"\u00cen \u201eDeutsche Erinnerungen \/ Amintiri din Germania\u201d","block_context":{"text":"Deutsche Erinnerungen \/ Amintiri din Germania","link":"https:\/\/paulmelian.de\/blog\/?cat=2"},"img":{"alt_text":"","src":"","width":0,"height":0},"classes":[]}],"post_mailing_queue_ids":[],"_links":{"self":[{"href":"https:\/\/paulmelian.de\/blog\/index.php?rest_route=\/wp\/v2\/posts\/3858","targetHints":{"allow":["GET"]}}],"collection":[{"href":"https:\/\/paulmelian.de\/blog\/index.php?rest_route=\/wp\/v2\/posts"}],"about":[{"href":"https:\/\/paulmelian.de\/blog\/index.php?rest_route=\/wp\/v2\/types\/post"}],"author":[{"embeddable":true,"href":"https:\/\/paulmelian.de\/blog\/index.php?rest_route=\/wp\/v2\/users\/1"}],"replies":[{"embeddable":true,"href":"https:\/\/paulmelian.de\/blog\/index.php?rest_route=%2Fwp%2Fv2%2Fcomments&post=3858"}],"version-history":[{"count":8,"href":"https:\/\/paulmelian.de\/blog\/index.php?rest_route=\/wp\/v2\/posts\/3858\/revisions"}],"predecessor-version":[{"id":3866,"href":"https:\/\/paulmelian.de\/blog\/index.php?rest_route=\/wp\/v2\/posts\/3858\/revisions\/3866"}],"wp:attachment":[{"href":"https:\/\/paulmelian.de\/blog\/index.php?rest_route=%2Fwp%2Fv2%2Fmedia&parent=3858"}],"wp:term":[{"taxonomy":"category","embeddable":true,"href":"https:\/\/paulmelian.de\/blog\/index.php?rest_route=%2Fwp%2Fv2%2Fcategories&post=3858"},{"taxonomy":"post_tag","embeddable":true,"href":"https:\/\/paulmelian.de\/blog\/index.php?rest_route=%2Fwp%2Fv2%2Ftags&post=3858"}],"curies":[{"name":"wp","href":"https:\/\/api.w.org\/{rel}","templated":true}]}}