{"id":3867,"date":"2019-10-15T19:12:49","date_gmt":"2019-10-15T17:12:49","guid":{"rendered":"http:\/\/paulmelian.de\/blog\/?p=3867"},"modified":"2019-10-15T19:23:18","modified_gmt":"2019-10-15T17:23:18","slug":"istoria-se-repeta","status":"publish","type":"post","link":"https:\/\/paulmelian.de\/blog\/?p=3867","title":{"rendered":"Istoria se repet\u0103"},"content":{"rendered":"<p>Exist\u0103 toate \u015fansele ca Pre\u015fedintele Iohannis s\u0103 calce din nou \u00een strachin\u0103 (la fel ca dup\u0103 &#8222;c\u0103derea&#8221; guvernului Ponta), dac\u0103 nu cumva a \u015fi f\u0103cut-o deja.<br \/>\n\u015ei azi exist\u0103 aceea\u015fi urgen\u0163\u0103 politic\u0103 major\u0103 ca atunci: ALEGERI ANTICIPATE C\u00c2T MAI CUR\u00c2ND.<br \/>\nOrice altceva va duce la falimentul unui guvern care are de purtat, f\u0103r\u0103 a dispune de o majoritate c\u00e2t de c\u00e2t comfortabil\u0103 \u00een parlament, povara mo\u015ftenirii l\u0103sate de PSD.<br \/>\nDup\u0103 cum se pare, Iohannis este pe cale, \u00eempreun\u0103 cu nevolnicii de la conducerea PNL, s\u0103 rateze \u015fi aceast\u0103 \u015fans\u0103.<br \/>\nM\u0103 <a href=\"http:\/\/paulmelian.de\/blog\/?p=1431\">repet<\/a>: Cu toat\u0103 considera\u0163ia cuvenit\u0103, sunte\u0163i un bou, d-le Pre\u015fedinte. <a href=\"https:\/\/i0.wp.com\/paulmelian.de\/blog\/wp-content\/uploads\/2019\/10\/Hornochse.jpg\"><img data-recalc-dims=\"1\" loading=\"lazy\" decoding=\"async\" data-attachment-id=\"3869\" data-permalink=\"https:\/\/paulmelian.de\/blog\/?attachment_id=3869\" data-orig-file=\"https:\/\/i0.wp.com\/paulmelian.de\/blog\/wp-content\/uploads\/2019\/10\/Hornochse.jpg?fit=391%2C274&amp;ssl=1\" data-orig-size=\"391,274\" data-comments-opened=\"1\" data-image-meta=\"{&quot;aperture&quot;:&quot;0&quot;,&quot;credit&quot;:&quot;&quot;,&quot;camera&quot;:&quot;&quot;,&quot;caption&quot;:&quot;&quot;,&quot;created_timestamp&quot;:&quot;0&quot;,&quot;copyright&quot;:&quot;&quot;,&quot;focal_length&quot;:&quot;0&quot;,&quot;iso&quot;:&quot;0&quot;,&quot;shutter_speed&quot;:&quot;0&quot;,&quot;title&quot;:&quot;&quot;,&quot;orientation&quot;:&quot;0&quot;}\" data-image-title=\"Hornochse\" data-image-description=\"\" data-image-caption=\"\" data-large-file=\"https:\/\/i0.wp.com\/paulmelian.de\/blog\/wp-content\/uploads\/2019\/10\/Hornochse.jpg?fit=391%2C274&amp;ssl=1\" src=\"https:\/\/i0.wp.com\/paulmelian.de\/blog\/wp-content\/uploads\/2019\/10\/Hornochse-300x210.jpg?resize=300%2C210\" alt=\"\" width=\"300\" height=\"210\" class=\"aligncenter size-medium wp-image-3869\" srcset=\"https:\/\/i0.wp.com\/paulmelian.de\/blog\/wp-content\/uploads\/2019\/10\/Hornochse.jpg?resize=300%2C210&amp;ssl=1 300w, https:\/\/i0.wp.com\/paulmelian.de\/blog\/wp-content\/uploads\/2019\/10\/Hornochse.jpg?w=391&amp;ssl=1 391w\" sizes=\"auto, (max-width: 300px) 100vw, 300px\" \/><\/a><\/p>\n","protected":false},"excerpt":{"rendered":"<p>Exist\u0103 toate \u015fansele ca Pre\u015fedintele Iohannis s\u0103 calce din nou \u00een strachin\u0103 (la fel ca dup\u0103 &#8222;c\u0103derea&#8221; guvernului Ponta), dac\u0103 nu cumva a \u015fi f\u0103cut-o deja. \u015ei azi exist\u0103 aceea\u015fi urgen\u0163\u0103 politic\u0103 major\u0103 ca atunci: ALEGERI ANTICIPATE C\u00c2T MAI CUR\u00c2ND. &hellip; <a href=\"https:\/\/paulmelian.de\/blog\/?p=3867\">Continu\u0103 s\u0103 cite\u0219ti <span class=\"meta-nav\">&rarr;<\/span><\/a><\/p>\n","protected":false},"author":1,"featured_media":0,"comment_status":"open","ping_status":"open","sticky":false,"template":"","format":"standard","meta":{"ngg_post_thumbnail":0,"jetpack_post_was_ever_published":false,"_jetpack_newsletter_access":"","_jetpack_dont_email_post_to_subs":false,"_jetpack_newsletter_tier_id":0,"_jetpack_memberships_contains_paywalled_content":false,"_jetpack_memberships_contains_paid_content":false,"footnotes":"","jetpack_publicize_message":"","jetpack_publicize_feature_enabled":true,"jetpack_social_post_already_shared":true,"jetpack_social_options":{"image_generator_settings":{"template":"highway","default_image_id":0,"font":"","enabled":false},"version":2}},"categories":[8,6,14,17,19],"tags":[],"class_list":["post-3867","post","type-post","status-publish","format-standard","hentry","category-general","category-borituri","category-oameni","category-politica","category-romania-in-lume"],"jetpack_publicize_connections":[],"jetpack_featured_media_url":"","jetpack_sharing_enabled":true,"jetpack_shortlink":"https:\/\/wp.me\/p9mZDH-10n","jetpack_likes_enabled":true,"jetpack-related-posts":[{"id":215,"url":"https:\/\/paulmelian.de\/blog\/?p=215","url_meta":{"origin":3867,"position":0},"title":"O m\u0103tur\u0103 pentru Iohannis","author":"Mihai","date":"1 iunie 2014","format":false,"excerpt":"O doamn\u0103 din Germania, care ne-a vizitat aici vara trecut\u0103 \u015fi care locuie\u015fte \u00eentr-un ora\u015f unde exist\u0103 o fabric\u0103 de m\u0103turi, \u00eemi trimite prin curier cadou de ziua mea un astfel de obiect. (Dar o m\u0103tur\u0103 ceva mai special\u0103, dup\u0103 cum pute\u0163i vedea \u00een poza al\u0103turat\u0103, creat\u0103 cu ocazia campionatului\u2026","rel":"","context":"\u00cen \u201eDeutsche Erinnerungen \/ Amintiri din Germania\u201d","block_context":{"text":"Deutsche Erinnerungen \/ Amintiri din Germania","link":"https:\/\/paulmelian.de\/blog\/?cat=2"},"img":{"alt_text":"","src":"","width":0,"height":0},"classes":[]},{"id":252,"url":"https:\/\/paulmelian.de\/blog\/?p=252","url_meta":{"origin":3867,"position":1},"title":"Civism \u015fi politic\u0103","author":"Mihai","date":"15 noiembrie 2014","format":false,"excerpt":"Sub acest titlu, echipa de voluntari care creeaz\u0103 DEX Online public\u0103 un text care ne arat\u0103 de ce se implic\u0103 \u00een procesul de formare a opiniei politice din Rom\u00e2nia. Recomand lectura acestui articol, care, dup\u0103 p\u0103rerea mea, nu necesit\u0103 comentarii. \u00cen campania electoral\u0103 actual\u0103, aceela\u015fi colectiv recomand\u0103 cititorilor s\u0103i s\u0103-l\u2026","rel":"","context":"\u00cen \u201eDeutsche Erinnerungen \/ Amintiri din Germania\u201d","block_context":{"text":"Deutsche Erinnerungen \/ Amintiri din Germania","link":"https:\/\/paulmelian.de\/blog\/?cat=2"},"img":{"alt_text":"","src":"","width":0,"height":0},"classes":[]},{"id":258,"url":"https:\/\/paulmelian.de\/blog\/?p=258","url_meta":{"origin":3867,"position":2},"title":"Ave\u0163i grij\u0103, unde c\u0103lca\u0163i!","author":"Mihai","date":"19 noiembrie 2014","format":false,"excerpt":"Nu c\u0103 mi-ar fi mil\u0103 de ei, dar g\u00e2ndi\u0163i-v\u0103 la miros! R\u0103zg\u00e2ndacii mi\u015fun\u0103 din nou febril, \u00eencerc\u00e2nd s\u0103 se adapteze noii situa\u0163ii. \u00cePS (\u00cenalt Prea Slinosul) Patriarh Daniel, cu mirosul s\u0103u fin, a f\u0103cut aceasta chiar \u00een ziua alegerilor (dup\u0103 principiul necredincio\u015filor care se \u00eentreab\u0103: \u201cDar dac\u0103 totu\u015fi exist\u0103?\u201d) \u015fi\u2026","rel":"","context":"\u00cen \u201eGeneral\u201d","block_context":{"text":"General","link":"https:\/\/paulmelian.de\/blog\/?cat=8"},"img":{"alt_text":"","src":"","width":0,"height":0},"classes":[]},{"id":4020,"url":"https:\/\/paulmelian.de\/blog\/?p=4020","url_meta":{"origin":3867,"position":3},"title":"Flit","author":"Mihai","date":"24 noiembrie 2019","format":false,"excerpt":"S\u0103 mai spun\u0103 cineva c\u0103 no\u0163iunea de \"cre\u015ftinopatie\" este doar o exagerare st\u00e2ngist\u0103: iat\u0103 ce comentariu am g\u0103sit \u00eent\u00e2mpl\u0103tor pe net: Crestinii practicanti (nu cei doar cu numele, carora nu le pasa nici de ceea ce indeamna si nici de ceea ce interzice Sfanta Scriptura) au posibilitatea de a da\u2026","rel":"","context":"\u00cen \u201eGeneral\u201d","block_context":{"text":"General","link":"https:\/\/paulmelian.de\/blog\/?cat=8"},"img":{"alt_text":"","src":"https:\/\/i0.wp.com\/paulmelian.de\/blog\/wp-content\/uploads\/2019\/10\/strafender_gott-300x145.jpg?resize=350%2C200","width":350,"height":200},"classes":[]},{"id":162,"url":"https:\/\/paulmelian.de\/blog\/?p=162","url_meta":{"origin":3867,"position":4},"title":"Lacrimi de Grokodil","author":"Mihai","date":"16 decembrie 2013","format":false,"excerpt":"Ca s\u0103 \u00een\u0163elegem cuv\u00e2ntul \u201eGrokodil\u201c va trebui s\u0103 ne ocup\u0103m mai \u00eent\u00e2i de istoria \u015fi semnifica\u0163ia abrevierii \u201eGroko\u201c, care a fost aleas\u0103 \u00een acest an \u00een Germania drept cuv\u00e2nt al anului. Este foarte simplu: no\u0163iunea \u201eGro\u00dfe Koalition\u201c (\u201eMarea Coali\u0163ie\u201c) a fost, dup\u0103 alegerile din septembrie, at\u00e2t de des folosit\u0103, \u00eenc\u00e2t\u2026","rel":"","context":"\u00cen \u201eDeutsche Erinnerungen \/ Amintiri din Germania\u201d","block_context":{"text":"Deutsche Erinnerungen \/ Amintiri din Germania","link":"https:\/\/paulmelian.de\/blog\/?cat=2"},"img":{"alt_text":"","src":"","width":0,"height":0},"classes":[]},{"id":895,"url":"https:\/\/paulmelian.de\/blog\/?p=895","url_meta":{"origin":3867,"position":5},"title":"Abera\u0163ii &#8222;pe val&#8221;","author":"Mihai","date":"15 martie 2015","format":false,"excerpt":"D-l Rare\u015f Bogdan se \u00eenfurie pe procurorul care a \u00eendr\u0103znit s\u0103 publice stenograma \u00eenregistr\u0103rii lui Marian Vanghelie, \u00een care acesta din urm\u0103 promite unei ter\u0163e persoane o interven\u0163ie pe l\u00e2ng\u0103 Klaus Iohannis prin intermediul lui Rare\u015f Bogdan. Se pare c\u0103 nu a \u00een\u0163eles bine un lucru. Stenograma chiar exist\u0103, iar\u2026","rel":"","context":"\u00cen \u201eGeneral\u201d","block_context":{"text":"General","link":"https:\/\/paulmelian.de\/blog\/?cat=8"},"img":{"alt_text":"","src":"","width":0,"height":0},"classes":[]}],"post_mailing_queue_ids":[],"_links":{"self":[{"href":"https:\/\/paulmelian.de\/blog\/index.php?rest_route=\/wp\/v2\/posts\/3867","targetHints":{"allow":["GET"]}}],"collection":[{"href":"https:\/\/paulmelian.de\/blog\/index.php?rest_route=\/wp\/v2\/posts"}],"about":[{"href":"https:\/\/paulmelian.de\/blog\/index.php?rest_route=\/wp\/v2\/types\/post"}],"author":[{"embeddable":true,"href":"https:\/\/paulmelian.de\/blog\/index.php?rest_route=\/wp\/v2\/users\/1"}],"replies":[{"embeddable":true,"href":"https:\/\/paulmelian.de\/blog\/index.php?rest_route=%2Fwp%2Fv2%2Fcomments&post=3867"}],"version-history":[{"count":3,"href":"https:\/\/paulmelian.de\/blog\/index.php?rest_route=\/wp\/v2\/posts\/3867\/revisions"}],"predecessor-version":[{"id":3871,"href":"https:\/\/paulmelian.de\/blog\/index.php?rest_route=\/wp\/v2\/posts\/3867\/revisions\/3871"}],"wp:attachment":[{"href":"https:\/\/paulmelian.de\/blog\/index.php?rest_route=%2Fwp%2Fv2%2Fmedia&parent=3867"}],"wp:term":[{"taxonomy":"category","embeddable":true,"href":"https:\/\/paulmelian.de\/blog\/index.php?rest_route=%2Fwp%2Fv2%2Fcategories&post=3867"},{"taxonomy":"post_tag","embeddable":true,"href":"https:\/\/paulmelian.de\/blog\/index.php?rest_route=%2Fwp%2Fv2%2Ftags&post=3867"}],"curies":[{"name":"wp","href":"https:\/\/api.w.org\/{rel}","templated":true}]}}