{"id":4109,"date":"2019-12-11T12:33:12","date_gmt":"2019-12-11T10:33:12","guid":{"rendered":"http:\/\/paulmelian.de\/blog\/?p=4109"},"modified":"2019-12-11T19:11:39","modified_gmt":"2019-12-11T17:11:39","slug":"semne-rele","status":"publish","type":"post","link":"https:\/\/paulmelian.de\/blog\/?p=4109","title":{"rendered":"Semne rele"},"content":{"rendered":"<p>Goana dup\u0103 ciolan a \u00eempiedicat p\u00e2n\u0103 acum partidele anti-PSD s\u0103 ajung\u0103 la o \u00een\u0163elegere \u00een privin\u0163a alegerilor anticipate. Nu-\u015fi dau seama c\u0103, m\u00e2na\u0163i de considera\u0163ii meschine, rateaz\u0103 o \u015fans\u0103 istoric\u0103 de a \u00eendrepta dezvoltarea Rom\u00e2niei \u00een direc\u0163ia bun\u0103. Sigur c\u0103 da, vor pl\u0103ti pentru asta. Dar vom pl\u0103ti \u015fi noi to\u0163i. Mo\u015ftenirea nefast\u0103 a PSD va fi pus\u0103 pe seama actualului guvern, pentru c\u0103 iese la iveal\u0103 \u00een timpul mandatului s\u0103u (vezi <a href=\"http:\/\/stiri.tvr.ro\/agen-ia-de-rating-standard-poor-s-a-revizuit-perspectiva-romaniei-la-negativa-men-ine-ratingul_853727.html#view\">aici<\/a> \u015fi <a href=\"http:\/\/stiri.tvr.ro\/ins-rata-anuala-a-infla-iei-a-accelerat-la-3-8prc-pre-uri-in-cre-tere-la-alimente_853728.html#view\">aici<\/a>). \u015ei chiar dac\u0103 \u00een acest guvern ar exista voin\u0163a adev\u0103rat\u0103 de a \u00eendrepta situa\u0163ia (lucru de care, eu personal m\u0103 \u00eendoiesc), \u00eei lipse\u015fte cu des\u0103v\u00e2r\u015fire putin\u0163a. PSD se va revigora p\u00e2n\u0103 la alegerile din 2020, \u00ee\u015fi va mobiliza electoratul t\u00e2mp (da&#8217; numeros) \u015fi va sabota \u00een continuare orice progres real al \u0163\u0103rii. \u00ce\u0163i vine s\u0103-\u0163i iei lumea-n cap.<br \/>\n<a href=\"https:\/\/i0.wp.com\/paulmelian.de\/blog\/wp-content\/uploads\/2019\/12\/craca-de-sub-picioare-830x568.jpg\"><img data-recalc-dims=\"1\" loading=\"lazy\" decoding=\"async\" data-attachment-id=\"4112\" data-permalink=\"https:\/\/paulmelian.de\/blog\/?attachment_id=4112\" data-orig-file=\"https:\/\/i0.wp.com\/paulmelian.de\/blog\/wp-content\/uploads\/2019\/12\/craca-de-sub-picioare-830x568.jpg?fit=830%2C568&amp;ssl=1\" data-orig-size=\"830,568\" data-comments-opened=\"1\" data-image-meta=\"{&quot;aperture&quot;:&quot;0&quot;,&quot;credit&quot;:&quot;&quot;,&quot;camera&quot;:&quot;&quot;,&quot;caption&quot;:&quot;&quot;,&quot;created_timestamp&quot;:&quot;0&quot;,&quot;copyright&quot;:&quot;&quot;,&quot;focal_length&quot;:&quot;0&quot;,&quot;iso&quot;:&quot;0&quot;,&quot;shutter_speed&quot;:&quot;0&quot;,&quot;title&quot;:&quot;&quot;,&quot;orientation&quot;:&quot;0&quot;}\" data-image-title=\"craca-de-sub-picioare-830&amp;#215;568\" data-image-description=\"\" data-image-caption=\"\" data-large-file=\"https:\/\/i0.wp.com\/paulmelian.de\/blog\/wp-content\/uploads\/2019\/12\/craca-de-sub-picioare-830x568.jpg?fit=640%2C438&amp;ssl=1\" src=\"https:\/\/i0.wp.com\/paulmelian.de\/blog\/wp-content\/uploads\/2019\/12\/craca-de-sub-picioare-830x568-300x205.jpg?resize=300%2C205\" alt=\"\" width=\"300\" height=\"205\" class=\"aligncenter size-medium wp-image-4112\" srcset=\"https:\/\/i0.wp.com\/paulmelian.de\/blog\/wp-content\/uploads\/2019\/12\/craca-de-sub-picioare-830x568.jpg?resize=300%2C205&amp;ssl=1 300w, https:\/\/i0.wp.com\/paulmelian.de\/blog\/wp-content\/uploads\/2019\/12\/craca-de-sub-picioare-830x568.jpg?resize=768%2C526&amp;ssl=1 768w, https:\/\/i0.wp.com\/paulmelian.de\/blog\/wp-content\/uploads\/2019\/12\/craca-de-sub-picioare-830x568.jpg?resize=830%2C568&amp;ssl=1 830w\" sizes=\"auto, (max-width: 300px) 100vw, 300px\" \/><\/a><\/p>\n","protected":false},"excerpt":{"rendered":"<p>Goana dup\u0103 ciolan a \u00eempiedicat p\u00e2n\u0103 acum partidele anti-PSD s\u0103 ajung\u0103 la o \u00een\u0163elegere \u00een privin\u0163a alegerilor anticipate. Nu-\u015fi dau seama c\u0103, m\u00e2na\u0163i de considera\u0163ii meschine, rateaz\u0103 o \u015fans\u0103 istoric\u0103 de a \u00eendrepta dezvoltarea Rom\u00e2niei \u00een direc\u0163ia bun\u0103. Sigur c\u0103 &hellip; <a href=\"https:\/\/paulmelian.de\/blog\/?p=4109\">Continu\u0103 s\u0103 cite\u0219ti <span class=\"meta-nav\">&rarr;<\/span><\/a><\/p>\n","protected":false},"author":1,"featured_media":0,"comment_status":"open","ping_status":"open","sticky":false,"template":"","format":"standard","meta":{"ngg_post_thumbnail":0,"jetpack_post_was_ever_published":false,"_jetpack_newsletter_access":"","_jetpack_dont_email_post_to_subs":false,"_jetpack_newsletter_tier_id":0,"_jetpack_memberships_contains_paywalled_content":false,"_jetpack_memberships_contains_paid_content":false,"footnotes":"","jetpack_publicize_message":"","jetpack_publicize_feature_enabled":true,"jetpack_social_post_already_shared":true,"jetpack_social_options":{"image_generator_settings":{"template":"highway","default_image_id":0,"font":"","enabled":false},"version":2}},"categories":[8,9,6,11,14,1,17,19],"tags":[],"class_list":["post-4109","post","type-post","status-publish","format-standard","hentry","category-general","category-internautice","category-borituri","category-management","category-oameni","category-fara-categorie","category-politica","category-romania-in-lume"],"jetpack_publicize_connections":[],"jetpack_featured_media_url":"","jetpack_sharing_enabled":true,"jetpack_shortlink":"https:\/\/wp.me\/p9mZDH-14h","jetpack_likes_enabled":true,"jetpack-related-posts":[{"id":257,"url":"https:\/\/paulmelian.de\/blog\/?p=257","url_meta":{"origin":4109,"position":0},"title":"Quo vadis, PSD?","author":"Mihai","date":"18 noiembrie 2014","format":false,"excerpt":"Senatorul PSD \u015eerban Nicolae cere excluderea din partid a lui Ioan Rus \u015fi Ilie S\u00e2rbu. C\u0103\u0163eii din PSD \u00eencep s\u0103-\u015fi arate col\u0163ii. Sl\u0103biciunea lui Ponta le permite un atac la tata socru. Preten\u0163iile la ciolan apar deghizate sub mantia \"interese de partid\". Nota bene: \u00een loc s\u0103 cear\u0103 o \u00eennoire\u2026","rel":"","context":"\u00cen \u201eGeneral\u201d","block_context":{"text":"General","link":"https:\/\/paulmelian.de\/blog\/?cat=8"},"img":{"alt_text":"","src":"","width":0,"height":0},"classes":[]},{"id":3606,"url":"https:\/\/paulmelian.de\/blog\/?p=3606","url_meta":{"origin":4109,"position":1},"title":"Ratare cu preaviz","author":"Mihai","date":"19 august 2019","format":false,"excerpt":"Opozi\u0163ia din Rom\u00e2nia este pe cale s\u0103 fac\u0103 acelea\u015fi gre\u015feli ca dup\u0103 incendiul de la Colectiv, prin aceea c\u0103 to\u0163i adversarii \"Ciumei Ro\u015fii\" se combat \u00eentre ei, lucru care abate aten\u0163ia public\u0103 de la problemele majore ale societ\u0103\u0163ii. Asta \u00eei d\u0103 PSD, adversarului real, \u015fansa de a-\u015fi reveni \u00een mod\u2026","rel":"","context":"\u00cen \u201eGeneral\u201d","block_context":{"text":"General","link":"https:\/\/paulmelian.de\/blog\/?cat=8"},"img":{"alt_text":"","src":"https:\/\/i0.wp.com\/paulmelian.de\/blog\/wp-content\/uploads\/2019\/08\/Pr%C3%BCgelei-300x225.jpg?resize=350%2C200","width":350,"height":200},"classes":[]},{"id":981,"url":"https:\/\/paulmelian.de\/blog\/?p=981","url_meta":{"origin":4109,"position":2},"title":"USL redivivus?","author":"Mihai","date":"6 iunie 2015","format":false,"excerpt":"Sub titlul foarte spiritual \"Cum \u015fi-a sinucis Ponta partidul\", d-na Alina Mungiu-Pippidi public\u0103 un articola\u015f \u00een care consider\u0103, printre altele, c\u0103 o \"Mare Coali\u0163ie\" PSD-PNL ar fi mai benefic\u0103 Rom\u00e2niei dec\u00e2t situa\u0163ia creat\u0103 \u00een urma pierderii alegerilor preziden\u0163iale de c\u0103tre PSD-Ponta \u015fi a urm\u0103ririi sale penale. (Urm\u0103rirea penal\u0103 se refer\u0103,\u2026","rel":"","context":"\u00cen \u201eDeutsche Erinnerungen \/ Amintiri din Germania\u201d","block_context":{"text":"Deutsche Erinnerungen \/ Amintiri din Germania","link":"https:\/\/paulmelian.de\/blog\/?cat=2"},"img":{"alt_text":"","src":"","width":0,"height":0},"classes":[]},{"id":1747,"url":"https:\/\/paulmelian.de\/blog\/?p=1747","url_meta":{"origin":4109,"position":3},"title":"Vin alegerile","author":"Mihai","date":"2 decembrie 2016","format":false,"excerpt":"Dac\u0103 arunc\u0103m o privire pe lista partidelor politice din Rom\u00e2nia, surpriza e mare. Avem un singur partid \"de st\u00e2nga\", PSD, \u015fi unul de \"centru-st\u00e2nga\", UNPR (care \u00eentre timp a fost \u00eens\u0103 absorbit de PMP, un partid \"de dreapta\"). Restul sunt de \"dreapta\" sau \"centru-dreapta\". Pentru alegerile din 11.12.2016 s-ar putea\u2026","rel":"","context":"\u00cen \u201eGeneral\u201d","block_context":{"text":"General","link":"https:\/\/paulmelian.de\/blog\/?cat=8"},"img":{"alt_text":"psdalde","src":"https:\/\/i0.wp.com\/paulmelian.de\/blog\/wp-content\/uploads\/2016\/12\/PSDAlde-300x225.jpg?resize=350%2C200","width":350,"height":200},"classes":[]},{"id":213,"url":"https:\/\/paulmelian.de\/blog\/?p=213","url_meta":{"origin":4109,"position":4},"title":"R\u0103ul cel mai mic","author":"Mihai","date":"30 mai 2014","format":false,"excerpt":"Noua alian\u0163\u0103 de tip DA a for\u0163elor \"de dreapta\" este salutat\u0103 de c\u0103tre mul\u0163i speciali\u015fti ca fiind un r\u0103u mic, adic\u0103 un mare bine. Antonescu este dintr-o dat\u0103 v\u0103zut cu al\u0163i ochi dec\u00e2t p\u00e2n\u0103 acuma, ba chiar admirat pentru manevrele sale politice de ultim\u0103 or\u0103. Unii merg chiar at\u00e2t de\u2026","rel":"","context":"\u00cen \u201eDeutsche Erinnerungen \/ Amintiri din Germania\u201d","block_context":{"text":"Deutsche Erinnerungen \/ Amintiri din Germania","link":"https:\/\/paulmelian.de\/blog\/?cat=2"},"img":{"alt_text":"","src":"","width":0,"height":0},"classes":[]},{"id":3720,"url":"https:\/\/paulmelian.de\/blog\/?p=3720","url_meta":{"origin":4109,"position":5},"title":"Acord","author":"Mihai","date":"29 august 2019","format":false,"excerpt":"S\u0103 sper\u0103m c\u0103 vor fi \u00een Parlament suficien\u0163i deputa\u0163i de acord cu mo\u0163iunea de cenzur\u0103 \u00eempotriva PSD. S\u0103 sper\u0103m c\u0103 cele mai importante partide politice din actuala opozi\u0163ie vor ajunge la un acord de colaborare care s\u0103 ofere o baz\u0103 solid\u0103 pentru guvernare. \u00cen privin\u0163a acordului gramatical folosit de Iohannis\u2026","rel":"","context":"\u00cen \u201eOhne Kategorie \/ F\u0103r\u0103 categorie\u201d","block_context":{"text":"Ohne Kategorie \/ F\u0103r\u0103 categorie","link":"https:\/\/paulmelian.de\/blog\/?cat=1"},"img":{"alt_text":"","src":"https:\/\/i0.wp.com\/paulmelian.de\/blog\/wp-content\/uploads\/2019\/08\/acord-300x173.jpg?resize=350%2C200","width":350,"height":200},"classes":[]}],"post_mailing_queue_ids":[],"_links":{"self":[{"href":"https:\/\/paulmelian.de\/blog\/index.php?rest_route=\/wp\/v2\/posts\/4109","targetHints":{"allow":["GET"]}}],"collection":[{"href":"https:\/\/paulmelian.de\/blog\/index.php?rest_route=\/wp\/v2\/posts"}],"about":[{"href":"https:\/\/paulmelian.de\/blog\/index.php?rest_route=\/wp\/v2\/types\/post"}],"author":[{"embeddable":true,"href":"https:\/\/paulmelian.de\/blog\/index.php?rest_route=\/wp\/v2\/users\/1"}],"replies":[{"embeddable":true,"href":"https:\/\/paulmelian.de\/blog\/index.php?rest_route=%2Fwp%2Fv2%2Fcomments&post=4109"}],"version-history":[{"count":6,"href":"https:\/\/paulmelian.de\/blog\/index.php?rest_route=\/wp\/v2\/posts\/4109\/revisions"}],"predecessor-version":[{"id":4116,"href":"https:\/\/paulmelian.de\/blog\/index.php?rest_route=\/wp\/v2\/posts\/4109\/revisions\/4116"}],"wp:attachment":[{"href":"https:\/\/paulmelian.de\/blog\/index.php?rest_route=%2Fwp%2Fv2%2Fmedia&parent=4109"}],"wp:term":[{"taxonomy":"category","embeddable":true,"href":"https:\/\/paulmelian.de\/blog\/index.php?rest_route=%2Fwp%2Fv2%2Fcategories&post=4109"},{"taxonomy":"post_tag","embeddable":true,"href":"https:\/\/paulmelian.de\/blog\/index.php?rest_route=%2Fwp%2Fv2%2Ftags&post=4109"}],"curies":[{"name":"wp","href":"https:\/\/api.w.org\/{rel}","templated":true}]}}