{"id":4118,"date":"2019-12-14T19:17:25","date_gmt":"2019-12-14T17:17:25","guid":{"rendered":"http:\/\/paulmelian.de\/blog\/?p=4118"},"modified":"2019-12-14T19:21:06","modified_gmt":"2019-12-14T17:21:06","slug":"obsesie","status":"publish","type":"post","link":"https:\/\/paulmelian.de\/blog\/?p=4118","title":{"rendered":"Obsesie"},"content":{"rendered":"<p>Se pare c\u0103 nici delincven\u0163ii din spa\u0163iul virtual nu scap\u0103 de atrac\u0163ia morbid\u0103 a locului crimei, deoarece au tendin\u0163a s\u0103 se re\u00eentoarc\u0103 acolo \u00een repetate r\u00e2nduri.<br \/>\nAltfel nu pot s\u0103-mi explic de ce articolele de pe acest blog, care con\u0163in dispute purtate de mine cu astfel de indivizi, sunt accesate \u00een mod continuu, chiar dup\u0103 ani de zile de la apari\u0163ie, av\u00e2nd cea mai mare audien\u0163\u0103. Exemple ar fi, printre altele: &#8222;<a href=\"http:\/\/paulmelian.de\/blog\/?p=2062\">Ce-i cu tine, m\u0103i Costine<\/a>&#8222;, &#8222;<a href=\"http:\/\/paulmelian.de\/blog\/?p=2466\">Mic\u0103 lec\u0163ie de etimologie: autarhie<\/a>&#8221; sau &#8222;<a href=\"http:\/\/paulmelian.de\/blog\/?p=1025\">Ing. Dezideriu Odet Dudas strikes again<\/a>&#8222;.<br \/>\nExist\u0103, bine\u00een\u0163eles, \u015fi delincven\u0163i mai cu nasul pe sus, cum ar fi <a href=\"https:\/\/cabalinkabul.wordpress.com\/\">Dan Alexe<\/a>, doar c\u0103 pe \u0103sta nu prea po\u0163i s\u0103-l angajezi \u00een vreo disput\u0103, except\u00e2nd cazul \u00een care e\u015fti &#8222;personalitate public\u0103&#8221; cu mii de &#8222;friends&#8221; \u015fi zeci de mii de &#8222;follower&#8221;. \u00cenafar\u0103 de asta, \u0103\u015ftia nici nu p\u0103r\u0103sesc locul faptei, pentru c\u0103 sau o ignor\u0103, sau sunt m\u00e2ndri de ea&#8230;<a href=\"https:\/\/i0.wp.com\/paulmelian.de\/blog\/wp-content\/uploads\/2019\/12\/mord_0.jpg\"><img data-recalc-dims=\"1\" loading=\"lazy\" decoding=\"async\" data-attachment-id=\"4121\" data-permalink=\"https:\/\/paulmelian.de\/blog\/?attachment_id=4121\" data-orig-file=\"https:\/\/i0.wp.com\/paulmelian.de\/blog\/wp-content\/uploads\/2019\/12\/mord_0.jpg?fit=1000%2C686&amp;ssl=1\" data-orig-size=\"1000,686\" data-comments-opened=\"1\" data-image-meta=\"{&quot;aperture&quot;:&quot;0&quot;,&quot;credit&quot;:&quot;&quot;,&quot;camera&quot;:&quot;&quot;,&quot;caption&quot;:&quot;&quot;,&quot;created_timestamp&quot;:&quot;0&quot;,&quot;copyright&quot;:&quot;&quot;,&quot;focal_length&quot;:&quot;0&quot;,&quot;iso&quot;:&quot;0&quot;,&quot;shutter_speed&quot;:&quot;0&quot;,&quot;title&quot;:&quot;&quot;,&quot;orientation&quot;:&quot;0&quot;}\" data-image-title=\"mord_0\" data-image-description=\"\" data-image-caption=\"\" data-large-file=\"https:\/\/i0.wp.com\/paulmelian.de\/blog\/wp-content\/uploads\/2019\/12\/mord_0.jpg?fit=640%2C439&amp;ssl=1\" class=\"aligncenter size-medium wp-image-4121\" src=\"https:\/\/i0.wp.com\/paulmelian.de\/blog\/wp-content\/uploads\/2019\/12\/mord_0-300x206.jpg?resize=300%2C206\" alt=\"\" width=\"300\" height=\"206\" srcset=\"https:\/\/i0.wp.com\/paulmelian.de\/blog\/wp-content\/uploads\/2019\/12\/mord_0.jpg?resize=300%2C206&amp;ssl=1 300w, https:\/\/i0.wp.com\/paulmelian.de\/blog\/wp-content\/uploads\/2019\/12\/mord_0.jpg?resize=768%2C527&amp;ssl=1 768w, https:\/\/i0.wp.com\/paulmelian.de\/blog\/wp-content\/uploads\/2019\/12\/mord_0.jpg?w=1000&amp;ssl=1 1000w\" sizes=\"auto, (max-width: 300px) 100vw, 300px\" \/><\/a><\/p>\n","protected":false},"excerpt":{"rendered":"<p>Se pare c\u0103 nici delincven\u0163ii din spa\u0163iul virtual nu scap\u0103 de atrac\u0163ia morbid\u0103 a locului crimei, deoarece au tendin\u0163a s\u0103 se re\u00eentoarc\u0103 acolo \u00een repetate r\u00e2nduri. Altfel nu pot s\u0103-mi explic de ce articolele de pe acest blog, care con\u0163in &hellip; <a href=\"https:\/\/paulmelian.de\/blog\/?p=4118\">Continu\u0103 s\u0103 cite\u0219ti <span class=\"meta-nav\">&rarr;<\/span><\/a><\/p>\n","protected":false},"author":1,"featured_media":0,"comment_status":"open","ping_status":"open","sticky":false,"template":"","format":"standard","meta":{"ngg_post_thumbnail":0,"jetpack_post_was_ever_published":false,"_jetpack_newsletter_access":"","_jetpack_dont_email_post_to_subs":false,"_jetpack_newsletter_tier_id":0,"_jetpack_memberships_contains_paywalled_content":false,"_jetpack_memberships_contains_paid_content":false,"footnotes":"","jetpack_publicize_message":"","jetpack_publicize_feature_enabled":true,"jetpack_social_post_already_shared":true,"jetpack_social_options":{"image_generator_settings":{"template":"highway","default_image_id":0,"font":"","enabled":false},"version":2}},"categories":[8,9,6,14],"tags":[],"class_list":["post-4118","post","type-post","status-publish","format-standard","hentry","category-general","category-internautice","category-borituri","category-oameni"],"jetpack_publicize_connections":[],"jetpack_featured_media_url":"","jetpack_sharing_enabled":true,"jetpack_shortlink":"https:\/\/wp.me\/s9mZDH-obsesie","jetpack_likes_enabled":true,"jetpack-related-posts":[{"id":199,"url":"https:\/\/paulmelian.de\/blog\/?p=199","url_meta":{"origin":4118,"position":0},"title":"Capra, varza, h\u00e2rbul \u015fi oala spart\u0103","author":"Mihai","date":"9 aprilie 2014","format":false,"excerpt":"O \u00eencercare pios-profanatoare a d-lui Fumurescu pe platforma contributors.ro de a-i \u00eemp\u0103ca pe Vladimir Tism\u0103neanu \u015fi Dorin Tudoran cu ocazia mor\u0163ii poetului Andrei Bodiu \u00eemi apare cu totul inoportun\u0103, deoarece pe aceea\u015fi platform\u0103 r\u0103fuiala primului T cu cel din urm\u0103 tocmai atinsese, cu ajutorul involuntar al d-lui Iulian Capsali, un\u2026","rel":"","context":"\u00cen \u201eGeneral\u201d","block_context":{"text":"General","link":"https:\/\/paulmelian.de\/blog\/?cat=8"},"img":{"alt_text":"","src":"","width":0,"height":0},"classes":[]},{"id":252,"url":"https:\/\/paulmelian.de\/blog\/?p=252","url_meta":{"origin":4118,"position":1},"title":"Civism \u015fi politic\u0103","author":"Mihai","date":"15 noiembrie 2014","format":false,"excerpt":"Sub acest titlu, echipa de voluntari care creeaz\u0103 DEX Online public\u0103 un text care ne arat\u0103 de ce se implic\u0103 \u00een procesul de formare a opiniei politice din Rom\u00e2nia. Recomand lectura acestui articol, care, dup\u0103 p\u0103rerea mea, nu necesit\u0103 comentarii. \u00cen campania electoral\u0103 actual\u0103, aceela\u015fi colectiv recomand\u0103 cititorilor s\u0103i s\u0103-l\u2026","rel":"","context":"\u00cen \u201eDeutsche Erinnerungen \/ Amintiri din Germania\u201d","block_context":{"text":"Deutsche Erinnerungen \/ Amintiri din Germania","link":"https:\/\/paulmelian.de\/blog\/?cat=2"},"img":{"alt_text":"","src":"","width":0,"height":0},"classes":[]},{"id":2838,"url":"https:\/\/paulmelian.de\/blog\/?p=2838","url_meta":{"origin":4118,"position":2},"title":"Un sfat bine inten\u0163ionat","author":"Mihai","date":"26 mai 2018","format":false,"excerpt":"C\u00e2nd am fost la RMN dup\u0103 ruptura de ligamente de la um\u0103r, un t\u00e2n\u0103r medic din Cluj mi-a pus o droaie de \u00eentreb\u0103ri cu privire la situa\u0163ia din Germania. Totul pornea de la faptul c\u0103 prietena lui, care se afla \u00een ultimul an la medicin\u0103, cocheta cu ideea de a\u2026","rel":"","context":"\u00cen \u201eDeutsche Erinnerungen \/ Amintiri din Germania\u201d","block_context":{"text":"Deutsche Erinnerungen \/ Amintiri din Germania","link":"https:\/\/paulmelian.de\/blog\/?cat=2"},"img":{"alt_text":"","src":"https:\/\/i0.wp.com\/paulmelian.de\/blog\/wp-content\/uploads\/2018\/01\/Gott-in-wei%C3%9F-300x122.jpg?resize=350%2C200","width":350,"height":200},"classes":[]},{"id":143,"url":"https:\/\/paulmelian.de\/blog\/?p=143","url_meta":{"origin":4118,"position":3},"title":"O pic\u0103tur\u0103 de ap\u0103 \u00een ocean","author":"Mihai","date":"24 septembrie 2013","format":false,"excerpt":"Redau aici un comentariu pe care l-am f\u0103cut aici. Stimate d-le Ciucu, S\u0103-mi clarific de la \u00eenceput pozi\u0163ia: nici eu nu cred c\u0103 vom putea rezolva problema maidanezilor f\u0103r\u0103 eutanasiere, cel pu\u0163in \u00eem anumite localit\u0103\u0163i din Rom\u00e2nia. Dar eutanasierea, luat\u0103 singur\u0103, nu este suficient\u0103, la fel cum nici sterilizarea nu\u2026","rel":"","context":"\u00cen \u201eGeneral\u201d","block_context":{"text":"General","link":"https:\/\/paulmelian.de\/blog\/?cat=8"},"img":{"alt_text":"","src":"","width":0,"height":0},"classes":[]},{"id":6225,"url":"https:\/\/paulmelian.de\/blog\/?p=6225","url_meta":{"origin":4118,"position":4},"title":"Cum o traducem pe Herta M\u00fcller: un fel de bilan\u0163","author":"Mihai","date":"2 decembrie 2022","format":false,"excerpt":"Lejeritatea diletantului nu poate compensa lipsa profesionismului, spun profesioni\u015ftii. Dar nu e nicio nevoie, slav\u0103 Domnului, spunem noi diletan\u0163ii. \u00cen urm\u0103 cu vreo 11 ani, am trimis editurii Humanitas Fiction un mesaj prin e-mail prin care \u00eemi exprimam dezaprobarea fa\u0163\u0103 de traducerea \u00een rom\u00e2ne\u015fte a romanelor amintite aici. A\u015fa cum\u2026","rel":"","context":"\u00cen \u201eDeutsche Erinnerungen \/ Amintiri din Germania\u201d","block_context":{"text":"Deutsche Erinnerungen \/ Amintiri din Germania","link":"https:\/\/paulmelian.de\/blog\/?cat=2"},"img":{"alt_text":"","src":"https:\/\/i0.wp.com\/paulmelian.de\/blog\/wp-content\/uploads\/2022\/12\/wordcloud1-300x300.png?resize=350%2C200","width":350,"height":200},"classes":[]},{"id":2673,"url":"https:\/\/paulmelian.de\/blog\/?p=2673","url_meta":{"origin":4118,"position":5},"title":"Indignare","author":"Mihai","date":"4 februarie 2018","format":false,"excerpt":"Tipul era de-a dreptul enervant. Pe de-o parte afirma c\u0103 PSD este o adun\u0103tur\u0103 de ho\u0163i, pe de alta c\u0103 a\u015fa zisa \u201cDreapt\u0103\u201d rom\u00e2neasc\u0103 nici m\u0103car adun\u0103tur\u0103 nu e. \u00cen afar\u0103 de asta, pe Iohannis \u00eel considera bou (sau \u201cneam\u0163 prost\u201d, spre deosebire de alternativa sa la ultimele alegeri preziden\u0163iale,\u2026","rel":"","context":"\u00cen \u201eGeneral\u201d","block_context":{"text":"General","link":"https:\/\/paulmelian.de\/blog\/?cat=8"},"img":{"alt_text":"","src":"https:\/\/i0.wp.com\/paulmelian.de\/blog\/wp-content\/uploads\/2018\/02\/Cheshire_Cat_Tenniela-292x300.png?resize=350%2C200","width":350,"height":200},"classes":[]}],"post_mailing_queue_ids":[],"_links":{"self":[{"href":"https:\/\/paulmelian.de\/blog\/index.php?rest_route=\/wp\/v2\/posts\/4118","targetHints":{"allow":["GET"]}}],"collection":[{"href":"https:\/\/paulmelian.de\/blog\/index.php?rest_route=\/wp\/v2\/posts"}],"about":[{"href":"https:\/\/paulmelian.de\/blog\/index.php?rest_route=\/wp\/v2\/types\/post"}],"author":[{"embeddable":true,"href":"https:\/\/paulmelian.de\/blog\/index.php?rest_route=\/wp\/v2\/users\/1"}],"replies":[{"embeddable":true,"href":"https:\/\/paulmelian.de\/blog\/index.php?rest_route=%2Fwp%2Fv2%2Fcomments&post=4118"}],"version-history":[{"count":7,"href":"https:\/\/paulmelian.de\/blog\/index.php?rest_route=\/wp\/v2\/posts\/4118\/revisions"}],"predecessor-version":[{"id":4126,"href":"https:\/\/paulmelian.de\/blog\/index.php?rest_route=\/wp\/v2\/posts\/4118\/revisions\/4126"}],"wp:attachment":[{"href":"https:\/\/paulmelian.de\/blog\/index.php?rest_route=%2Fwp%2Fv2%2Fmedia&parent=4118"}],"wp:term":[{"taxonomy":"category","embeddable":true,"href":"https:\/\/paulmelian.de\/blog\/index.php?rest_route=%2Fwp%2Fv2%2Fcategories&post=4118"},{"taxonomy":"post_tag","embeddable":true,"href":"https:\/\/paulmelian.de\/blog\/index.php?rest_route=%2Fwp%2Fv2%2Ftags&post=4118"}],"curies":[{"name":"wp","href":"https:\/\/api.w.org\/{rel}","templated":true}]}}