{"id":4136,"date":"2019-12-16T19:26:05","date_gmt":"2019-12-16T17:26:05","guid":{"rendered":"http:\/\/paulmelian.de\/blog\/?p=4136"},"modified":"2019-12-16T19:26:05","modified_gmt":"2019-12-16T17:26:05","slug":"de-neinteles","status":"publish","type":"post","link":"https:\/\/paulmelian.de\/blog\/?p=4136","title":{"rendered":"De ne\u00een\u0163eles"},"content":{"rendered":"<p>Lumea a \u00eenceput cu \u00eencetul s\u0103 se \u00eentrebe ce pacoste o mai fi p\u0103sc\u00e2nd omenirea dup\u0103 globalizare. Afirma\u0163ia mea, potrivit c\u0103reia asta va fi probabil postglobalizarea, nu este luat\u0103 \u00een serios. &#8222;De\u015fteptule! P\u0103i asta-i doar clar, nu?&#8221;<br \/>\nP\u0103i dac\u0103-i at\u00e2t de clar, v\u0103 \u00eentreb, de ce nu face nimeni nimic \u00eempotriv\u0103?<br \/>\n<a href=\"https:\/\/i0.wp.com\/paulmelian.de\/blog\/wp-content\/uploads\/2019\/12\/Globalisierung.jpg\"><img data-recalc-dims=\"1\" loading=\"lazy\" decoding=\"async\" data-attachment-id=\"4137\" data-permalink=\"https:\/\/paulmelian.de\/blog\/?attachment_id=4137\" data-orig-file=\"https:\/\/i0.wp.com\/paulmelian.de\/blog\/wp-content\/uploads\/2019\/12\/Globalisierung.jpg?fit=1024%2C673&amp;ssl=1\" data-orig-size=\"1024,673\" data-comments-opened=\"1\" data-image-meta=\"{&quot;aperture&quot;:&quot;0&quot;,&quot;credit&quot;:&quot;&quot;,&quot;camera&quot;:&quot;&quot;,&quot;caption&quot;:&quot;&quot;,&quot;created_timestamp&quot;:&quot;0&quot;,&quot;copyright&quot;:&quot;&quot;,&quot;focal_length&quot;:&quot;0&quot;,&quot;iso&quot;:&quot;0&quot;,&quot;shutter_speed&quot;:&quot;0&quot;,&quot;title&quot;:&quot;&quot;,&quot;orientation&quot;:&quot;0&quot;}\" data-image-title=\"Globalisierung\" data-image-description=\"\" data-image-caption=\"\" data-large-file=\"https:\/\/i0.wp.com\/paulmelian.de\/blog\/wp-content\/uploads\/2019\/12\/Globalisierung.jpg?fit=640%2C421&amp;ssl=1\" src=\"https:\/\/i0.wp.com\/paulmelian.de\/blog\/wp-content\/uploads\/2019\/12\/Globalisierung-300x197.jpg?resize=300%2C197\" alt=\"\" width=\"300\" height=\"197\" class=\"aligncenter size-medium wp-image-4137\" srcset=\"https:\/\/i0.wp.com\/paulmelian.de\/blog\/wp-content\/uploads\/2019\/12\/Globalisierung.jpg?resize=300%2C197&amp;ssl=1 300w, https:\/\/i0.wp.com\/paulmelian.de\/blog\/wp-content\/uploads\/2019\/12\/Globalisierung.jpg?resize=768%2C505&amp;ssl=1 768w, https:\/\/i0.wp.com\/paulmelian.de\/blog\/wp-content\/uploads\/2019\/12\/Globalisierung.jpg?w=1024&amp;ssl=1 1024w\" sizes=\"auto, (max-width: 300px) 100vw, 300px\" \/><\/a><\/p>\n","protected":false},"excerpt":{"rendered":"<p>Lumea a \u00eenceput cu \u00eencetul s\u0103 se \u00eentrebe ce pacoste o mai fi p\u0103sc\u00e2nd omenirea dup\u0103 globalizare. Afirma\u0163ia mea, potrivit c\u0103reia asta va fi probabil postglobalizarea, nu este luat\u0103 \u00een serios. &#8222;De\u015fteptule! P\u0103i asta-i doar clar, nu?&#8221; P\u0103i dac\u0103-i at\u00e2t &hellip; <a href=\"https:\/\/paulmelian.de\/blog\/?p=4136\">Continu\u0103 s\u0103 cite\u0219ti <span class=\"meta-nav\">&rarr;<\/span><\/a><\/p>\n","protected":false},"author":1,"featured_media":0,"comment_status":"open","ping_status":"open","sticky":false,"template":"","format":"standard","meta":{"ngg_post_thumbnail":0,"jetpack_post_was_ever_published":false,"_jetpack_newsletter_access":"","_jetpack_dont_email_post_to_subs":false,"_jetpack_newsletter_tier_id":0,"_jetpack_memberships_contains_paywalled_content":false,"_jetpack_memberships_contains_paid_content":false,"footnotes":"","jetpack_publicize_message":"","jetpack_publicize_feature_enabled":true,"jetpack_social_post_already_shared":true,"jetpack_social_options":{"image_generator_settings":{"template":"highway","default_image_id":0,"font":"","enabled":false},"version":2}},"categories":[8,14,16],"tags":[],"class_list":["post-4136","post","type-post","status-publish","format-standard","hentry","category-general","category-oameni","category-platitudini"],"jetpack_publicize_connections":[],"jetpack_featured_media_url":"","jetpack_sharing_enabled":true,"jetpack_shortlink":"https:\/\/wp.me\/p9mZDH-14I","jetpack_likes_enabled":true,"jetpack-related-posts":[{"id":5682,"url":"https:\/\/paulmelian.de\/blog\/?p=5682","url_meta":{"origin":4136,"position":0},"title":"P\u0103rere","author":"Mihai","date":"11 ianuarie 2021","format":false,"excerpt":"Dorind s\u0103 aflu cine se afl\u0103 \u00een spatele unui comentariu de pe facebook, ap\u0103rut sub numele de Radu Alexandru (nume care \u00eemi amintea vag de Ca\u0163avenci \u015fi de vremurile de demult c\u00e2nd mai citeam pe-acolo, precum \u015fi de ceva cu \"pitici gra\u015fi\") am ajuns pe pagina sa. Ia te uit\u0103,\u2026","rel":"","context":"\u00cen \u201eGeneral\u201d","block_context":{"text":"General","link":"https:\/\/paulmelian.de\/blog\/?cat=8"},"img":{"alt_text":"","src":"https:\/\/i0.wp.com\/paulmelian.de\/blog\/wp-content\/uploads\/2021\/01\/Affe-300x300.jpg?resize=350%2C200","width":350,"height":200},"classes":[]},{"id":4299,"url":"https:\/\/paulmelian.de\/blog\/?p=4299","url_meta":{"origin":4136,"position":1},"title":"S-o mai sc\u0103ld\u0103m!","author":"Mihai","date":"2 februarie 2020","format":false,"excerpt":"Pentru c\u0103 tot veni vorba de con\u015ftiin\u0163\u0103, dac\u0103 s-o fi murd\u0103rit cumva s\u0103raca: Preotul din Ditr\u0103u, care a fost \u00een fruntea protestelor, a precizat c\u0103 \u00ee\u015fi asum\u0103 faptele sale pentru c\u0103 a ac\u0163ionat \u00een nume personal, a\u015fa cum i-a dictat con\u015ftiin\u0163a. asta era destul de clar, ar fi fost absurd\u2026","rel":"","context":"\u00cen \u201eGeneral\u201d","block_context":{"text":"General","link":"https:\/\/paulmelian.de\/blog\/?cat=8"},"img":{"alt_text":"","src":"https:\/\/i0.wp.com\/paulmelian.de\/blog\/wp-content\/uploads\/2020\/02\/Kreuz-erschl%C3%A4gt-Gl%C3%A4ubigen-300x224.jpg?resize=350%2C200","width":350,"height":200},"classes":[]},{"id":44,"url":"https:\/\/paulmelian.de\/blog\/?p=44","url_meta":{"origin":4136,"position":2},"title":"Herta M\u00fcller la Graz, 13.01.2010","author":"Mihai","date":"24 ianuarie 2010","format":false,"excerpt":"La 13 ianuarie, a\u015ftept\u00e2nd \u00eembarcarea \u00een avionul M\u00fcnchen-Graz, am v\u0103zut-o pe Herta M\u00fcller. Era, \u00een orice caz, cineva care \u00eei sem\u0103na foarte mult, o doamn\u0103 de vreo 50 de ani, scund\u0103, zvelt\u0103, brunet\u0103, cu o frizur\u0103 aparte \u015fi cu nas acvilin. Era \u00eenso\u0163it\u0103 de un b\u0103rbat cu vreo zece ani\u2026","rel":"","context":"\u00cen \u201eMenschen \/ Oameni\u201d","block_context":{"text":"Menschen \/ Oameni","link":"https:\/\/paulmelian.de\/blog\/?cat=14"},"img":{"alt_text":"","src":"","width":0,"height":0},"classes":[]},{"id":1925,"url":"https:\/\/paulmelian.de\/blog\/?p=1925","url_meta":{"origin":4136,"position":3},"title":"El Abrogatore","author":"Mihai","date":"5 februarie 2017","format":false,"excerpt":"Dup\u0103 episodul penibil cu Sevil Shhaideh, Dragnea mai prime\u015fte, prin abrogarea OUG 13, \u00eenc\u0103 un dupac. Dup\u0103 cum se pare \u00eens\u0103, nici acesta nu va fi ultimul. Ar fi bine dac\u0103 partidul l-ar trimite \u00een pustie \u015fi ar \u00eencerca o reformare, speran\u0163ele sunt \u00eens\u0103 minime. Iord\u0103ciunea nu demisioneaz\u0103 deocamdat\u0103. P\u0103i\u2026","rel":"","context":"\u00cen \u201eDeutsche Erinnerungen \/ Amintiri din Germania\u201d","block_context":{"text":"Deutsche Erinnerungen \/ Amintiri din Germania","link":"https:\/\/paulmelian.de\/blog\/?cat=2"},"img":{"alt_text":"","src":"","width":0,"height":0},"classes":[]},{"id":1865,"url":"https:\/\/paulmelian.de\/blog\/?p=1865","url_meta":{"origin":4136,"position":4},"title":"Extazul t(r)\u00e2mp al &#8222;dreptei&#8221; rom\u00e2ne\u015fti","author":"Mihai","date":"15 ianuarie 2017","format":false,"excerpt":"Platforma \u00ceLD (\"Conservatorii Rom\u00e2ni\") preia de pe facebook o postare a lui Drago\u015f Paul Aligic\u0103, pe care o ridic\u0103 la nivelul de articol(a\u015f). Chintesen\u0163a ar fi cam asta: un comentator de politic\u0103 extern\u0103, care se informeaz\u0103 doar prin CNN, BBC, WaPo, HuffPo, NYT etc. ar fi, de fapt, neinformat. \u015ei\u2026","rel":"","context":"\u00cen \u201eGeneral\u201d","block_context":{"text":"General","link":"https:\/\/paulmelian.de\/blog\/?cat=8"},"img":{"alt_text":"","src":"","width":0,"height":0},"classes":[]},{"id":90,"url":"https:\/\/paulmelian.de\/blog\/?p=90","url_meta":{"origin":4136,"position":5},"title":"Dezavantajele logicii","author":"Paul","date":"16 februarie 2012","format":false,"excerpt":"Azi diminea\u0163a, cu pu\u0163in \u00eenainte de a m\u0103 trezi, am visat c\u0103 la o mas\u0103 festiv\u0103 mi se oferea un pahar de \u015fnaps. Judec\u00e2nd dup\u0103 m\u0103rimea paharului trebuie s\u0103 fi fost o licoare foarte tare, iar culoarea u\u015for g\u0103lbuie tr\u0103da o v\u00e2rst\u0103 respectabil\u0103. Primul g\u00e2nd care mi-a trecut prin cap\u2026","rel":"","context":"\u00cen \u201ePlatit\u00fcden \/ Platitudini\u201d","block_context":{"text":"Platit\u00fcden \/ Platitudini","link":"https:\/\/paulmelian.de\/blog\/?cat=16"},"img":{"alt_text":"","src":"","width":0,"height":0},"classes":[]}],"post_mailing_queue_ids":[],"_links":{"self":[{"href":"https:\/\/paulmelian.de\/blog\/index.php?rest_route=\/wp\/v2\/posts\/4136","targetHints":{"allow":["GET"]}}],"collection":[{"href":"https:\/\/paulmelian.de\/blog\/index.php?rest_route=\/wp\/v2\/posts"}],"about":[{"href":"https:\/\/paulmelian.de\/blog\/index.php?rest_route=\/wp\/v2\/types\/post"}],"author":[{"embeddable":true,"href":"https:\/\/paulmelian.de\/blog\/index.php?rest_route=\/wp\/v2\/users\/1"}],"replies":[{"embeddable":true,"href":"https:\/\/paulmelian.de\/blog\/index.php?rest_route=%2Fwp%2Fv2%2Fcomments&post=4136"}],"version-history":[{"count":1,"href":"https:\/\/paulmelian.de\/blog\/index.php?rest_route=\/wp\/v2\/posts\/4136\/revisions"}],"predecessor-version":[{"id":4138,"href":"https:\/\/paulmelian.de\/blog\/index.php?rest_route=\/wp\/v2\/posts\/4136\/revisions\/4138"}],"wp:attachment":[{"href":"https:\/\/paulmelian.de\/blog\/index.php?rest_route=%2Fwp%2Fv2%2Fmedia&parent=4136"}],"wp:term":[{"taxonomy":"category","embeddable":true,"href":"https:\/\/paulmelian.de\/blog\/index.php?rest_route=%2Fwp%2Fv2%2Fcategories&post=4136"},{"taxonomy":"post_tag","embeddable":true,"href":"https:\/\/paulmelian.de\/blog\/index.php?rest_route=%2Fwp%2Fv2%2Ftags&post=4136"}],"curies":[{"name":"wp","href":"https:\/\/api.w.org\/{rel}","templated":true}]}}