{"id":4195,"date":"2020-01-05T17:26:38","date_gmt":"2020-01-05T15:26:38","guid":{"rendered":"http:\/\/paulmelian.de\/blog\/?p=4195"},"modified":"2020-01-05T17:28:45","modified_gmt":"2020-01-05T15:28:45","slug":"gedanken-ubers-denken-ganduri-despre-gandire","status":"publish","type":"post","link":"https:\/\/paulmelian.de\/blog\/?p=4195","title":{"rendered":"Gedanken \u00fcbers Denken \/ G\u00e2nduri despre g\u00e2ndire"},"content":{"rendered":"<p>Bei uns hat es geschneit. Heute morgen habe ich angefangen, den Schnee wegzur\u00e4umen, weil ich morgen zum Einkaufen fahren will. Und weil es einige Hundert Quadratmeter zu R\u00e4umen sind, habe ich den Motorpflug hin und her spazieren gefahren. Eint\u00f6nige Besch\u00e4ftigung, die mich zu verschiedenen Gedanken verleitet hat. Gedanken \u00fcbers Denken.<br \/>\n&#8222;Denken ist Gl\u00fccksache&#8221; sagte ein deutscher Bekannte von mir jedes Mal, als er von einer Dummheit geh\u00f6rt hat.<br \/>\n&#8222;Achtung! Denken kann s\u00fcchtig machen, wie eine Droge&#8221; so rechtfertigen sich die Langsamdenkenden.<br \/>\n&#8222;Zum Denken braucht man ein Organ&#8221; sagen die \u00dcberheblichen.<br \/>\n&#8222;Denken behindert die Meditation&#8221; behaupten die Gem\u00fctskranken, die als Psychiater agieren.<br \/>\n&#8222;Denken Sie selbst&#8221; versuchte einer mal mich zu \u00fcberzeugen.<br \/>\n&#8222;Bist du bescheuert? Gedanken \u00fcbers Denken? Das ist doch absurd!&#8221; habe ich nach einer Weile gedacht. &#8222;Hast du nicht selbst behauptet, dass die Funktion AUTOTEST Augenwischerei w\u00e4re? Dass zum kompletten Test einer Maschine eine noch komplexere Maschine notwendig ist?&#8221;<br \/>\nDoch.<br \/>\nIch hatte nat\u00fcrlich, wie immer, recht.<br \/>\nUnd au\u00dferdem habe ich dieses Dilemma ein anderes Mal viel besser beschrieben.<\/p>\n<p style=\"text-align: center;\">===<\/p>\n<p>La noi a nins. Azi diminea\u0163a am \u00eenceput s\u0103 cur\u0103\u0163 z\u0103pada din curte, deoarece m\u00e2ine vreau s\u0103 plec cu ma\u015fina la cump\u0103r\u0103turi. \u015ei pentru c\u0103 sunt c\u00e2teva sute de metri p\u0103tra\u0163i de cur\u0103\u0163at, am plimbat plugul motorizat c\u00e2teva ore h\u00e2\u0163 \u00eencoace h\u00e2\u0163 \u00eencolo. Preocupare monoton\u0103, care m-a \u00eendemnat la tot felul de g\u00e2nduri. G\u00e2nduri despre g\u00e2ndire.<br \/>\n\u201cA g\u00e2ndi e chestie de noroc\u201d zicea un cunoscut de-al meu neam\u0163 de fiecare dat\u0103 c\u00e2nd auzea o prostie.<br \/>\n\u201cAten\u0163ie! A g\u00e2ndi poate duce la dependen\u0163\u0103, ca un drog\u201d se justific\u0103 cei mai grei de minte.<br \/>\n\u201cPentru a g\u00e2ndi \u00ee\u0163i trebuie un organ\u201d spun cei arogan\u0163i.<br \/>\n\u201cG\u00e2ndirea te \u00eempiedic\u0103 s\u0103 meditezi\u201d zic \u0103ia bolnavi la cap, care practic\u0103 psihiatria.<br \/>\n&#8222;G\u00e2ndi\u0163i-v\u0103 singur&#8221; \u00eencerca unul s\u0103 m\u0103 l\u0103mureasc\u0103 odat\u0103.<br \/>\n\u201cAi luat-o razna? G\u00e2nduri despre g\u00e2ndire? P\u0103i asta-i absurd!\u201d am g\u00e2ndit dup\u0103 o vreme. \u201cN-ai afirmat chiar tu mai demult c\u0103 func\u0163ia AUTOTEST este praf \u00een ochii lumii? C\u0103 pentru a testa complet o ma\u015fin\u0103 \u00ee\u0163i trebuie una \u015fi mai complex\u0103?\u201d<br \/>\nBa da.<br \/>\nAveam dreptate, bine\u00een\u0163eles, ca \u00eentotdeauna.<br \/>\n\u015ei \u00een afar\u0103 de asta, am descris aceast\u0103 dilem\u0103 cu mult mai bine alt\u0103dat\u0103.<\/p>\n<p><a href=\"https:\/\/i0.wp.com\/paulmelian.de\/blog\/wp-content\/uploads\/2019\/07\/Denkender-Affea.jpg\"><img data-recalc-dims=\"1\" loading=\"lazy\" decoding=\"async\" data-attachment-id=\"3614\" data-permalink=\"https:\/\/paulmelian.de\/blog\/?attachment_id=3614\" data-orig-file=\"https:\/\/i0.wp.com\/paulmelian.de\/blog\/wp-content\/uploads\/2019\/07\/Denkender-Affea.jpg?fit=910%2C745&amp;ssl=1\" data-orig-size=\"910,745\" data-comments-opened=\"1\" data-image-meta=\"{&quot;aperture&quot;:&quot;0&quot;,&quot;credit&quot;:&quot;&quot;,&quot;camera&quot;:&quot;&quot;,&quot;caption&quot;:&quot;&quot;,&quot;created_timestamp&quot;:&quot;0&quot;,&quot;copyright&quot;:&quot;&quot;,&quot;focal_length&quot;:&quot;0&quot;,&quot;iso&quot;:&quot;0&quot;,&quot;shutter_speed&quot;:&quot;0&quot;,&quot;title&quot;:&quot;&quot;,&quot;orientation&quot;:&quot;0&quot;}\" data-image-title=\"Denkender Affea\" data-image-description=\"\" data-image-caption=\"\" data-large-file=\"https:\/\/i0.wp.com\/paulmelian.de\/blog\/wp-content\/uploads\/2019\/07\/Denkender-Affea.jpg?fit=640%2C524&amp;ssl=1\" class=\"aligncenter size-medium wp-image-3614\" src=\"https:\/\/i0.wp.com\/paulmelian.de\/blog\/wp-content\/uploads\/2019\/07\/Denkender-Affea-300x246.jpg?resize=300%2C246\" alt=\"\" width=\"300\" height=\"246\" srcset=\"https:\/\/i0.wp.com\/paulmelian.de\/blog\/wp-content\/uploads\/2019\/07\/Denkender-Affea.jpg?resize=300%2C246&amp;ssl=1 300w, https:\/\/i0.wp.com\/paulmelian.de\/blog\/wp-content\/uploads\/2019\/07\/Denkender-Affea.jpg?resize=768%2C629&amp;ssl=1 768w, https:\/\/i0.wp.com\/paulmelian.de\/blog\/wp-content\/uploads\/2019\/07\/Denkender-Affea.jpg?w=910&amp;ssl=1 910w\" sizes=\"auto, (max-width: 300px) 100vw, 300px\" \/><\/a><\/p>\nngg_shortcode_0_placeholder\n<blockquote class=\"wp-embedded-content\" data-secret=\"fejHcLRJNJ\"><p><a href=\"https:\/\/paulmelian.de\/blog\/?p=110\">Cerc vicios<\/a><\/p><\/blockquote>\n<p><iframe loading=\"lazy\" class=\"wp-embedded-content\" sandbox=\"allow-scripts\" security=\"restricted\" style=\"position: absolute; visibility: hidden;\" title=\"&#8222;Cerc vicios&#8221; &#8211; Minima Ruralia\" src=\"https:\/\/paulmelian.de\/blog\/?p=110&#038;embed=true#?secret=fCktJ9nf9U#?secret=fejHcLRJNJ\" data-secret=\"fejHcLRJNJ\" width=\"600\" height=\"338\" frameborder=\"0\" marginwidth=\"0\" marginheight=\"0\" scrolling=\"no\"><\/iframe><\/p>\n","protected":false},"excerpt":{"rendered":"<p>Bei uns hat es geschneit. Heute morgen habe ich angefangen, den Schnee wegzur\u00e4umen, weil ich morgen zum Einkaufen fahren will. Und weil es einige Hundert Quadratmeter zu R\u00e4umen sind, habe ich den Motorpflug hin und her spazieren gefahren. Eint\u00f6nige Besch\u00e4ftigung, &hellip; <a href=\"https:\/\/paulmelian.de\/blog\/?p=4195\">Continu\u0103 s\u0103 cite\u0219ti <span class=\"meta-nav\">&rarr;<\/span><\/a><\/p>\n","protected":false},"author":1,"featured_media":0,"comment_status":"open","ping_status":"open","sticky":false,"template":"","format":"standard","meta":{"ngg_post_thumbnail":0,"jetpack_post_was_ever_published":false,"_jetpack_newsletter_access":"","_jetpack_dont_email_post_to_subs":false,"_jetpack_newsletter_tier_id":0,"_jetpack_memberships_contains_paywalled_content":false,"_jetpack_memberships_contains_paid_content":false,"footnotes":"","jetpack_publicize_message":"","jetpack_publicize_feature_enabled":true,"jetpack_social_post_already_shared":true,"jetpack_social_options":{"image_generator_settings":{"template":"highway","default_image_id":0,"font":"","enabled":false},"version":2}},"categories":[8,3,1,16],"tags":[],"class_list":["post-4195","post","type-post","status-publish","format-standard","hentry","category-general","category-anotimpuri","category-fara-categorie","category-platitudini"],"jetpack_publicize_connections":[],"jetpack_featured_media_url":"","jetpack_sharing_enabled":true,"jetpack_shortlink":"https:\/\/wp.me\/p9mZDH-15F","jetpack_likes_enabled":true,"jetpack-related-posts":[{"id":5057,"url":"https:\/\/paulmelian.de\/blog\/?p=5057","url_meta":{"origin":4195,"position":0},"title":"Dumme Aphorismen (2) \/ Aforisme t\u00e2mpite (2)","author":"Mihai","date":"17 septembrie 2020","format":false,"excerpt":"Weil ich mich vor kurzem schon mit der Apokalypse besch\u00e4ftigt habe, hier noch einige Gedanken zum Thema. Martin Luther, dem Begr\u00fcnder der Evangelischen Kirche, wird der Satz zugeschrieben: Und wenn ich w\u00fcsste, dass morgen die Welt unterginge, w\u00fcrde ich heute noch ein Apfelb\u00e4umchen pflanzen. Aus dem Zusammenhang gerissen ist die\u2026","rel":"","context":"\u00cen \u201eDeutsche Erinnerungen \/ Amintiri din Germania\u201d","block_context":{"text":"Deutsche Erinnerungen \/ Amintiri din Germania","link":"https:\/\/paulmelian.de\/blog\/?cat=2"},"img":{"alt_text":"","src":"https:\/\/i0.wp.com\/paulmelian.de\/blog\/wp-content\/uploads\/2020\/09\/apfelbaum-plantage-300x225.jpg?resize=350%2C200","width":350,"height":200},"classes":[]},{"id":7166,"url":"https:\/\/paulmelian.de\/blog\/?p=7166","url_meta":{"origin":4195,"position":1},"title":"Das Zweite Leben (1)","author":"Mihai","date":"6 martie 2026","format":false,"excerpt":"Mein neues Leben fing Anfang 1975 in Bonn an, als ich, 27 Jahre alt, mit einem Koffer in der Hand und mit 700 Mark in der Brieftasche, mich von der \u00fcbrigen rum\u00e4nischen Delegation abgesetzt habe. Es war der Moment der gro\u00dfen Befreiung: Ich hatte bis zu diesem Zeitpunkt nicht richtig\u2026","rel":"","context":"\u00cen \u201eDeutsche Erinnerungen \/ Amintiri din Germania\u201d","block_context":{"text":"Deutsche Erinnerungen \/ Amintiri din Germania","link":"https:\/\/paulmelian.de\/blog\/?cat=2"},"img":{"alt_text":"","src":"","width":0,"height":0},"classes":[]},{"id":77,"url":"https:\/\/paulmelian.de\/blog\/?p=77","url_meta":{"origin":4195,"position":2},"title":"Pozi\u0163ia &#8222;oficial\u0103&#8221; a d-nei(d-lui?) Shugar","author":"Mihai","date":"29 ianuarie 2012","format":false,"excerpt":"Voi traduce acest mesaj de\u00eendat\u0103 ce voi reu\u015fi s\u0103 g\u0103sesc un dic\u0163ionar german-rom\u00e2n de gre\u015feli ortografice \u015fi ortoepice. Altfel n-am nici o \u015fans\u0103. M.L. Ich werde diese Nachricht\u00a0\u00fcbersetzen, sobald ich ein deutsch-rum\u00e4nisches W\u00f6rterbuch f\u00fcr Orthographie- und\u00a0Orthoepiefehler finde. Ansonsten habe ich keine Chance. \u00a0 ====================================== Hallo an alle die diesen \"....\"\u2026","rel":"","context":"\u00cen \u201eGeneral\u201d","block_context":{"text":"General","link":"https:\/\/paulmelian.de\/blog\/?cat=8"},"img":{"alt_text":"","src":"","width":0,"height":0},"classes":[]},{"id":3893,"url":"https:\/\/paulmelian.de\/blog\/?p=3893","url_meta":{"origin":4195,"position":3},"title":"Erinnerung \/ Amintire (2)","author":"Mihai","date":"1 noiembrie 2019","format":false,"excerpt":"Heute wurde ich - ich wei\u00df nicht genau wie - an eine Geschichte mit Hunden erinnert, die ich vor mehr als 10 Jahren geschrieben habe. Drei der Vierbeiner, die in der Geschichte auftauchen, sind inzwischen auf unserem Grundst\u00fcck in den Westkarpaten begraben. (Zwei davon stammten auch von hier und wurden\u2026","rel":"","context":"\u00cen \u201eDeutsche Erinnerungen \/ Amintiri din Germania\u201d","block_context":{"text":"Deutsche Erinnerungen \/ Amintiri din Germania","link":"https:\/\/paulmelian.de\/blog\/?cat=2"},"img":{"alt_text":"","src":"","width":0,"height":0},"classes":[]},{"id":4765,"url":"https:\/\/paulmelian.de\/blog\/?p=4765","url_meta":{"origin":4195,"position":4},"title":"Mehr Hundesachen \/ Alte chestii canine","author":"Mihai","date":"9 iunie 2020","format":false,"excerpt":"Die Grundsatzfrage Ich habe einmal aus sicherem Versteck zugeschaut, wie Sch\u00e4ferh\u00fcndin Bonny ihre Beute vergrub. Sie nahm ein St\u00fcck Hundekuchen ins Maul und schaute sich erst einmal verstohlen um. (Sie wei\u00df ganz genau, dass sie\u2019s nicht machen darf.) Dann trabte sie gem\u00e4chlich zu einer Stelle am Zaun, wo Vera vor\u2026","rel":"","context":"\u00cen \u201eDeutsche Erinnerungen \/ Amintiri din Germania\u201d","block_context":{"text":"Deutsche Erinnerungen \/ Amintiri din Germania","link":"https:\/\/paulmelian.de\/blog\/?cat=2"},"img":{"alt_text":"","src":"https:\/\/i0.wp.com\/paulmelian.de\/blog\/wp-content\/uploads\/2020\/06\/bonny01-300x206.jpg?resize=350%2C200","width":350,"height":200},"classes":[]},{"id":7258,"url":"https:\/\/paulmelian.de\/blog\/?p=7258","url_meta":{"origin":4195,"position":5},"title":"Vor 20 Jahren","author":"Mihai","date":"25 aprilie 2026","format":false,"excerpt":"Nachdem ich den Joscha Bach \u201eausgegraben\u201c habe, habe ich mich an eine Episode von damals erinnert, als er noch ein eifriger Kommentator bei \u201enensch\u201c (RIP) war. Seine Kommentare boten so gut wie keine Angriffsfl\u00e4che. Aus diesem Grund wurde ihm von einem Konkurrenten - in neidvoller Anerkennung - der so einfallsreiche\u2026","rel":"","context":"\u00cen \u201eDeutsche Erinnerungen \/ Amintiri din Germania\u201d","block_context":{"text":"Deutsche Erinnerungen \/ Amintiri din Germania","link":"https:\/\/paulmelian.de\/blog\/?cat=2"},"img":{"alt_text":"","src":"https:\/\/i0.wp.com\/paulmelian.de\/blog\/wp-content\/uploads\/2026\/04\/Streit-300x248.jpg?resize=350%2C200&ssl=1","width":350,"height":200},"classes":[]}],"post_mailing_queue_ids":[],"_links":{"self":[{"href":"https:\/\/paulmelian.de\/blog\/index.php?rest_route=\/wp\/v2\/posts\/4195","targetHints":{"allow":["GET"]}}],"collection":[{"href":"https:\/\/paulmelian.de\/blog\/index.php?rest_route=\/wp\/v2\/posts"}],"about":[{"href":"https:\/\/paulmelian.de\/blog\/index.php?rest_route=\/wp\/v2\/types\/post"}],"author":[{"embeddable":true,"href":"https:\/\/paulmelian.de\/blog\/index.php?rest_route=\/wp\/v2\/users\/1"}],"replies":[{"embeddable":true,"href":"https:\/\/paulmelian.de\/blog\/index.php?rest_route=%2Fwp%2Fv2%2Fcomments&post=4195"}],"version-history":[{"count":8,"href":"https:\/\/paulmelian.de\/blog\/index.php?rest_route=\/wp\/v2\/posts\/4195\/revisions"}],"predecessor-version":[{"id":4208,"href":"https:\/\/paulmelian.de\/blog\/index.php?rest_route=\/wp\/v2\/posts\/4195\/revisions\/4208"}],"wp:attachment":[{"href":"https:\/\/paulmelian.de\/blog\/index.php?rest_route=%2Fwp%2Fv2%2Fmedia&parent=4195"}],"wp:term":[{"taxonomy":"category","embeddable":true,"href":"https:\/\/paulmelian.de\/blog\/index.php?rest_route=%2Fwp%2Fv2%2Fcategories&post=4195"},{"taxonomy":"post_tag","embeddable":true,"href":"https:\/\/paulmelian.de\/blog\/index.php?rest_route=%2Fwp%2Fv2%2Ftags&post=4195"}],"curies":[{"name":"wp","href":"https:\/\/api.w.org\/{rel}","templated":true}]}}