{"id":4213,"date":"2020-01-08T09:14:21","date_gmt":"2020-01-08T07:14:21","guid":{"rendered":"http:\/\/paulmelian.de\/blog\/?p=4213"},"modified":"2020-01-08T13:02:29","modified_gmt":"2020-01-08T11:02:29","slug":"vorschlag","status":"publish","type":"post","link":"https:\/\/paulmelian.de\/blog\/?p=4213","title":{"rendered":"Vorschlag"},"content":{"rendered":"<p>Iran hat ein <a href=\"https:\/\/www.merkur.de\/politik\/donald-trump-iran-usa-general-soleimani-irak-raketenangriff-botschaft-deutschland-bundeswehr-kopfgeld-zr-13396269.html\">Kopfgeld <\/a>von 80 Millionen Dollar auf Trump gesetzt.<br \/>\nIch denke, die Menschheit kommt mit dieser Summe noch billig davon, wenn man bedenkt, was Trump uns alles kosten k\u00f6nnte. Die Amis sollten die ersten sein, die sich dar\u00fcber freuen.<br \/>\nUnd man braucht ihn gar nicht umzubringen, meine ich als Tiersch\u00fctzer. Es gen\u00fcgt, ihn auf einem seiner Golfpl\u00e4tze einzusperren, mit einer 10 Meter hohen Mauer drum herum.<a href=\"https:\/\/i0.wp.com\/paulmelian.de\/blog\/wp-content\/uploads\/2020\/01\/Trump.jpg\"><img data-recalc-dims=\"1\" loading=\"lazy\" decoding=\"async\" data-attachment-id=\"4215\" data-permalink=\"https:\/\/paulmelian.de\/blog\/?attachment_id=4215\" data-orig-file=\"https:\/\/i0.wp.com\/paulmelian.de\/blog\/wp-content\/uploads\/2020\/01\/Trump.jpg?fit=750%2C422&amp;ssl=1\" data-orig-size=\"750,422\" data-comments-opened=\"1\" data-image-meta=\"{&quot;aperture&quot;:&quot;0&quot;,&quot;credit&quot;:&quot;&quot;,&quot;camera&quot;:&quot;&quot;,&quot;caption&quot;:&quot;&quot;,&quot;created_timestamp&quot;:&quot;0&quot;,&quot;copyright&quot;:&quot;&quot;,&quot;focal_length&quot;:&quot;0&quot;,&quot;iso&quot;:&quot;0&quot;,&quot;shutter_speed&quot;:&quot;0&quot;,&quot;title&quot;:&quot;&quot;,&quot;orientation&quot;:&quot;0&quot;}\" data-image-title=\"Trump\" data-image-description=\"\" data-image-caption=\"\" data-large-file=\"https:\/\/i0.wp.com\/paulmelian.de\/blog\/wp-content\/uploads\/2020\/01\/Trump.jpg?fit=640%2C360&amp;ssl=1\" src=\"https:\/\/i0.wp.com\/paulmelian.de\/blog\/wp-content\/uploads\/2020\/01\/Trump-300x169.jpg?resize=300%2C169\" alt=\"\" width=\"300\" height=\"169\" class=\"aligncenter size-medium wp-image-4215\" srcset=\"https:\/\/i0.wp.com\/paulmelian.de\/blog\/wp-content\/uploads\/2020\/01\/Trump.jpg?resize=300%2C169&amp;ssl=1 300w, https:\/\/i0.wp.com\/paulmelian.de\/blog\/wp-content\/uploads\/2020\/01\/Trump.jpg?w=750&amp;ssl=1 750w\" sizes=\"auto, (max-width: 300px) 100vw, 300px\" \/><\/a><\/p>\n","protected":false},"excerpt":{"rendered":"<p>Iran hat ein Kopfgeld von 80 Millionen Dollar auf Trump gesetzt. Ich denke, die Menschheit kommt mit dieser Summe noch billig davon, wenn man bedenkt, was Trump uns alles kosten k\u00f6nnte. Die Amis sollten die ersten sein, die sich dar\u00fcber &hellip; <a href=\"https:\/\/paulmelian.de\/blog\/?p=4213\">Continu\u0103 s\u0103 cite\u0219ti <span class=\"meta-nav\">&rarr;<\/span><\/a><\/p>\n","protected":false},"author":1,"featured_media":0,"comment_status":"open","ping_status":"open","sticky":false,"template":"","format":"standard","meta":{"ngg_post_thumbnail":0,"jetpack_post_was_ever_published":false,"_jetpack_newsletter_access":"","_jetpack_dont_email_post_to_subs":false,"_jetpack_newsletter_tier_id":0,"_jetpack_memberships_contains_paywalled_content":false,"_jetpack_memberships_contains_paid_content":false,"footnotes":"","jetpack_publicize_message":"","jetpack_publicize_feature_enabled":true,"jetpack_social_post_already_shared":true,"jetpack_social_options":{"image_generator_settings":{"template":"highway","default_image_id":0,"font":"","enabled":false},"version":2}},"categories":[8,9,6,14,17],"tags":[],"class_list":["post-4213","post","type-post","status-publish","format-standard","hentry","category-general","category-internautice","category-borituri","category-oameni","category-politica"],"jetpack_publicize_connections":[],"jetpack_featured_media_url":"","jetpack_sharing_enabled":true,"jetpack_shortlink":"https:\/\/wp.me\/p9mZDH-15X","jetpack_likes_enabled":true,"jetpack-related-posts":[{"id":3893,"url":"https:\/\/paulmelian.de\/blog\/?p=3893","url_meta":{"origin":4213,"position":0},"title":"Erinnerung \/ Amintire (2)","author":"Mihai","date":"1 noiembrie 2019","format":false,"excerpt":"Heute wurde ich - ich wei\u00df nicht genau wie - an eine Geschichte mit Hunden erinnert, die ich vor mehr als 10 Jahren geschrieben habe. Drei der Vierbeiner, die in der Geschichte auftauchen, sind inzwischen auf unserem Grundst\u00fcck in den Westkarpaten begraben. (Zwei davon stammten auch von hier und wurden\u2026","rel":"","context":"\u00cen \u201eDeutsche Erinnerungen \/ Amintiri din Germania\u201d","block_context":{"text":"Deutsche Erinnerungen \/ Amintiri din Germania","link":"https:\/\/paulmelian.de\/blog\/?cat=2"},"img":{"alt_text":"","src":"","width":0,"height":0},"classes":[]},{"id":4742,"url":"https:\/\/paulmelian.de\/blog\/?p=4742","url_meta":{"origin":4213,"position":1},"title":"Mondfinsternis \/ Eclips\u0103 de lun\u0103","author":"Mihai","date":"25 mai 2020","format":false,"excerpt":"Da ich im Moment wenig Zeit habe, etwas Neues zu schreiben, habe ich wieder eine \u00e4ltere Geschichte ausgegraben. Mondfinsternis Kurz nach acht Uhr morgens klingelte es. Ich guckte durchs Fenster. Am Tor war schon wieder dieser Knirps auf dem Fahrrad, der einem L\u00f6cher in den Bauch fragt. Er hielt sich\u2026","rel":"","context":"\u00cen \u201eDeutsche Erinnerungen \/ Amintiri din Germania\u201d","block_context":{"text":"Deutsche Erinnerungen \/ Amintiri din Germania","link":"https:\/\/paulmelian.de\/blog\/?cat=2"},"img":{"alt_text":"","src":"https:\/\/i0.wp.com\/paulmelian.de\/blog\/wp-content\/uploads\/2020\/05\/Mondfinsternis-300x300.jpg?resize=350%2C200","width":350,"height":200},"classes":[]},{"id":6318,"url":"https:\/\/paulmelian.de\/blog\/?p=6318","url_meta":{"origin":4213,"position":2},"title":"Die rote Linie \/ Linia ro\u015fie","author":"Mihai","date":"24 ianuarie 2023","format":false,"excerpt":"Zu den Zeiten der UdSSR gab es auf die Frage \"Mit wem ist die UdSSR benachbart?\" h\u00e4ufig die arrogante Antwort: \"Mit wem sie will\". Vladimir Putin, der nostalgische KGBler, hat nicht davor zur\u00fcckgeschreckt, diese Enormit\u00e4t in einer \u00f6ffentlichen Rede (als Witz getarnt) auch f\u00fcr Russland zu beanspruchen. Was lernen wir\u2026","rel":"","context":"\u00cen \u201eGeneral\u201d","block_context":{"text":"General","link":"https:\/\/paulmelian.de\/blog\/?cat=8"},"img":{"alt_text":"","src":"https:\/\/i0.wp.com\/paulmelian.de\/blog\/wp-content\/uploads\/2023\/01\/Rote-Linie-300x200.jpg?resize=350%2C200&ssl=1","width":350,"height":200},"classes":[]},{"id":5292,"url":"https:\/\/paulmelian.de\/blog\/?p=5292","url_meta":{"origin":4213,"position":3},"title":"Der Murano Aschenbecher \/ Scrumiera de Murano","author":"Mihai","date":"13 martie 2021","format":false,"excerpt":"\u00a0 Ich wollte in meinem B\u00fcro einen Wandkalender anbringen. In der obersten Schublade meines Schreibtisches hatte ich ein Paar Stahln\u00e4gel erblickt, die mir wohl mein Vorg\u00e4nger hinterlassen hatte. Weil ich zu faul war, aus der Werkstatt einen Hammer zu holen, schaute ich mich nach einer Alternative um. Der blaue, runde\u2026","rel":"","context":"\u00cen \u201eDeutsche Erinnerungen \/ Amintiri din Germania\u201d","block_context":{"text":"Deutsche Erinnerungen \/ Amintiri din Germania","link":"https:\/\/paulmelian.de\/blog\/?cat=2"},"img":{"alt_text":"","src":"https:\/\/i0.wp.com\/paulmelian.de\/blog\/wp-content\/uploads\/2021\/03\/Murano3-300x288.jpg?resize=350%2C200","width":350,"height":200},"classes":[]},{"id":255,"url":"https:\/\/paulmelian.de\/blog\/?p=255","url_meta":{"origin":4213,"position":4},"title":"Scrisoare deschis\u0103 &#8211; Offener Brief D-lui &#8211; Herrn Sigmar Gabriel","author":"Mihai","date":"16 noiembrie 2014","format":false,"excerpt":"Dr. Mihail-Onoriu Lungu Schulstr 13A 67365 Schwegenheim Germania D-lui Sigmar Gabriel Pre\u015fedintele SPD Scrisoare deschis\u0103 D-le Gabriel \u00eemi permit pentru \u00eenceput o scurt\u0103 prezentare. Sunt cet\u0103\u0163ean german de origine rom\u00e2n\u0103 \u015fi tr\u0103iesc de la \u00eenceputul anului 1975 \u00een Germania, unde mi-am completat studiile la Universitatea din Bonn. Dup\u0103 studiu am\u2026","rel":"","context":"\u00cen \u201eDeutsche Erinnerungen \/ Amintiri din Germania\u201d","block_context":{"text":"Deutsche Erinnerungen \/ Amintiri din Germania","link":"https:\/\/paulmelian.de\/blog\/?cat=2"},"img":{"alt_text":"","src":"","width":0,"height":0},"classes":[]},{"id":3882,"url":"https:\/\/paulmelian.de\/blog\/?p=3882","url_meta":{"origin":4213,"position":5},"title":"Unser Gott \/ Dumnezeul nostru","author":"Mihai","date":"31 octombrie 2019","format":false,"excerpt":"Adrian Papahagi beantwortet die brennenden Fragen der Menschheit: Warum kocht das Wasser? Wegen der Molekularbewegung, die von einer W\u00e4rmequelle verursacht wird etc. Weil ich mir einen Tee zubereiten will. Die wissenschaftliche Erkl\u00e4rung und die, die an einen sich au\u00dferhalb des Systems befindlichen Denkverm\u00f6gen\/Willen apelliert, schliessen sich gegenseitig nicht aus. Die\u2026","rel":"","context":"\u00cen \u201eGeneral\u201d","block_context":{"text":"General","link":"https:\/\/paulmelian.de\/blog\/?cat=8"},"img":{"alt_text":"","src":"https:\/\/i0.wp.com\/paulmelian.de\/blog\/wp-content\/uploads\/2019\/10\/strafender_gott-300x145.jpg?resize=350%2C200","width":350,"height":200},"classes":[]}],"post_mailing_queue_ids":[],"_links":{"self":[{"href":"https:\/\/paulmelian.de\/blog\/index.php?rest_route=\/wp\/v2\/posts\/4213","targetHints":{"allow":["GET"]}}],"collection":[{"href":"https:\/\/paulmelian.de\/blog\/index.php?rest_route=\/wp\/v2\/posts"}],"about":[{"href":"https:\/\/paulmelian.de\/blog\/index.php?rest_route=\/wp\/v2\/types\/post"}],"author":[{"embeddable":true,"href":"https:\/\/paulmelian.de\/blog\/index.php?rest_route=\/wp\/v2\/users\/1"}],"replies":[{"embeddable":true,"href":"https:\/\/paulmelian.de\/blog\/index.php?rest_route=%2Fwp%2Fv2%2Fcomments&post=4213"}],"version-history":[{"count":5,"href":"https:\/\/paulmelian.de\/blog\/index.php?rest_route=\/wp\/v2\/posts\/4213\/revisions"}],"predecessor-version":[{"id":4219,"href":"https:\/\/paulmelian.de\/blog\/index.php?rest_route=\/wp\/v2\/posts\/4213\/revisions\/4219"}],"wp:attachment":[{"href":"https:\/\/paulmelian.de\/blog\/index.php?rest_route=%2Fwp%2Fv2%2Fmedia&parent=4213"}],"wp:term":[{"taxonomy":"category","embeddable":true,"href":"https:\/\/paulmelian.de\/blog\/index.php?rest_route=%2Fwp%2Fv2%2Fcategories&post=4213"},{"taxonomy":"post_tag","embeddable":true,"href":"https:\/\/paulmelian.de\/blog\/index.php?rest_route=%2Fwp%2Fv2%2Ftags&post=4213"}],"curies":[{"name":"wp","href":"https:\/\/api.w.org\/{rel}","templated":true}]}}