{"id":4247,"date":"2020-01-17T10:28:25","date_gmt":"2020-01-17T08:28:25","guid":{"rendered":"http:\/\/paulmelian.de\/blog\/?p=4247"},"modified":"2020-01-17T11:23:35","modified_gmt":"2020-01-17T09:23:35","slug":"zweckehe","status":"publish","type":"post","link":"https:\/\/paulmelian.de\/blog\/?p=4247","title":{"rendered":"Zweckehe \/ C\u0103s\u0103torie de convenien\u0163\u0103"},"content":{"rendered":"<p>Wallstreet wird gr\u00fcn: sogar der Kapitalismus <a href=\"https:\/\/www.tagesschau.de\/ausland\/blackrock-aufruf-klimaschutz-101.html\">erkennt<\/a> endlich, dass Nachhaltigkeit \u00fcberlebenswichtig ist&#8230;<\/p>\n<p style=\"text-align: center;\">===<\/p>\n<p>Wallstreet \u00eenverze\u015fte: p\u00e2n\u0103 \u015fi capitalismul <a href=\"https:\/\/www.tagesschau.de\/ausland\/blackrock-aufruf-klimaschutz-101.html\">recunoa\u015fte<\/a>, \u00een sf\u00e2r\u015fit, c\u0103 sustenabilitatea este o condi\u0163ie esen\u0163ial\u0103 pentru supravie\u0163uire&#8230;<br \/>\n<a href=\"https:\/\/i0.wp.com\/paulmelian.de\/blog\/wp-content\/uploads\/2019\/12\/craca-de-sub-picioare-830x568.jpg\"><img data-recalc-dims=\"1\" loading=\"lazy\" decoding=\"async\" data-attachment-id=\"4112\" data-permalink=\"https:\/\/paulmelian.de\/blog\/?attachment_id=4112\" data-orig-file=\"https:\/\/i0.wp.com\/paulmelian.de\/blog\/wp-content\/uploads\/2019\/12\/craca-de-sub-picioare-830x568.jpg?fit=830%2C568&amp;ssl=1\" data-orig-size=\"830,568\" data-comments-opened=\"1\" data-image-meta=\"{&quot;aperture&quot;:&quot;0&quot;,&quot;credit&quot;:&quot;&quot;,&quot;camera&quot;:&quot;&quot;,&quot;caption&quot;:&quot;&quot;,&quot;created_timestamp&quot;:&quot;0&quot;,&quot;copyright&quot;:&quot;&quot;,&quot;focal_length&quot;:&quot;0&quot;,&quot;iso&quot;:&quot;0&quot;,&quot;shutter_speed&quot;:&quot;0&quot;,&quot;title&quot;:&quot;&quot;,&quot;orientation&quot;:&quot;0&quot;}\" data-image-title=\"craca-de-sub-picioare-830&amp;#215;568\" data-image-description=\"\" data-image-caption=\"\" data-large-file=\"https:\/\/i0.wp.com\/paulmelian.de\/blog\/wp-content\/uploads\/2019\/12\/craca-de-sub-picioare-830x568.jpg?fit=640%2C438&amp;ssl=1\" class=\"aligncenter size-medium wp-image-4112\" src=\"https:\/\/i0.wp.com\/paulmelian.de\/blog\/wp-content\/uploads\/2019\/12\/craca-de-sub-picioare-830x568-300x205.jpg?resize=300%2C205\" alt=\"\" width=\"300\" height=\"205\" srcset=\"https:\/\/i0.wp.com\/paulmelian.de\/blog\/wp-content\/uploads\/2019\/12\/craca-de-sub-picioare-830x568.jpg?resize=300%2C205&amp;ssl=1 300w, https:\/\/i0.wp.com\/paulmelian.de\/blog\/wp-content\/uploads\/2019\/12\/craca-de-sub-picioare-830x568.jpg?resize=768%2C526&amp;ssl=1 768w, https:\/\/i0.wp.com\/paulmelian.de\/blog\/wp-content\/uploads\/2019\/12\/craca-de-sub-picioare-830x568.jpg?resize=830%2C568&amp;ssl=1 830w\" sizes=\"auto, (max-width: 300px) 100vw, 300px\" \/><\/a><\/p>\n","protected":false},"excerpt":{"rendered":"<p>Wallstreet wird gr\u00fcn: sogar der Kapitalismus erkennt endlich, dass Nachhaltigkeit \u00fcberlebenswichtig ist&#8230; === Wallstreet \u00eenverze\u015fte: p\u00e2n\u0103 \u015fi capitalismul recunoa\u015fte, \u00een sf\u00e2r\u015fit, c\u0103 sustenabilitatea este o condi\u0163ie esen\u0163ial\u0103 pentru supravie\u0163uire&#8230;<\/p>\n","protected":false},"author":1,"featured_media":0,"comment_status":"open","ping_status":"open","sticky":false,"template":"","format":"standard","meta":{"ngg_post_thumbnail":0,"jetpack_post_was_ever_published":false,"_jetpack_newsletter_access":"","_jetpack_dont_email_post_to_subs":false,"_jetpack_newsletter_tier_id":0,"_jetpack_memberships_contains_paywalled_content":false,"_jetpack_memberships_contains_paid_content":false,"footnotes":"","jetpack_publicize_message":"","jetpack_publicize_feature_enabled":true,"jetpack_social_post_already_shared":true,"jetpack_social_options":{"image_generator_settings":{"template":"highway","default_image_id":0,"font":"","enabled":false},"version":2}},"categories":[2,8,9,6,11,14,17],"tags":[],"class_list":["post-4247","post","type-post","status-publish","format-standard","hentry","category-amintiri-din-germania","category-general","category-internautice","category-borituri","category-management","category-oameni","category-politica"],"jetpack_publicize_connections":[],"jetpack_featured_media_url":"","jetpack_sharing_enabled":true,"jetpack_shortlink":"https:\/\/wp.me\/s9mZDH-zweckehe","jetpack_likes_enabled":true,"jetpack-related-posts":[],"post_mailing_queue_ids":[],"_links":{"self":[{"href":"https:\/\/paulmelian.de\/blog\/index.php?rest_route=\/wp\/v2\/posts\/4247","targetHints":{"allow":["GET"]}}],"collection":[{"href":"https:\/\/paulmelian.de\/blog\/index.php?rest_route=\/wp\/v2\/posts"}],"about":[{"href":"https:\/\/paulmelian.de\/blog\/index.php?rest_route=\/wp\/v2\/types\/post"}],"author":[{"embeddable":true,"href":"https:\/\/paulmelian.de\/blog\/index.php?rest_route=\/wp\/v2\/users\/1"}],"replies":[{"embeddable":true,"href":"https:\/\/paulmelian.de\/blog\/index.php?rest_route=%2Fwp%2Fv2%2Fcomments&post=4247"}],"version-history":[{"count":5,"href":"https:\/\/paulmelian.de\/blog\/index.php?rest_route=\/wp\/v2\/posts\/4247\/revisions"}],"predecessor-version":[{"id":4252,"href":"https:\/\/paulmelian.de\/blog\/index.php?rest_route=\/wp\/v2\/posts\/4247\/revisions\/4252"}],"wp:attachment":[{"href":"https:\/\/paulmelian.de\/blog\/index.php?rest_route=%2Fwp%2Fv2%2Fmedia&parent=4247"}],"wp:term":[{"taxonomy":"category","embeddable":true,"href":"https:\/\/paulmelian.de\/blog\/index.php?rest_route=%2Fwp%2Fv2%2Fcategories&post=4247"},{"taxonomy":"post_tag","embeddable":true,"href":"https:\/\/paulmelian.de\/blog\/index.php?rest_route=%2Fwp%2Fv2%2Ftags&post=4247"}],"curies":[{"name":"wp","href":"https:\/\/api.w.org\/{rel}","templated":true}]}}