{"id":4436,"date":"2020-03-27T17:18:49","date_gmt":"2020-03-27T15:18:49","guid":{"rendered":"http:\/\/paulmelian.de\/blog\/?p=4436"},"modified":"2020-03-28T07:03:48","modified_gmt":"2020-03-28T05:03:48","slug":"infiziert-infectat","status":"publish","type":"post","link":"https:\/\/paulmelian.de\/blog\/?p=4436","title":{"rendered":"Infiziert \/ Infectat"},"content":{"rendered":"<p>Der Coronavirus hat sich nun mit Boris Johnson <a href=\"https:\/\/www.tagesschau.de\/ausland\/coronavirus-johnson-101.html\">infiziert<\/a>, seine \u00dcberlebenschancen sind ungewi\u00df&#8230; armes kleines Ding!<br \/>\nSpa\u00df beiseite.<br \/>\nEs gibt immer mehr Nachrichten, die sich mit dem Aussehen des Virus befassen bzw. Fantasiebilder zum Besten geben. Es ist durchaus verst\u00e4ndlich, wenn sich ungebildete Menschen, wie z.B. der vietnamesische <a href=\"http:\/\/stiri.tvr.ro\/un-patron-de-restaurant-din-vietnam-a-creat-un-burger-inspirat-de-imaginea-la-microscop-a-coronavirusului_858462.html#view\">Imbi\u00dfbesitzer<\/a>, das possierliche Tierchen als Kugel mit lauter verschieden farbigen Noppen und sonstigen Protuberanzen vorstellen, dass jedoch auch die Medien so etwas bescheuertes glauben, das ist schlicht peinlich. Nein, der Virus sieht nicht <a href=\"https:\/\/de.123rf.com\/photo_48473542_mikroskopische-aufnahme-von-coronavirus-auf-der-oberfl%C3%A4che-der-alveolen-des-atemtrakts-modell-des-viru.html\">so<\/a> oder wie in der unteren Bildergalerie aus, ihr Banausen, er hat \u00fcberhaupt keine Farbe, kein Etikett, keine Saugn\u00e4pfe und keine Anh\u00e4ngerkupplung. Und auch keinen Korkenzieher, um in die Zellen eindringen zu k\u00f6nnen. Eine elektronenmikroskopische Aufnahme (siehe unten) ist viel <a href=\"https:\/\/www.scinexx.de\/fotos\/so-sieht-das-neue-coronavirus-aus\/\">unscheinbarer<\/a>, aber damit k\u00f6nnt ihr blo\u00df Fachleute beeindrucken und keine Volksverbl\u00f6dung betreiben, nicht wahr?<\/p>\n<p style=\"text-align: center;\">===<\/p>\n<p>S\u0103rmanul coronavirus s-a <a href=\"https:\/\/www.tagesschau.de\/ausland\/coronavirus-johnson-101.html\">infectat<\/a> acum cu Boris Johnson, \u015fansele sale de supravie\u0163uire sunt indecise, mititelul de el&#8230;<br \/>\nS\u0103 l\u0103s\u0103m gluma la o parte.<br \/>\nSunt tot mai multe \u015ftiri care se ocup\u0103 cu aspectul virusului sau, mai bine zis, colporteaz\u0103 imagini fannteziste de-ale sale. Este foarte de \u00een\u0163eles dac\u0103 persoane neinstruite, cum ar fi de exemplu un anume <a href=\"http:\/\/stiri.tvr.ro\/un-patron-de-restaurant-din-vietnam-a-creat-un-burger-inspirat-de-imaginea-la-microscop-a-coronavirusului_858462.html#view\">proprietar vietnamez<\/a> de restaurant, \u00ee\u015fi \u00eenchipuie ghidu\u015ful anim\u0103lu\u0163 ca pe o bilu\u0163\u0103 cu multe tentacule \u015fi alte astfel de protuberan\u0163e de diferite culori, dar \u00een momentul \u00een care p\u00e2n\u0103 \u015fi mass media pare a crede \u00een astfel de baliverne, atunci se dep\u0103\u015fe\u015fte limita penibilului. Nu, virusul nu arat\u0103 <a href=\"https:\/\/de.123rf.com\/photo_48473542_mikroskopische-aufnahme-von-coronavirus-auf-der-oberfl%C3%A4che-der-alveolen-des-atemtrakts-modell-des-viru.html\">a\u015fa<\/a>&nbsp; \u015fi nici ca \u00een galeria foto de mai jos, de\u015ftep\u0163ilor, el nu are nici culoare, nici etichet\u0103, nici ventuze, nici c\u00e2rlig de remorcare. \u015ei nici tirbu\u015fon pentru a putea penetra celulele. O imagine ob\u0163inut\u0103 cu ajutorul microscopului electronic (vezi mai jos) este mult mai pu\u0163in <a href=\"https:\/\/www.scinexx.de\/fotos\/so-sieht-das-neue-coronavirus-aus\/\">spectacular\u0103<\/a>, dar cu asta n-a\u0163i putea impresiona dec\u00e2t speciali\u015ftii \u015fi nu \u00eendobitoci poporul, nu-i a\u015fa?<\/p>\n<p><a href=\"https:\/\/i0.wp.com\/paulmelian.de\/blog\/wp-content\/uploads\/2020\/03\/Monster.jpg\"><img data-recalc-dims=\"1\" loading=\"lazy\" decoding=\"async\" data-attachment-id=\"4456\" data-permalink=\"https:\/\/paulmelian.de\/blog\/?attachment_id=4456\" data-orig-file=\"https:\/\/i0.wp.com\/paulmelian.de\/blog\/wp-content\/uploads\/2020\/03\/Monster.jpg?fit=1000%2C961&amp;ssl=1\" data-orig-size=\"1000,961\" data-comments-opened=\"1\" data-image-meta=\"{&quot;aperture&quot;:&quot;0&quot;,&quot;credit&quot;:&quot;&quot;,&quot;camera&quot;:&quot;&quot;,&quot;caption&quot;:&quot;&quot;,&quot;created_timestamp&quot;:&quot;0&quot;,&quot;copyright&quot;:&quot;&quot;,&quot;focal_length&quot;:&quot;0&quot;,&quot;iso&quot;:&quot;0&quot;,&quot;shutter_speed&quot;:&quot;0&quot;,&quot;title&quot;:&quot;&quot;,&quot;orientation&quot;:&quot;0&quot;}\" data-image-title=\"Monster\" data-image-description=\"\" data-image-caption=\"\" data-large-file=\"https:\/\/i0.wp.com\/paulmelian.de\/blog\/wp-content\/uploads\/2020\/03\/Monster.jpg?fit=640%2C615&amp;ssl=1\" class=\"aligncenter size-medium wp-image-4456\" src=\"https:\/\/i0.wp.com\/paulmelian.de\/blog\/wp-content\/uploads\/2020\/03\/Monster-300x288.jpg?resize=300%2C288\" alt=\"\" width=\"300\" height=\"288\" srcset=\"https:\/\/i0.wp.com\/paulmelian.de\/blog\/wp-content\/uploads\/2020\/03\/Monster.jpg?resize=300%2C288&amp;ssl=1 300w, https:\/\/i0.wp.com\/paulmelian.de\/blog\/wp-content\/uploads\/2020\/03\/Monster.jpg?resize=768%2C738&amp;ssl=1 768w, https:\/\/i0.wp.com\/paulmelian.de\/blog\/wp-content\/uploads\/2020\/03\/Monster.jpg?w=1000&amp;ssl=1 1000w\" sizes=\"auto, (max-width: 300px) 100vw, 300px\" \/><\/a><\/p>\nngg_shortcode_0_placeholder\n<p><a href=\"https:\/\/i0.wp.com\/paulmelian.de\/blog\/wp-content\/uploads\/2020\/03\/sarscov2gg-990x806-1.jpg\"><img data-recalc-dims=\"1\" loading=\"lazy\" decoding=\"async\" data-attachment-id=\"4441\" data-permalink=\"https:\/\/paulmelian.de\/blog\/?attachment_id=4441\" data-orig-file=\"https:\/\/i0.wp.com\/paulmelian.de\/blog\/wp-content\/uploads\/2020\/03\/sarscov2gg-990x806-1.jpg?fit=1000%2C814&amp;ssl=1\" data-orig-size=\"1000,814\" data-comments-opened=\"1\" data-image-meta=\"{&quot;aperture&quot;:&quot;0&quot;,&quot;credit&quot;:&quot;&quot;,&quot;camera&quot;:&quot;&quot;,&quot;caption&quot;:&quot;&quot;,&quot;created_timestamp&quot;:&quot;0&quot;,&quot;copyright&quot;:&quot;&quot;,&quot;focal_length&quot;:&quot;0&quot;,&quot;iso&quot;:&quot;0&quot;,&quot;shutter_speed&quot;:&quot;0&quot;,&quot;title&quot;:&quot;&quot;,&quot;orientation&quot;:&quot;0&quot;}\" data-image-title=\"sarscov2gg-990&amp;#215;806\" data-image-description=\"\" data-image-caption=\"\" data-large-file=\"https:\/\/i0.wp.com\/paulmelian.de\/blog\/wp-content\/uploads\/2020\/03\/sarscov2gg-990x806-1.jpg?fit=640%2C521&amp;ssl=1\" class=\"aligncenter size-medium wp-image-4441\" src=\"https:\/\/i0.wp.com\/paulmelian.de\/blog\/wp-content\/uploads\/2020\/03\/sarscov2gg-990x806-1-300x244.jpg?resize=300%2C244\" alt=\"\" width=\"300\" height=\"244\" srcset=\"https:\/\/i0.wp.com\/paulmelian.de\/blog\/wp-content\/uploads\/2020\/03\/sarscov2gg-990x806-1.jpg?resize=300%2C244&amp;ssl=1 300w, https:\/\/i0.wp.com\/paulmelian.de\/blog\/wp-content\/uploads\/2020\/03\/sarscov2gg-990x806-1.jpg?resize=768%2C625&amp;ssl=1 768w, https:\/\/i0.wp.com\/paulmelian.de\/blog\/wp-content\/uploads\/2020\/03\/sarscov2gg-990x806-1.jpg?w=1000&amp;ssl=1 1000w\" sizes=\"auto, (max-width: 300px) 100vw, 300px\" \/><\/a><\/p>\n","protected":false},"excerpt":{"rendered":"<p>Der Coronavirus hat sich nun mit Boris Johnson infiziert, seine \u00dcberlebenschancen sind ungewi\u00df&#8230; armes kleines Ding! Spa\u00df beiseite. Es gibt immer mehr Nachrichten, die sich mit dem Aussehen des Virus befassen bzw. Fantasiebilder zum Besten geben. Es ist durchaus verst\u00e4ndlich, &hellip; <a href=\"https:\/\/paulmelian.de\/blog\/?p=4436\">Continu\u0103 s\u0103 cite\u0219ti <span class=\"meta-nav\">&rarr;<\/span><\/a><\/p>\n","protected":false},"author":1,"featured_media":0,"comment_status":"open","ping_status":"open","sticky":false,"template":"","format":"standard","meta":{"ngg_post_thumbnail":0,"jetpack_post_was_ever_published":false,"_jetpack_newsletter_access":"","_jetpack_dont_email_post_to_subs":false,"_jetpack_newsletter_tier_id":0,"_jetpack_memberships_contains_paywalled_content":false,"_jetpack_memberships_contains_paid_content":false,"footnotes":"","jetpack_publicize_message":"","jetpack_publicize_feature_enabled":true,"jetpack_social_post_already_shared":true,"jetpack_social_options":{"image_generator_settings":{"template":"highway","default_image_id":0,"font":"","enabled":false},"version":2}},"categories":[8,9,6,11,14,1,17],"tags":[],"class_list":["post-4436","post","type-post","status-publish","format-standard","hentry","category-general","category-internautice","category-borituri","category-management","category-oameni","category-fara-categorie","category-politica"],"jetpack_publicize_connections":[],"jetpack_featured_media_url":"","jetpack_sharing_enabled":true,"jetpack_shortlink":"https:\/\/wp.me\/p9mZDH-19y","jetpack_likes_enabled":true,"jetpack-related-posts":[{"id":3882,"url":"https:\/\/paulmelian.de\/blog\/?p=3882","url_meta":{"origin":4436,"position":0},"title":"Unser Gott \/ Dumnezeul nostru","author":"Mihai","date":"31 octombrie 2019","format":false,"excerpt":"Adrian Papahagi beantwortet die brennenden Fragen der Menschheit: Warum kocht das Wasser? Wegen der Molekularbewegung, die von einer W\u00e4rmequelle verursacht wird etc. Weil ich mir einen Tee zubereiten will. Die wissenschaftliche Erkl\u00e4rung und die, die an einen sich au\u00dferhalb des Systems befindlichen Denkverm\u00f6gen\/Willen apelliert, schliessen sich gegenseitig nicht aus. Die\u2026","rel":"","context":"\u00cen \u201eGeneral\u201d","block_context":{"text":"General","link":"https:\/\/paulmelian.de\/blog\/?cat=8"},"img":{"alt_text":"","src":"https:\/\/i0.wp.com\/paulmelian.de\/blog\/wp-content\/uploads\/2019\/10\/strafender_gott-300x145.jpg?resize=350%2C200","width":350,"height":200},"classes":[]},{"id":4089,"url":"https:\/\/paulmelian.de\/blog\/?p=4089","url_meta":{"origin":4436,"position":1},"title":"Essbare Kunst","author":"Mihai","date":"8 decembrie 2019","format":false,"excerpt":"Eine mit Klebeband aufgeklebte Banane des K\u00fcnstlers Maurizio Cattelan, die f\u00fcr 120.000 Dollar verkauft wurde, wurde von einem anderen Aktionsk\u00fcnstler noch w\u00e4hrend der Ausstellung publikumswirksam verspeist. Die Kunstgalerie, wo dieses bedeutende Ereignis stattfand, ist der Meinung, dass der K\u00e4ufer nicht gesch\u00e4digt wurde, da das Kunstwerk nach wie vor in Form\u2026","rel":"","context":"\u00cen \u201eDeutsche Erinnerungen \/ Amintiri din Germania\u201d","block_context":{"text":"Deutsche Erinnerungen \/ Amintiri din Germania","link":"https:\/\/paulmelian.de\/blog\/?cat=2"},"img":{"alt_text":"","src":"https:\/\/i0.wp.com\/paulmelian.de\/blog\/wp-content\/uploads\/2019\/12\/banane-103_v-modPremium-300x84.jpg?resize=350%2C200","width":350,"height":200},"classes":[]},{"id":7079,"url":"https:\/\/paulmelian.de\/blog\/?p=7079","url_meta":{"origin":4436,"position":2},"title":"D\u00fcstere Vorahnungen \/ Previziuni sumbre","author":"Mihai","date":"15 ianuarie 2026","format":false,"excerpt":"Die einzige Erkl\u00e4rung f\u00fcr das ungeheuerliche Verhalten von Trump gegen\u00fcber Putins Russland ist eine Mischung von Bewunderung und Angst. Trump ist ein M\u00f6chtegern Diktator und ein Feigling. (Und nein, Trump ist zwar ein Psychopath, aber nicht verr\u00fcckt, d.h. er ist voll zurechnungsf\u00e4hig.) Er wird wohl die Ukraine opfern und mit\u2026","rel":"","context":"\u00cen \u201eGeneral\u201d","block_context":{"text":"General","link":"https:\/\/paulmelian.de\/blog\/?cat=8"},"img":{"alt_text":"","src":"https:\/\/i0.wp.com\/paulmelian.de\/blog\/wp-content\/uploads\/2026\/01\/Mann-Panzer-Tiananmen-300x169.jpg?resize=350%2C200&ssl=1","width":350,"height":200},"classes":[]},{"id":5380,"url":"https:\/\/paulmelian.de\/blog\/?p=5380","url_meta":{"origin":4436,"position":3},"title":"Paketdienst \/ Colet\u0103rie","author":"Mihai","date":"20 noiembrie 2020","format":false,"excerpt":"Weil die Impfdosen gegen COVID19 auf -79 Grad tiefgek\u00fchlt werden m\u00fcssen, machen sich Transportfirmen jetzt schon daran, ihre Logistik entsprechend anzupassen. Es wird gemunkelt, dass die rum\u00e4nische Firma Cargus sich mit der Bemerkung \"Was? 79 Grad? Das ist ja fast senkrecht!\" aus diesem Gesch\u00e4ft zur\u00fcckgezogen hat. Die Asiaten machen uns\u2026","rel":"","context":"\u00cen \u201eGeneral\u201d","block_context":{"text":"General","link":"https:\/\/paulmelian.de\/blog\/?cat=8"},"img":{"alt_text":"","src":"https:\/\/i0.wp.com\/paulmelian.de\/blog\/wp-content\/uploads\/2020\/11\/paketdienst_der_zukunft-300x205.jpg?resize=350%2C200","width":350,"height":200},"classes":[]},{"id":5174,"url":"https:\/\/paulmelian.de\/blog\/?p=5174","url_meta":{"origin":4436,"position":4},"title":"Ende einer Pandemie \/ Sf\u00e2r\u015fitul unei pandemii","author":"Mihai","date":"30 septembrie 2020","format":false,"excerpt":"Man redet immer h\u00e4ufiger von einem \"sozialen\" (im Gegensatz zum medizinischen) Ende der Pandemien: die Gesellschaft hat auf einmal keine Lust mehr, \"das Theater\" mitzumachen und arrangiert sich mit der Krankheit. Das ist eigentlich gar kein richtiges Ende, sondern \u00e4hnelt vielmehr der \"Heilung\" durch den Psychiater: man bleibt ein (sagen\u2026","rel":"","context":"\u00cen \u201eGeneral\u201d","block_context":{"text":"General","link":"https:\/\/paulmelian.de\/blog\/?cat=8"},"img":{"alt_text":"","src":"https:\/\/i0.wp.com\/paulmelian.de\/blog\/wp-content\/uploads\/2020\/09\/anticorona-300x169.jpg?resize=350%2C200","width":350,"height":200},"classes":[]},{"id":77,"url":"https:\/\/paulmelian.de\/blog\/?p=77","url_meta":{"origin":4436,"position":5},"title":"Pozi\u0163ia &#8222;oficial\u0103&#8221; a d-nei(d-lui?) Shugar","author":"Mihai","date":"29 ianuarie 2012","format":false,"excerpt":"Voi traduce acest mesaj de\u00eendat\u0103 ce voi reu\u015fi s\u0103 g\u0103sesc un dic\u0163ionar german-rom\u00e2n de gre\u015feli ortografice \u015fi ortoepice. Altfel n-am nici o \u015fans\u0103. M.L. Ich werde diese Nachricht\u00a0\u00fcbersetzen, sobald ich ein deutsch-rum\u00e4nisches W\u00f6rterbuch f\u00fcr Orthographie- und\u00a0Orthoepiefehler finde. Ansonsten habe ich keine Chance. \u00a0 ====================================== Hallo an alle die diesen \"....\"\u2026","rel":"","context":"\u00cen \u201eGeneral\u201d","block_context":{"text":"General","link":"https:\/\/paulmelian.de\/blog\/?cat=8"},"img":{"alt_text":"","src":"","width":0,"height":0},"classes":[]}],"post_mailing_queue_ids":[],"_links":{"self":[{"href":"https:\/\/paulmelian.de\/blog\/index.php?rest_route=\/wp\/v2\/posts\/4436","targetHints":{"allow":["GET"]}}],"collection":[{"href":"https:\/\/paulmelian.de\/blog\/index.php?rest_route=\/wp\/v2\/posts"}],"about":[{"href":"https:\/\/paulmelian.de\/blog\/index.php?rest_route=\/wp\/v2\/types\/post"}],"author":[{"embeddable":true,"href":"https:\/\/paulmelian.de\/blog\/index.php?rest_route=\/wp\/v2\/users\/1"}],"replies":[{"embeddable":true,"href":"https:\/\/paulmelian.de\/blog\/index.php?rest_route=%2Fwp%2Fv2%2Fcomments&post=4436"}],"version-history":[{"count":12,"href":"https:\/\/paulmelian.de\/blog\/index.php?rest_route=\/wp\/v2\/posts\/4436\/revisions"}],"predecessor-version":[{"id":4459,"href":"https:\/\/paulmelian.de\/blog\/index.php?rest_route=\/wp\/v2\/posts\/4436\/revisions\/4459"}],"wp:attachment":[{"href":"https:\/\/paulmelian.de\/blog\/index.php?rest_route=%2Fwp%2Fv2%2Fmedia&parent=4436"}],"wp:term":[{"taxonomy":"category","embeddable":true,"href":"https:\/\/paulmelian.de\/blog\/index.php?rest_route=%2Fwp%2Fv2%2Fcategories&post=4436"},{"taxonomy":"post_tag","embeddable":true,"href":"https:\/\/paulmelian.de\/blog\/index.php?rest_route=%2Fwp%2Fv2%2Ftags&post=4436"}],"curies":[{"name":"wp","href":"https:\/\/api.w.org\/{rel}","templated":true}]}}