{"id":4466,"date":"2020-03-29T14:26:21","date_gmt":"2020-03-29T12:26:21","guid":{"rendered":"http:\/\/paulmelian.de\/blog\/?p=4466"},"modified":"2020-03-29T15:53:08","modified_gmt":"2020-03-29T13:53:08","slug":"penibilitati-2","status":"publish","type":"post","link":"https:\/\/paulmelian.de\/blog\/?p=4466","title":{"rendered":"Penibilit\u0103\u0163i"},"content":{"rendered":"<p><a href=\"https:\/\/i0.wp.com\/paulmelian.de\/blog\/wp-content\/uploads\/2020\/03\/Suport-steaguri.jpg\"><img data-recalc-dims=\"1\" loading=\"lazy\" decoding=\"async\" data-attachment-id=\"4468\" data-permalink=\"https:\/\/paulmelian.de\/blog\/?attachment_id=4468\" data-orig-file=\"https:\/\/i0.wp.com\/paulmelian.de\/blog\/wp-content\/uploads\/2020\/03\/Suport-steaguri.jpg?fit=1000%2C714&amp;ssl=1\" data-orig-size=\"1000,714\" data-comments-opened=\"1\" data-image-meta=\"{&quot;aperture&quot;:&quot;0&quot;,&quot;credit&quot;:&quot;&quot;,&quot;camera&quot;:&quot;&quot;,&quot;caption&quot;:&quot;&quot;,&quot;created_timestamp&quot;:&quot;0&quot;,&quot;copyright&quot;:&quot;&quot;,&quot;focal_length&quot;:&quot;0&quot;,&quot;iso&quot;:&quot;0&quot;,&quot;shutter_speed&quot;:&quot;0&quot;,&quot;title&quot;:&quot;&quot;,&quot;orientation&quot;:&quot;0&quot;}\" data-image-title=\"Suport steaguri\" data-image-description=\"\" data-image-caption=\"\" data-large-file=\"https:\/\/i0.wp.com\/paulmelian.de\/blog\/wp-content\/uploads\/2020\/03\/Suport-steaguri.jpg?fit=640%2C457&amp;ssl=1\" class=\"alignright wp-image-4468\" src=\"https:\/\/i0.wp.com\/paulmelian.de\/blog\/wp-content\/uploads\/2020\/03\/Suport-steaguri-150x150.jpg?resize=100%2C71\" alt=\"\" width=\"100\" height=\"71\" srcset=\"https:\/\/i0.wp.com\/paulmelian.de\/blog\/wp-content\/uploads\/2020\/03\/Suport-steaguri.jpg?resize=300%2C214&amp;ssl=1 300w, https:\/\/i0.wp.com\/paulmelian.de\/blog\/wp-content\/uploads\/2020\/03\/Suport-steaguri.jpg?resize=768%2C548&amp;ssl=1 768w, https:\/\/i0.wp.com\/paulmelian.de\/blog\/wp-content\/uploads\/2020\/03\/Suport-steaguri.jpg?w=1000&amp;ssl=1 1000w\" sizes=\"auto, (max-width: 100px) 100vw, 100px\" \/><\/a>Chestia cu suportul pentru dou\u0103 steaguri, fixat pe fa\u0163ada fiec\u0103rei case, a ap\u0103rut \u00eenc\u0103 pe vremea lui Stalin, c\u00e2nd \u201epavoazarea\u201d caselor era, sub amenin\u0163area unor pedepse draconice, obligatorie. Pe vremea aceea erau impuse drapelele sovietic \u015fi rom\u00e2nesc.<br \/>\n\u00cemi amintesc din acele timpuri cum noi, mama, tata, sor\u0103-mea \u015fi cu mine plecaser\u0103m odat\u0103 cu noaptea-n cap de la Gherla, unde locuiam, la \u0163ar\u0103. Nu mai \u015ftiu ce s\u0103rb\u0103toare era, poate 7 noiembrie, deoarece trebuia lipit\u0103 pe geam nu numai poza lui Gh. Gh. Dej, ci \u015fi a lui I. V. Stalin. \u015ei pentru c\u0103 nu era permis s\u0103 la\u015fi casa f\u0103r\u0103 pavoazare, tata a lipit la repezeal\u0103 cele dou\u0103 portrete pe partea din interior a sticlei unui geam de la strad\u0103, dup\u0103 care am plecat. Vecinii au for\u0163at u\u015fa de la intrare \u015fi au \u00eentors sticla geamurilor, care era montat\u0103 din fericire cu \u015fipc\u0103, deoarece marii conduc\u0103tori fuseser\u0103 plasa\u0163i \u015fi lipi\u0163i zdrav\u0103n cu capul \u00een jos. Cine \u015ftie ce s-ar fi \u00eent\u00e2mplat dac\u0103 nu f\u0103ceau asta, familia noastr\u0103 fiind oricum considerat\u0103 reac\u0163ionar\u0103&#8230;<br \/>\nRevenind la suportul de steaguri, obiceiul a r\u0103mas, ba chiar s-a r\u0103sp\u00e2ndit \u015fi mai mult. Str\u0103zile din ora\u015fe au devenit defileuri de drapele, \u015fi nu ca-n Fran\u0163a doar de ziua na\u0163ional\u0103, ci tot timpul<a href=\"https:\/\/i0.wp.com\/paulmelian.de\/blog\/wp-content\/uploads\/2020\/03\/Paris-steaguri.jpg\"><img data-recalc-dims=\"1\" loading=\"lazy\" decoding=\"async\" data-attachment-id=\"4469\" data-permalink=\"https:\/\/paulmelian.de\/blog\/?attachment_id=4469\" data-orig-file=\"https:\/\/i0.wp.com\/paulmelian.de\/blog\/wp-content\/uploads\/2020\/03\/Paris-steaguri.jpg?fit=1000%2C747&amp;ssl=1\" data-orig-size=\"1000,747\" data-comments-opened=\"1\" data-image-meta=\"{&quot;aperture&quot;:&quot;0&quot;,&quot;credit&quot;:&quot;&quot;,&quot;camera&quot;:&quot;&quot;,&quot;caption&quot;:&quot;&quot;,&quot;created_timestamp&quot;:&quot;0&quot;,&quot;copyright&quot;:&quot;&quot;,&quot;focal_length&quot;:&quot;0&quot;,&quot;iso&quot;:&quot;0&quot;,&quot;shutter_speed&quot;:&quot;0&quot;,&quot;title&quot;:&quot;&quot;,&quot;orientation&quot;:&quot;0&quot;}\" data-image-title=\"Paris steaguri\" data-image-description=\"\" data-image-caption=\"\" data-large-file=\"https:\/\/i0.wp.com\/paulmelian.de\/blog\/wp-content\/uploads\/2020\/03\/Paris-steaguri.jpg?fit=640%2C478&amp;ssl=1\" class=\"alignright wp-image-4469\" src=\"https:\/\/i0.wp.com\/paulmelian.de\/blog\/wp-content\/uploads\/2020\/03\/Paris-steaguri-150x150.jpg?resize=100%2C75\" alt=\"\" width=\"100\" height=\"75\" srcset=\"https:\/\/i0.wp.com\/paulmelian.de\/blog\/wp-content\/uploads\/2020\/03\/Paris-steaguri.jpg?resize=300%2C224&amp;ssl=1 300w, https:\/\/i0.wp.com\/paulmelian.de\/blog\/wp-content\/uploads\/2020\/03\/Paris-steaguri.jpg?resize=768%2C574&amp;ssl=1 768w, https:\/\/i0.wp.com\/paulmelian.de\/blog\/wp-content\/uploads\/2020\/03\/Paris-steaguri.jpg?w=1000&amp;ssl=1 1000w\" sizes=\"auto, (max-width: 100px) 100vw, 100px\" \/><\/a>. Imediat dup\u0103 ce Rom\u00e2nia a fost primit\u0103 \u00een Uniunea European\u0103, steagul rom\u00e2nesc a fost \u00eenso\u0163it cu m\u00e2ndrie de cel albastru cu stele. Euforia europenismului a cam disp\u0103rut, acum flutur\u0103 unul l\u00e2ng\u0103 altul dou\u0103 drapele rom\u00e2ne\u015fti, c\u0103 dac\u0103 tot este loc, hai s\u0103-l folosim. Dar cum s\u0103 mai sim\u0163i atmosfera de s\u0103rb\u0103toare, dac\u0103 f\u00e2lf\u00e2iala este continu\u0103?<br \/>\nProletcultismul \u00een art\u0103 a disp\u0103rut la fel de pu\u0163in cum au disp\u0103rut <a href=\"http:\/\/paulmelian.de\/blog\/?p=1389\">mili\u0163ienii<\/a>, de\u015fi \u015fi-a schimbat obiectul. Gustul artistic ap\u0103rut la noi \u00een anii 50 \u015fi perfec\u0163ionat pe vremea lui Ceau\u015fescu prin m\u0103rirea dozei de ridicol dincolo de limita suportabilit\u0103\u0163ii, a influen\u0163at mai toate crea\u0163iile de dup\u0103 90, de la statuia lui Avram Iancu din Cluj, trec\u00e2nd prin toate monumentele bolov\u0103noase ale eroilor de pretutindeni, \u015fi p\u00e2n\u0103 la Traian cu lupoaica \u00een bra\u0163e.<br \/>\nCu toate c\u0103 am \u00eenceput s\u0103 m\u0103 obi\u015fnuiesc cu fenomenul cotidian de <a href=\"https:\/\/i0.wp.com\/paulmelian.de\/blog\/wp-content\/uploads\/2020\/03\/Ordin-imn.jpg\"><img data-recalc-dims=\"1\" loading=\"lazy\" decoding=\"async\" data-attachment-id=\"4470\" data-permalink=\"https:\/\/paulmelian.de\/blog\/?attachment_id=4470\" data-orig-file=\"https:\/\/i0.wp.com\/paulmelian.de\/blog\/wp-content\/uploads\/2020\/03\/Ordin-imn.jpg?fit=1000%2C1538&amp;ssl=1\" data-orig-size=\"1000,1538\" data-comments-opened=\"1\" data-image-meta=\"{&quot;aperture&quot;:&quot;0&quot;,&quot;credit&quot;:&quot;&quot;,&quot;camera&quot;:&quot;&quot;,&quot;caption&quot;:&quot;&quot;,&quot;created_timestamp&quot;:&quot;0&quot;,&quot;copyright&quot;:&quot;&quot;,&quot;focal_length&quot;:&quot;0&quot;,&quot;iso&quot;:&quot;0&quot;,&quot;shutter_speed&quot;:&quot;0&quot;,&quot;title&quot;:&quot;&quot;,&quot;orientation&quot;:&quot;0&quot;}\" data-image-title=\"Ordin imn\" data-image-description=\"\" data-image-caption=\"\" data-large-file=\"https:\/\/i0.wp.com\/paulmelian.de\/blog\/wp-content\/uploads\/2020\/03\/Ordin-imn.jpg?fit=640%2C984&amp;ssl=1\" class=\"alignright wp-image-4470\" src=\"https:\/\/i0.wp.com\/paulmelian.de\/blog\/wp-content\/uploads\/2020\/03\/Ordin-imn-150x150.jpg?resize=100%2C154\" alt=\"\" width=\"100\" height=\"154\" srcset=\"https:\/\/i0.wp.com\/paulmelian.de\/blog\/wp-content\/uploads\/2020\/03\/Ordin-imn.jpg?resize=195%2C300&amp;ssl=1 195w, https:\/\/i0.wp.com\/paulmelian.de\/blog\/wp-content\/uploads\/2020\/03\/Ordin-imn.jpg?resize=666%2C1024&amp;ssl=1 666w, https:\/\/i0.wp.com\/paulmelian.de\/blog\/wp-content\/uploads\/2020\/03\/Ordin-imn.jpg?resize=768%2C1181&amp;ssl=1 768w, https:\/\/i0.wp.com\/paulmelian.de\/blog\/wp-content\/uploads\/2020\/03\/Ordin-imn.jpg?resize=999%2C1536&amp;ssl=1 999w, https:\/\/i0.wp.com\/paulmelian.de\/blog\/wp-content\/uploads\/2020\/03\/Ordin-imn.jpg?w=1000&amp;ssl=1 1000w\" sizes=\"auto, (max-width: 100px) 100vw, 100px\" \/><\/a>deturnare \u015fi falsificare a patriotismului, tot mai apar evenimente care-mi fac p\u0103rul m\u0103ciuc\u0103, eu fiind un adept convins al lui <a href=\"http:\/\/paulmelian.de\/blog\/?p=2125\">Karl Kraus<\/a>.<br \/>\n<a href=\"https:\/\/calinhera.blogspot.com\/2020\/03\/imnul-national-la-tot-cartierul.html#comment-form\">Ordinul<\/a> dat echipajelor Poli\u0163iei \u015fi Jandarmeriei Rom\u00e2ne de a difuza primele strofe din imnul na\u0163ional este unul dintre acestea.<br \/>\nC\u00e2t po\u0163i s\u0103 fii de \u00eengr\u0103m\u0103dit, ca ministru de interne, ca s\u0103 emi\u0163i un asemenea ordin ridicol?<br \/>\nCum po\u0163i s\u0103 nu-\u0163i dai seama c\u0103 acest gest penibil afecteaz\u0103 \u015fi mai mult imaginea Rom\u00e2niei \u00een lume? De parc\u0103 toate prejudec\u0103\u0163ile existente n-ar fi de-ajuns!<br \/>\nSigur c\u0103 da, se poate argumenta c\u0103 un popor care a fost \u00een stare s\u0103-\u015fi tr\u0103deze \u015fi \u00eentineze propria muzic\u0103 prin manele, care a acceptat corup\u0163ia ca pe o a doua natur\u0103, nu mai are nimic de pierdut \u00een aceast\u0103 privin\u0163\u0103 \u015fi \u00ee\u015fi merit\u0103 soarta.<br \/>\nUn politician care g\u00e2nde\u015fte \u015fi ac\u0163ioneaz\u0103 \u00een acest fel ar trebui trimis (printre altele) la plimbare. Acest lucru probabil nu se va \u00eent\u00e2mpla. Ceea ce dovede\u015fte odat\u0103 \u00een plus c\u0103 voi, PNL (dar nici cu PMP, UDMR, USR nu mi-e ru\u015fine) nu sunte\u0163i cu nimic mai buni dec\u00e2t &#8211; pe drept mult hulitul \u2013 PSD. V\u0103 mai mira\u0163i c\u0103 nu se \u00eentorc emigran\u0163ii rom\u00e2ni \u00een \u0163ar\u0103?<\/p>\nngg_shortcode_0_placeholder\n","protected":false},"excerpt":{"rendered":"<p>Chestia cu suportul pentru dou\u0103 steaguri, fixat pe fa\u0163ada fiec\u0103rei case, a ap\u0103rut \u00eenc\u0103 pe vremea lui Stalin, c\u00e2nd \u201epavoazarea\u201d caselor era, sub amenin\u0163area unor pedepse draconice, obligatorie. Pe vremea aceea erau impuse drapelele sovietic \u015fi rom\u00e2nesc. \u00cemi amintesc din &hellip; <a href=\"https:\/\/paulmelian.de\/blog\/?p=4466\">Continu\u0103 s\u0103 cite\u0219ti <span class=\"meta-nav\">&rarr;<\/span><\/a><\/p>\n","protected":false},"author":1,"featured_media":0,"comment_status":"open","ping_status":"open","sticky":false,"template":"","format":"standard","meta":{"ngg_post_thumbnail":0,"jetpack_post_was_ever_published":false,"_jetpack_newsletter_access":"","_jetpack_dont_email_post_to_subs":false,"_jetpack_newsletter_tier_id":0,"_jetpack_memberships_contains_paywalled_content":false,"_jetpack_memberships_contains_paid_content":false,"footnotes":"","jetpack_publicize_message":"","jetpack_publicize_feature_enabled":true,"jetpack_social_post_already_shared":true,"jetpack_social_options":{"image_generator_settings":{"template":"highway","default_image_id":0,"font":"","enabled":false},"version":2}},"categories":[8,9,6,11,14,1,17,19,5],"tags":[],"class_list":["post-4466","post","type-post","status-publish","format-standard","hentry","category-general","category-internautice","category-borituri","category-management","category-oameni","category-fara-categorie","category-politica","category-romania-in-lume","category-atractii-turistice"],"jetpack_publicize_connections":[],"jetpack_featured_media_url":"","jetpack_sharing_enabled":true,"jetpack_shortlink":"https:\/\/wp.me\/p9mZDH-1a2","jetpack_likes_enabled":true,"jetpack-related-posts":[{"id":2887,"url":"https:\/\/paulmelian.de\/blog\/?p=2887","url_meta":{"origin":4466,"position":0},"title":"Bine a\u0163i venit \u00een Baskalya! (4)","author":"Mihai","date":"23 august 2018","format":false,"excerpt":"Se \u00eent\u00e2lni, dup\u0103 un zbor de vreo or\u0103 \u015fi ceva cu un mic avion cu elice al companiei Tardavia, la un aeroport din provincie, cu prietenul s\u0103u din Germania Alfred, care sosise cu o curs\u0103 direct\u0103 de la Frankfurt. La sta\u0163ia de taxiuri, asistar\u0103 la un spectacol de balet inedit.\u2026","rel":"","context":"\u00cen \u201eDeutsche Erinnerungen \/ Amintiri din Germania\u201d","block_context":{"text":"Deutsche Erinnerungen \/ Amintiri din Germania","link":"https:\/\/paulmelian.de\/blog\/?cat=2"},"img":{"alt_text":"","src":"https:\/\/i0.wp.com\/paulmelian.de\/blog\/wp-content\/uploads\/2018\/08\/Statie-taxiuri-300x200.jpg?resize=350%2C200","width":350,"height":200},"classes":[]},{"id":2450,"url":"https:\/\/paulmelian.de\/blog\/?p=2450","url_meta":{"origin":4466,"position":1},"title":"\u00cen amurgul \u00een\u0163elepciunii, toate umbrele sunt lungi","author":"Mihai","date":"18 decembrie 2017","format":false,"excerpt":"Lunga umbr\u0103 a lui Marx apare de fiecare dat\u0103 c\u00e2nd ne t\u00e2nguim de pacostea adus\u0103 de comunism. Eu cred \u00eens\u0103 c\u0103 Marx s-ar fi r\u0103sucit mai degrab\u0103 \u00een groap\u0103, dac\u0103 ar fi v\u0103zut ce iese din tezele sale. Sau, dac\u0103 ar mai fi tr\u0103it pe vremea revolu\u0163iei din 1917, s-ar\u2026","rel":"","context":"\u00cen \u201eGeneral\u201d","block_context":{"text":"General","link":"https:\/\/paulmelian.de\/blog\/?cat=8"},"img":{"alt_text":"","src":"https:\/\/i0.wp.com\/paulmelian.de\/blog\/wp-content\/uploads\/2017\/12\/lange-schatten-300x203.jpg?resize=350%2C200","width":350,"height":200},"classes":[]},{"id":62,"url":"https:\/\/paulmelian.de\/blog\/?p=62","url_meta":{"origin":4466,"position":2},"title":"Cine pe cine tr\u0103deaz\u0103","author":"Mihai","date":"13 martie 2011","format":false,"excerpt":"Indignarea mea dup\u0103 lectura c\u0103r\u0163ii \u201e\u00cenc\u0103 de pe atunci vulpea era v\u00e2n\u0103torul\u201d \u00eenc\u0103 n-a disp\u0103rut, a\u015fa \u00eenc\u00e2t am considerat \u2013 f\u0103r\u0103 ca totu\u015fi s\u0103-mi fac iluzii - oportun s\u0103 informez editura Humanitas despre felul cum v\u0103d eu lucrurile, adic\u0103 traducerea. \u00cen aceea\u015fi ordine de idei, mi-am zis c\u0103 n-ar strica\u2026","rel":"","context":"\u00cen \u201eGeneral\u201d","block_context":{"text":"General","link":"https:\/\/paulmelian.de\/blog\/?cat=8"},"img":{"alt_text":"","src":"","width":0,"height":0},"classes":[]},{"id":4622,"url":"https:\/\/paulmelian.de\/blog\/?p=4622","url_meta":{"origin":4466,"position":3},"title":"Prezum\u0163ia de vinov\u0103\u0163ie","author":"Mihai","date":"6 mai 2020","format":false,"excerpt":"Decizia CEDO, potrivit c\u0103reia d-nei Laura Codru\u0163a K\u00f6vesi i-au fost \u00eenc\u0103lcate, \u00een procedura demiterii sale de la conducerea DNA, dou\u0103 drepturi fundamentale, arunc\u0103 activitatea CCR \u00een aceast\u0103 privin\u0163\u0103 \u00eentr-o lumin\u0103 nu prea favorabil\u0103. (Despre Ling\u0103urel Toader s\u0103 nici nu mai vorbim, cazul s\u0103u este mai mult dec\u00e2t clar. El, s\u0103racul,\u2026","rel":"","context":"\u00cen \u201eGeneral\u201d","block_context":{"text":"General","link":"https:\/\/paulmelian.de\/blog\/?cat=8"},"img":{"alt_text":"","src":"https:\/\/i0.wp.com\/paulmelian.de\/blog\/wp-content\/uploads\/2020\/05\/Justitia-283x300.jpg?resize=350%2C200","width":350,"height":200},"classes":[]},{"id":2815,"url":"https:\/\/paulmelian.de\/blog\/?p=2815","url_meta":{"origin":4466,"position":4},"title":"Recuperarea \u00een pas alert a retardului istoric","author":"Mihai","date":"26 martie 2018","format":false,"excerpt":"De ce este Rom\u00e2nia altfel? Nu este! Suntem exact ca Occidentul fiindc\u0103 de 150 de ani suntem occident. Avem doar un retard istoric pe care \u00eel recuper\u0103m \u00een pas alert. Adrian Papahagi \u00a0 Mirel, unul dintre be\u0163ivii satului, mergea cu pa\u015fi t\u00e2r\u015fi\u0163i de-a lungul drumului, cu picioarele dep\u0103rtate, abia \u0163in\u00e2ndu-\u015fi\u2026","rel":"","context":"\u00cen \u201eKotzbrocken \/ Bor\u00eeturi\u201d","block_context":{"text":"Kotzbrocken \/ Bor\u00eeturi","link":"https:\/\/paulmelian.de\/blog\/?cat=6"},"img":{"alt_text":"","src":"https:\/\/i0.wp.com\/paulmelian.de\/blog\/wp-content\/uploads\/2018\/03\/bicaseu-300x264.jpg?resize=350%2C200","width":350,"height":200},"classes":[]},{"id":42,"url":"https:\/\/paulmelian.de\/blog\/?p=42","url_meta":{"origin":4466,"position":5},"title":"Sacu\u2019 \u015fi Pet\u2019cu","author":"Mihai","date":"21 ianuarie 2010","format":false,"excerpt":"Prin amabilitatea d-lui Mircea Popescu am primit prin 1 2 3 linkuri ve\u015fti despre ultimul r\u0103zboi din blogosfera rom\u00e2na. La fel cum pe timpul r\u0103zboiului rece Uniunea Sovietic\u0103 (care \u00een vremea aceea practica una dintre cele mai agresive \u015fi murdare politici externe din istoria omenirii) se sim\u0163ea \u00eenconjurat\u0103 \u015fi \u00eencol\u0163it\u0103\u2026","rel":"","context":"\u00cen \u201eInternautisches \/ Internautice\u201d","block_context":{"text":"Internautisches \/ Internautice","link":"https:\/\/paulmelian.de\/blog\/?cat=9"},"img":{"alt_text":"","src":"","width":0,"height":0},"classes":[]}],"post_mailing_queue_ids":[],"_links":{"self":[{"href":"https:\/\/paulmelian.de\/blog\/index.php?rest_route=\/wp\/v2\/posts\/4466","targetHints":{"allow":["GET"]}}],"collection":[{"href":"https:\/\/paulmelian.de\/blog\/index.php?rest_route=\/wp\/v2\/posts"}],"about":[{"href":"https:\/\/paulmelian.de\/blog\/index.php?rest_route=\/wp\/v2\/types\/post"}],"author":[{"embeddable":true,"href":"https:\/\/paulmelian.de\/blog\/index.php?rest_route=\/wp\/v2\/users\/1"}],"replies":[{"embeddable":true,"href":"https:\/\/paulmelian.de\/blog\/index.php?rest_route=%2Fwp%2Fv2%2Fcomments&post=4466"}],"version-history":[{"count":7,"href":"https:\/\/paulmelian.de\/blog\/index.php?rest_route=\/wp\/v2\/posts\/4466\/revisions"}],"predecessor-version":[{"id":4486,"href":"https:\/\/paulmelian.de\/blog\/index.php?rest_route=\/wp\/v2\/posts\/4466\/revisions\/4486"}],"wp:attachment":[{"href":"https:\/\/paulmelian.de\/blog\/index.php?rest_route=%2Fwp%2Fv2%2Fmedia&parent=4466"}],"wp:term":[{"taxonomy":"category","embeddable":true,"href":"https:\/\/paulmelian.de\/blog\/index.php?rest_route=%2Fwp%2Fv2%2Fcategories&post=4466"},{"taxonomy":"post_tag","embeddable":true,"href":"https:\/\/paulmelian.de\/blog\/index.php?rest_route=%2Fwp%2Fv2%2Ftags&post=4466"}],"curies":[{"name":"wp","href":"https:\/\/api.w.org\/{rel}","templated":true}]}}