{"id":4856,"date":"2020-07-12T19:48:19","date_gmt":"2020-07-12T17:48:19","guid":{"rendered":"http:\/\/paulmelian.de\/blog\/?p=4856"},"modified":"2020-07-12T19:48:19","modified_gmt":"2020-07-12T17:48:19","slug":"tablete","status":"publish","type":"post","link":"https:\/\/paulmelian.de\/blog\/?p=4856","title":{"rendered":"Tablete"},"content":{"rendered":"<p>30 de persoane \u00een v\u00e2rst\u0103 din Rom\u00e2nia au <a href=\"http:\/\/stiri.tvr.ro\/30-de-varstnici-au-primit-tablete-i-au-fost-inva-a-i-sa-le-foloseasca-printr-un-program-sus-inut-de-funda-ia-regala-margareta-a-romaniei_865626.html#view\">primit<\/a>, mul\u0163umit\u0103 Funda\u0163iei Regale Margareta a Rom\u00e2niei, tablete \u015fi chiar instruc\u0163iuni pentru folosirea acestora.<\/p>\n<p>Din p\u0103cate nu ni se face cunoscut dac\u0103 utilizarea lor prev\u0103zut\u0103 este oral\u0103, rectal\u0103, &#8222;\u00eenainte&#8221;, &#8222;dup\u0103&#8221; sau &#8222;\u00een loc de&#8221;. Sper\u0103m c\u0103 vor ajuta, totu\u015fi.<\/p>\n<p>&nbsp;<\/p>\n","protected":false},"excerpt":{"rendered":"<p>30 de persoane \u00een v\u00e2rst\u0103 din Rom\u00e2nia au primit, mul\u0163umit\u0103 Funda\u0163iei Regale Margareta a Rom\u00e2niei, tablete \u015fi chiar instruc\u0163iuni pentru folosirea acestora. Din p\u0103cate nu ni se face cunoscut dac\u0103 utilizarea lor prev\u0103zut\u0103 este oral\u0103, rectal\u0103, &#8222;\u00eenainte&#8221;, &#8222;dup\u0103&#8221; sau &#8222;\u00een &hellip; <a href=\"https:\/\/paulmelian.de\/blog\/?p=4856\">Continu\u0103 s\u0103 cite\u0219ti <span class=\"meta-nav\">&rarr;<\/span><\/a><\/p>\n","protected":false},"author":1,"featured_media":0,"comment_status":"open","ping_status":"open","sticky":false,"template":"","format":"standard","meta":{"ngg_post_thumbnail":0,"jetpack_post_was_ever_published":false,"_jetpack_newsletter_access":"","_jetpack_dont_email_post_to_subs":false,"_jetpack_newsletter_tier_id":0,"_jetpack_memberships_contains_paywalled_content":false,"_jetpack_memberships_contains_paid_content":false,"footnotes":"","jetpack_publicize_message":"","jetpack_publicize_feature_enabled":true,"jetpack_social_post_already_shared":true,"jetpack_social_options":{"image_generator_settings":{"template":"highway","default_image_id":0,"font":"","enabled":false},"version":2}},"categories":[9,6,14,17,19],"tags":[],"class_list":["post-4856","post","type-post","status-publish","format-standard","hentry","category-internautice","category-borituri","category-oameni","category-politica","category-romania-in-lume"],"jetpack_publicize_connections":[],"jetpack_featured_media_url":"","jetpack_sharing_enabled":true,"jetpack_shortlink":"https:\/\/wp.me\/s9mZDH-tablete","jetpack_likes_enabled":true,"jetpack-related-posts":[{"id":2548,"url":"https:\/\/paulmelian.de\/blog\/?p=2548","url_meta":{"origin":4856,"position":0},"title":"Pesimism","author":"Mihai","date":"8 februarie 2018","format":false,"excerpt":"Am s\u0103-mi recap\u0103t \u00eencrederea \u00een progres abia atunci c\u00e2nd omenirea va dovedi \u00een sf\u00e2r\u015fit c\u0103 poate s\u0103 \"dezinventeze\" lucruri de prisos sau chiar d\u0103un\u0103toare. Chiar \u015fi Dumnezeu \u015fi-a retras proiectul cu dinozaurii. (\u00cenainte de a ne \u00eencumeta s\u0103 ne lu\u0103m de armele ABC, ar trebui s\u0103 \u00eencepem mai modest. Ce-a\u0163i\u2026","rel":"","context":"\u00cen \u201eDeutsche Erinnerungen \/ Amintiri din Germania\u201d","block_context":{"text":"Deutsche Erinnerungen \/ Amintiri din Germania","link":"https:\/\/paulmelian.de\/blog\/?cat=2"},"img":{"alt_text":"","src":"https:\/\/i0.wp.com\/paulmelian.de\/blog\/wp-content\/uploads\/2018\/02\/Dali-Uhr.jpg?resize=350%2C200","width":350,"height":200},"classes":[]},{"id":2030,"url":"https:\/\/paulmelian.de\/blog\/?p=2030","url_meta":{"origin":4856,"position":1},"title":"Despre t\u00e2rfe (politice)","author":"Mihai","date":"19 iunie 2017","format":false,"excerpt":"Probabil ca r\u0103splat\u0103 pentru faptul c\u0103 ambasada maghiar\u0103 (\u015fi marea majoritate a popula\u0163iei maghiare de la noi din \u0163ar\u0103) boicoteaz\u0103 f\u0103r\u0103 jen\u0103 orice s\u0103rb\u0103torire a Unirii Transilvaniei cu Rom\u00e2nia, maghiarii din Rom\u00e2nia primesc, printre multe altele, dreptul de a s\u0103rb\u0103tori ziua de 15 iunie (ziua na\u0163ional\u0103 a Ungariei) ca zi\u2026","rel":"","context":"\u00cen \u201eGeneral\u201d","block_context":{"text":"General","link":"https:\/\/paulmelian.de\/blog\/?cat=8"},"img":{"alt_text":"","src":"","width":0,"height":0},"classes":[]},{"id":1729,"url":"https:\/\/paulmelian.de\/blog\/?p=1729","url_meta":{"origin":4856,"position":2},"title":"\u00cenc\u0103 un motiv de m\u00e2ndrie pentru noi rom\u00e2nii","author":"Mihai","date":"23 noiembrie 2016","format":false,"excerpt":"Se pare c\u0103 un rom\u00e2n a contribuit, prin r\u0103sp\u00e2ndirea de \u015ftiri false, \u00een mod substan\u0163ial la recenta victorie a lui Trump, lucru pentru care se m\u00e2ndre\u015fte. Dup\u0103 cum se vede, exodul de creiere din Rom\u00e2nia implic\u0103 faptul c\u0103 uneori mai pleac\u0103 \u015fi dintre cele presp\u0103late. PS Tocmai aflu din Revista\u2026","rel":"","context":"\u00cen \u201eGeneral\u201d","block_context":{"text":"General","link":"https:\/\/paulmelian.de\/blog\/?cat=8"},"img":{"alt_text":"","src":"","width":0,"height":0},"classes":[]},{"id":4816,"url":"https:\/\/paulmelian.de\/blog\/?p=4816","url_meta":{"origin":4856,"position":3},"title":"Dou\u0103 ve\u015fti proaste","author":"Mihai","date":"26 iunie 2020","format":false,"excerpt":"Num\u0103rul noilor \u00eemboln\u0103viri zilnice cu noul coronavirus a crescut \u00een Rom\u00e2nia semnificativ, ating\u00e2nd din nou maximul din aprilie. Din p\u0103cate, nu s-au constatat noi cazuri nici \u00een r\u00e2ndul judec\u0103torilor din CCR, nici \u00een cadrul Parlamentului.","rel":"","context":"\u00cen \u201eKotzbrocken \/ Bor\u00eeturi\u201d","block_context":{"text":"Kotzbrocken \/ Bor\u00eeturi","link":"https:\/\/paulmelian.de\/blog\/?cat=6"},"img":{"alt_text":"","src":"https:\/\/i0.wp.com\/paulmelian.de\/blog\/wp-content\/uploads\/2020\/06\/Screen-Shot-06-26-20-at-09.52-AM-257x300.jpg?resize=350%2C200","width":350,"height":200},"classes":[]},{"id":135,"url":"https:\/\/paulmelian.de\/blog\/?p=135","url_meta":{"origin":4856,"position":4},"title":"Valorificarea patrimoniului cultural. Noi oportunit\u0103\u0163i","author":"Mihai","date":"14 martie 2013","format":false,"excerpt":"Dup\u0103 cum ne informeaz\u0103 Agerpres, misterul statuilor disp\u0103rute din Ia\u015fi a fost dezlegat: Patru persoane cu v\u00e2rste \u00eentre 18 \u015fi 35 de ani, suspectate c\u0103 au furate busturile lui Ciprian Porumbescu, Nicolae Gane \u015fi Barbu Delavrancea din Parcul Copou, au fost aduse la Parchetul de pe l\u00e2ng\u0103 Tribunalul Ia\u015fi, cu\u2026","rel":"","context":"\u00cen \u201eGeneral\u201d","block_context":{"text":"General","link":"https:\/\/paulmelian.de\/blog\/?cat=8"},"img":{"alt_text":"","src":"","width":0,"height":0},"classes":[]},{"id":3606,"url":"https:\/\/paulmelian.de\/blog\/?p=3606","url_meta":{"origin":4856,"position":5},"title":"Ratare cu preaviz","author":"Mihai","date":"19 august 2019","format":false,"excerpt":"Opozi\u0163ia din Rom\u00e2nia este pe cale s\u0103 fac\u0103 acelea\u015fi gre\u015feli ca dup\u0103 incendiul de la Colectiv, prin aceea c\u0103 to\u0163i adversarii \"Ciumei Ro\u015fii\" se combat \u00eentre ei, lucru care abate aten\u0163ia public\u0103 de la problemele majore ale societ\u0103\u0163ii. Asta \u00eei d\u0103 PSD, adversarului real, \u015fansa de a-\u015fi reveni \u00een mod\u2026","rel":"","context":"\u00cen \u201eGeneral\u201d","block_context":{"text":"General","link":"https:\/\/paulmelian.de\/blog\/?cat=8"},"img":{"alt_text":"","src":"https:\/\/i0.wp.com\/paulmelian.de\/blog\/wp-content\/uploads\/2019\/08\/Pr%C3%BCgelei-300x225.jpg?resize=350%2C200","width":350,"height":200},"classes":[]}],"post_mailing_queue_ids":[],"_links":{"self":[{"href":"https:\/\/paulmelian.de\/blog\/index.php?rest_route=\/wp\/v2\/posts\/4856","targetHints":{"allow":["GET"]}}],"collection":[{"href":"https:\/\/paulmelian.de\/blog\/index.php?rest_route=\/wp\/v2\/posts"}],"about":[{"href":"https:\/\/paulmelian.de\/blog\/index.php?rest_route=\/wp\/v2\/types\/post"}],"author":[{"embeddable":true,"href":"https:\/\/paulmelian.de\/blog\/index.php?rest_route=\/wp\/v2\/users\/1"}],"replies":[{"embeddable":true,"href":"https:\/\/paulmelian.de\/blog\/index.php?rest_route=%2Fwp%2Fv2%2Fcomments&post=4856"}],"version-history":[{"count":3,"href":"https:\/\/paulmelian.de\/blog\/index.php?rest_route=\/wp\/v2\/posts\/4856\/revisions"}],"predecessor-version":[{"id":4859,"href":"https:\/\/paulmelian.de\/blog\/index.php?rest_route=\/wp\/v2\/posts\/4856\/revisions\/4859"}],"wp:attachment":[{"href":"https:\/\/paulmelian.de\/blog\/index.php?rest_route=%2Fwp%2Fv2%2Fmedia&parent=4856"}],"wp:term":[{"taxonomy":"category","embeddable":true,"href":"https:\/\/paulmelian.de\/blog\/index.php?rest_route=%2Fwp%2Fv2%2Fcategories&post=4856"},{"taxonomy":"post_tag","embeddable":true,"href":"https:\/\/paulmelian.de\/blog\/index.php?rest_route=%2Fwp%2Fv2%2Ftags&post=4856"}],"curies":[{"name":"wp","href":"https:\/\/api.w.org\/{rel}","templated":true}]}}