{"id":4860,"date":"2020-07-13T17:36:37","date_gmt":"2020-07-13T15:36:37","guid":{"rendered":"http:\/\/paulmelian.de\/blog\/?p=4860"},"modified":"2020-07-13T17:36:37","modified_gmt":"2020-07-13T15:36:37","slug":"polizeiliche-effizienz-eficienta-politieneasca","status":"publish","type":"post","link":"https:\/\/paulmelian.de\/blog\/?p=4860","title":{"rendered":"Polizeiliche Effizienz \/ Eficien\u0163\u0103 poli\u0163ieneasc\u0103"},"content":{"rendered":"<p>Vier deutsche Polizisten wurden von einem Mann entwaffnet, der von der Polizei selbst wie unten aufgef\u00fchrt <a href=\"https:\/\/www.swr.de\/swraktuell\/baden-wuerttemberg\/suedbaden\/liveblog-bewaffneter-mann-aus-oppenau-100.html\">beschrieben<\/a> wird:<\/p>\n<blockquote><p><small>Bei dem Fl\u00fcchtigen handelt es sich laut Polizei um den 31-j\u00e4hrigen Yves Etienne Rausch. Er lebe ohne festen Wohnsitz im Wald um Oppenau und kenne sich dort gut aus. Rausch gilt als gef\u00e4hrlich und soll psychisch angeschlagen sein. Laut Polizei ist er bereits in der Vergangenheit mehrfach polizeilich in Erscheinung getreten, unter anderem wegen Versto\u00dfes gegen das Waffengesetz. Vor zehn Jahren wurde er in Pforzheim wegen gef\u00e4hrlicher K\u00f6rperverletzung zu einer Jugendstrafe verurteilt. Damals habe er seine Ex-Freundin angegriffen. (Anmerkung von uns: mit einer Armbrust.)<\/small><\/p><\/blockquote>\n<p>Wie man leicht erkennen kann, hatte die Polizei &#8211; nach dieser Beschreibung und der pazifistischen Aufmachung des genannten &#8211; jeden Grund f\u00fcr die Annahme, dass dieser sich v\u00f6llig aggressionslos und kooperativ bei seiner Vernehmung verhalten w\u00fcrde.<br \/>\nDie zust\u00e4ndige Polizei hat auf die zeitweilig in Betracht gezogene Unterst\u00fctzung durch die Bundeswehr vorerst verzichtet und ist optimistisch, dass sie mit 40 Hundertschaften und 15 Hubschraubern den Fl\u00fcchtigen wieder einfangen kann.<\/p>\n<p style=\"text-align: center;\">===<\/p>\n<p>Patru poli\u0163i\u015fti germani au fost dezarma\u0163i de c\u0103tre un b\u0103rbat, pe care poli\u0163ia \u00eens\u0103\u015fi \u00eel descrie ca mai jos:<\/p>\n<blockquote><p><small>La fugar este vorba de Yves Etienne Rausch \u00een v\u00e2rst\u0103 de 31 ani. Acesta tr\u0103ie\u015fte f\u0103r\u0103 domiciliu cunoscut \u00een p\u0103durea de l\u00e2ng\u0103 Oppenau \u015fi cunoa\u015fte foarte bine \u00eemprejurimile. Rausch este considerat periculos \u015fi psihic labil.<br \/>\nDup\u0103 cum declar\u0103 poli\u0163ia, acesta a avut \u00een trecut mai multe conflicte cu poli\u0163ia, printre altele \u015fi pentru contraven\u0163ie privind legisla\u0163ia armelor.<br \/>\n\u00cen urm\u0103 cu zece ani a fost condamnat pentru v\u0103t\u0103mare corporal\u0103 grav\u0103 la o pedeaps\u0103 dup\u0103 codul penal rezervat tinerilor. Pe atunci \u015fi-a r\u0103nit grav prietena (nn: cu o arbalet\u0103).<\/small><\/p><\/blockquote>\n<p>Dup\u0103 cum se poate observa foarte u\u015for, poli\u0163ia a avut &#8211; dup\u0103 aceast\u0103 descriere \u015fi dup\u0103 montura pacifist\u0103 a numitului &#8211; toate motivele s\u0103 considere c\u0103 acesta se va supune unei audieri f\u0103r\u0103 nici un fel de agresiune \u015fi \u00een mod absolut cooperativ.<br \/>\nSec\u0163ia de poli\u0163ie competent\u0103 a considerat c\u0103 poate s\u0103 renun\u0163e la ajutorul armatei, care la un moment dat a fost pentru scurt timp luat \u00een considerare, \u015fi este optimist\u0103 c\u0103 va reu\u015fi s\u0103 captureze fugarul cu ajutorul a 40 de echipe poli\u0163iene\u015fti (de c\u00e2te 100 de persoane) \u015fi al 15 elicoptere.<\/p>\n<p><strong>Not\u0103 pentru cititorul rom\u00e2n:<\/strong> A\u015fa ceva nu se poate, bine\u00een\u0163eles, \u00eent\u00e2mpla \u00een Rom\u00e2nia, din mai multe motive. Poli\u0163i\u015ftii \u015fi-ar fi uitat armele acas\u0103, doi din patru ar fi lipsit de la slujb\u0103, chestia s-ar fi mu\u015famalizat pe loc, \u015famd&#8230;<\/p>\n<p><a href=\"https:\/\/i0.wp.com\/paulmelian.de\/blog\/wp-content\/uploads\/2020\/07\/Fl%C3%BCchtiger.jpg\"><img data-recalc-dims=\"1\" loading=\"lazy\" decoding=\"async\" data-attachment-id=\"4861\" data-permalink=\"https:\/\/paulmelian.de\/blog\/?attachment_id=4861\" data-orig-file=\"https:\/\/i0.wp.com\/paulmelian.de\/blog\/wp-content\/uploads\/2020\/07\/Fl%C3%BCchtiger.jpg?fit=768%2C432&amp;ssl=1\" data-orig-size=\"768,432\" data-comments-opened=\"1\" data-image-meta=\"{&quot;aperture&quot;:&quot;0&quot;,&quot;credit&quot;:&quot;&quot;,&quot;camera&quot;:&quot;&quot;,&quot;caption&quot;:&quot;&quot;,&quot;created_timestamp&quot;:&quot;0&quot;,&quot;copyright&quot;:&quot;&quot;,&quot;focal_length&quot;:&quot;0&quot;,&quot;iso&quot;:&quot;0&quot;,&quot;shutter_speed&quot;:&quot;0&quot;,&quot;title&quot;:&quot;&quot;,&quot;orientation&quot;:&quot;0&quot;}\" data-image-title=\"Fl\u00fcchtiger\" data-image-description=\"\" data-image-caption=\"\" data-large-file=\"https:\/\/i0.wp.com\/paulmelian.de\/blog\/wp-content\/uploads\/2020\/07\/Fl%C3%BCchtiger.jpg?fit=640%2C360&amp;ssl=1\" class=\"aligncenter size-medium wp-image-4861\" src=\"https:\/\/i0.wp.com\/paulmelian.de\/blog\/wp-content\/uploads\/2020\/07\/Fl%C3%BCchtiger-300x169.jpg?resize=300%2C169\" alt=\"\" width=\"300\" height=\"169\" srcset=\"https:\/\/i0.wp.com\/paulmelian.de\/blog\/wp-content\/uploads\/2020\/07\/Fl%C3%BCchtiger.jpg?resize=300%2C169&amp;ssl=1 300w, https:\/\/i0.wp.com\/paulmelian.de\/blog\/wp-content\/uploads\/2020\/07\/Fl%C3%BCchtiger.jpg?w=768&amp;ssl=1 768w\" sizes=\"auto, (max-width: 300px) 100vw, 300px\" \/><\/a><\/p>\n","protected":false},"excerpt":{"rendered":"<p>Vier deutsche Polizisten wurden von einem Mann entwaffnet, der von der Polizei selbst wie unten aufgef\u00fchrt beschrieben wird: Bei dem Fl\u00fcchtigen handelt es sich laut Polizei um den 31-j\u00e4hrigen Yves Etienne Rausch. Er lebe ohne festen Wohnsitz im Wald um &hellip; <a href=\"https:\/\/paulmelian.de\/blog\/?p=4860\">Continu\u0103 s\u0103 cite\u0219ti <span class=\"meta-nav\">&rarr;<\/span><\/a><\/p>\n","protected":false},"author":1,"featured_media":0,"comment_status":"open","ping_status":"open","sticky":false,"template":"","format":"standard","meta":{"ngg_post_thumbnail":0,"jetpack_post_was_ever_published":false,"_jetpack_newsletter_access":"","_jetpack_dont_email_post_to_subs":false,"_jetpack_newsletter_tier_id":0,"_jetpack_memberships_contains_paywalled_content":false,"_jetpack_memberships_contains_paid_content":false,"footnotes":"","jetpack_publicize_message":"","jetpack_publicize_feature_enabled":true,"jetpack_social_post_already_shared":true,"jetpack_social_options":{"image_generator_settings":{"template":"highway","default_image_id":0,"font":"","enabled":false},"version":2}},"categories":[2,8,9,6,14,19],"tags":[],"class_list":["post-4860","post","type-post","status-publish","format-standard","hentry","category-amintiri-din-germania","category-general","category-internautice","category-borituri","category-oameni","category-romania-in-lume"],"jetpack_publicize_connections":[],"jetpack_featured_media_url":"","jetpack_sharing_enabled":true,"jetpack_shortlink":"https:\/\/wp.me\/p9mZDH-1go","jetpack_likes_enabled":true,"jetpack-related-posts":[{"id":7258,"url":"https:\/\/paulmelian.de\/blog\/?p=7258","url_meta":{"origin":4860,"position":0},"title":"Vor 20 Jahren","author":"Mihai","date":"25 aprilie 2026","format":false,"excerpt":"Nachdem ich den Joscha Bach \u201eausgegraben\u201c habe, habe ich mich an eine Episode von damals erinnert, als er noch ein eifriger Kommentator bei \u201enensch\u201c (RIP) war. Seine Kommentare boten so gut wie keine Angriffsfl\u00e4che. Aus diesem Grund wurde ihm von einem Konkurrenten - in neidvoller Anerkennung - der so einfallsreiche\u2026","rel":"","context":"\u00cen \u201eDeutsche Erinnerungen \/ Amintiri din Germania\u201d","block_context":{"text":"Deutsche Erinnerungen \/ Amintiri din Germania","link":"https:\/\/paulmelian.de\/blog\/?cat=2"},"img":{"alt_text":"","src":"https:\/\/i0.wp.com\/paulmelian.de\/blog\/wp-content\/uploads\/2026\/04\/Streit-300x248.jpg?resize=350%2C200&ssl=1","width":350,"height":200},"classes":[]},{"id":7166,"url":"https:\/\/paulmelian.de\/blog\/?p=7166","url_meta":{"origin":4860,"position":1},"title":"Das Zweite Leben (1)","author":"Mihai","date":"6 martie 2026","format":false,"excerpt":"Mein neues Leben fing Anfang 1975 in Bonn an, als ich, 27 Jahre alt, mit einem Koffer in der Hand und mit 700 Mark in der Brieftasche, mich von der \u00fcbrigen rum\u00e4nischen Delegation abgesetzt habe. Es war der Moment der gro\u00dfen Befreiung: Ich hatte bis zu diesem Zeitpunkt nicht richtig\u2026","rel":"","context":"\u00cen \u201eDeutsche Erinnerungen \/ Amintiri din Germania\u201d","block_context":{"text":"Deutsche Erinnerungen \/ Amintiri din Germania","link":"https:\/\/paulmelian.de\/blog\/?cat=2"},"img":{"alt_text":"","src":"","width":0,"height":0},"classes":[]},{"id":7235,"url":"https:\/\/paulmelian.de\/blog\/?p=7235","url_meta":{"origin":4860,"position":2},"title":"K\u00fcnstliche Intelligenz, nativer Opportunismus","author":"Mihai","date":"21 aprilie 2026","format":false,"excerpt":"Der bekannte deutsche KI Forscher Joscha Bach (auch bekannt als damaliger Anw\u00e4rter auf den Titel \u201eDer Gro\u00dfe Diskutator\u201c von dem Forum \u201enensch\u201c), wurde von Jeffrey Epstein mit einer Million Dollar finanziell unterst\u00fctzt. Hier seine Erkl\u00e4rung: \u201eConsequently, I decided to accept Epstein\u2019s offer to fund a research stay in the U.S.\u2026","rel":"","context":"\u00cen \u201eDeutsche Erinnerungen \/ Amintiri din Germania\u201d","block_context":{"text":"Deutsche Erinnerungen \/ Amintiri din Germania","link":"https:\/\/paulmelian.de\/blog\/?cat=2"},"img":{"alt_text":"","src":"https:\/\/i0.wp.com\/paulmelian.de\/blog\/wp-content\/uploads\/2026\/04\/KI-Forschung-300x200.jpg?resize=350%2C200&ssl=1","width":350,"height":200},"classes":[]},{"id":3435,"url":"https:\/\/paulmelian.de\/blog\/?p=3435","url_meta":{"origin":4860,"position":3},"title":"Klein Mengele bleibt frei \/ Micul Mengele r\u0103m\u00e2ne liber","author":"Mihai","date":"7 mai 2019","format":false,"excerpt":"Der deutsche Arzt Hartmut Hopp, der an der F\u00fchrung der Sekte \"Colonia Dignidad\" beteiligt war und in Chile zu 5 Jahren Gef\u00e4ngnis verurteilt war, ist nach Deutschland gefl\u00fcchtet, um der Strafe zu entgehen. Obwohl es zahlreiche deutsche Zeugen gab, die gegen ihn ausgesagt haben, die Staatsanwaltschaft Krefeld, die \u00fcber 8(!)\u2026","rel":"","context":"\u00cen \u201eDeutsche Erinnerungen \/ Amintiri din Germania\u201d","block_context":{"text":"Deutsche Erinnerungen \/ Amintiri din Germania","link":"https:\/\/paulmelian.de\/blog\/?cat=2"},"img":{"alt_text":"","src":"https:\/\/i0.wp.com\/paulmelian.de\/blog\/wp-content\/uploads\/2019\/05\/fahndungsblatt-hartmut-hopp-interpol-300x242.png?resize=350%2C200","width":350,"height":200},"classes":[]},{"id":4089,"url":"https:\/\/paulmelian.de\/blog\/?p=4089","url_meta":{"origin":4860,"position":4},"title":"Essbare Kunst","author":"Mihai","date":"8 decembrie 2019","format":false,"excerpt":"Eine mit Klebeband aufgeklebte Banane des K\u00fcnstlers Maurizio Cattelan, die f\u00fcr 120.000 Dollar verkauft wurde, wurde von einem anderen Aktionsk\u00fcnstler noch w\u00e4hrend der Ausstellung publikumswirksam verspeist. Die Kunstgalerie, wo dieses bedeutende Ereignis stattfand, ist der Meinung, dass der K\u00e4ufer nicht gesch\u00e4digt wurde, da das Kunstwerk nach wie vor in Form\u2026","rel":"","context":"\u00cen \u201eDeutsche Erinnerungen \/ Amintiri din Germania\u201d","block_context":{"text":"Deutsche Erinnerungen \/ Amintiri din Germania","link":"https:\/\/paulmelian.de\/blog\/?cat=2"},"img":{"alt_text":"","src":"https:\/\/i0.wp.com\/paulmelian.de\/blog\/wp-content\/uploads\/2019\/12\/banane-103_v-modPremium-300x84.jpg?resize=350%2C200","width":350,"height":200},"classes":[]},{"id":2974,"url":"https:\/\/paulmelian.de\/blog\/?p=2974","url_meta":{"origin":4860,"position":5},"title":"Poliglo\u0163ie \/ Mehrsprachigkeit","author":"Mihai","date":"3 octombrie 2018","format":false,"excerpt":"\u00cen cadrul ac\u0163iunii de c\u0103utare a c\u00e2inilor evada\u0163i de la noi (am\u0103nunte vezi aici \u015fi aici), Vera a avut o aventur\u0103 - \u00een mare m\u0103sur\u0103 lingvistic\u0103, dar nu numai - cu totul deosebit\u0103. Afi\u015f\u00e2nd, \u00eempreun\u0103 cu un voluntar al Funda\u0163iei Vl\u0103deasa, anun\u0163uri cu pozele disp\u0103ru\u0163ilor prin satele \u00eenvecinate, a nimerit\u2026","rel":"","context":"\u00cen \u201eDeutsche Erinnerungen \/ Amintiri din Germania\u201d","block_context":{"text":"Deutsche Erinnerungen \/ Amintiri din Germania","link":"https:\/\/paulmelian.de\/blog\/?cat=2"},"img":{"alt_text":"","src":"","width":0,"height":0},"classes":[]}],"post_mailing_queue_ids":[],"_links":{"self":[{"href":"https:\/\/paulmelian.de\/blog\/index.php?rest_route=\/wp\/v2\/posts\/4860","targetHints":{"allow":["GET"]}}],"collection":[{"href":"https:\/\/paulmelian.de\/blog\/index.php?rest_route=\/wp\/v2\/posts"}],"about":[{"href":"https:\/\/paulmelian.de\/blog\/index.php?rest_route=\/wp\/v2\/types\/post"}],"author":[{"embeddable":true,"href":"https:\/\/paulmelian.de\/blog\/index.php?rest_route=\/wp\/v2\/users\/1"}],"replies":[{"embeddable":true,"href":"https:\/\/paulmelian.de\/blog\/index.php?rest_route=%2Fwp%2Fv2%2Fcomments&post=4860"}],"version-history":[{"count":5,"href":"https:\/\/paulmelian.de\/blog\/index.php?rest_route=\/wp\/v2\/posts\/4860\/revisions"}],"predecessor-version":[{"id":4866,"href":"https:\/\/paulmelian.de\/blog\/index.php?rest_route=\/wp\/v2\/posts\/4860\/revisions\/4866"}],"wp:attachment":[{"href":"https:\/\/paulmelian.de\/blog\/index.php?rest_route=%2Fwp%2Fv2%2Fmedia&parent=4860"}],"wp:term":[{"taxonomy":"category","embeddable":true,"href":"https:\/\/paulmelian.de\/blog\/index.php?rest_route=%2Fwp%2Fv2%2Fcategories&post=4860"},{"taxonomy":"post_tag","embeddable":true,"href":"https:\/\/paulmelian.de\/blog\/index.php?rest_route=%2Fwp%2Fv2%2Ftags&post=4860"}],"curies":[{"name":"wp","href":"https:\/\/api.w.org\/{rel}","templated":true}]}}