{"id":4868,"date":"2020-07-18T09:25:56","date_gmt":"2020-07-18T07:25:56","guid":{"rendered":"http:\/\/paulmelian.de\/blog\/?p=4868"},"modified":"2020-07-18T09:25:56","modified_gmt":"2020-07-18T07:25:56","slug":"kolossale-irrtumer-fortsetzung-erori-colosale-continuare","status":"publish","type":"post","link":"https:\/\/paulmelian.de\/blog\/?p=4868","title":{"rendered":"Kolossale Irrt\u00fcmer (Fortsetzung) \/ Erori colosale (continuare)"},"content":{"rendered":"<p>Es war absolut richtig, die rum\u00e4nische Justiz zu verteidigen, als die Verbrecherorganisation PSD versucht hat, sie auf ihre Seite zu ziehen.<br \/>\nEs ist jedoch absurd zu erwarten, dass jetzt, wenn die Gefahr vor\u00fcber ist, hier die Herrschaft des Rechts oder sogar der Gerechtigkeit angebrochen ist. Die rum\u00e4nische Justiz ist genauso korrupt wie alles Andere im Land.<\/p>\n<p style=\"text-align: center;\">===<\/p>\n<p>A fost foarte indicat s\u0103 s\u0103rim \u00een ajutorul justi\u0163iei rom\u00e2ne, atunci c\u00e2nd adun\u0103tura de borfa\u015fi din PSD a \u00eencercat s\u0103 o \u00eenregimenteze.<br \/>\nEste \u00eens\u0103 absurd s\u0103 a\u015ftept\u0103m, acum c\u00e2nd pericolul a trecut, c\u0103 la noi se va instaura domnia Dreptului sau chiar a Drept\u0103\u0163ii. Justi\u0163ia rom\u00e2neasc\u0103 este la fel de corupt\u0103 ca tot restul \u0163\u0103rii.<\/p>\n<p><a href=\"https:\/\/i0.wp.com\/paulmelian.de\/blog\/wp-content\/uploads\/2020\/07\/justitie-coruptie.jpg\"><img data-recalc-dims=\"1\" loading=\"lazy\" decoding=\"async\" data-attachment-id=\"4872\" data-permalink=\"https:\/\/paulmelian.de\/blog\/?attachment_id=4872\" data-orig-file=\"https:\/\/i0.wp.com\/paulmelian.de\/blog\/wp-content\/uploads\/2020\/07\/justitie-coruptie.jpg?fit=470%2C352&amp;ssl=1\" data-orig-size=\"470,352\" data-comments-opened=\"1\" data-image-meta=\"{&quot;aperture&quot;:&quot;0&quot;,&quot;credit&quot;:&quot;&quot;,&quot;camera&quot;:&quot;&quot;,&quot;caption&quot;:&quot;&quot;,&quot;created_timestamp&quot;:&quot;0&quot;,&quot;copyright&quot;:&quot;&quot;,&quot;focal_length&quot;:&quot;0&quot;,&quot;iso&quot;:&quot;0&quot;,&quot;shutter_speed&quot;:&quot;0&quot;,&quot;title&quot;:&quot;&quot;,&quot;orientation&quot;:&quot;0&quot;}\" data-image-title=\"justitie-coruptie\" data-image-description=\"\" data-image-caption=\"\" data-large-file=\"https:\/\/i0.wp.com\/paulmelian.de\/blog\/wp-content\/uploads\/2020\/07\/justitie-coruptie.jpg?fit=470%2C352&amp;ssl=1\" class=\"aligncenter size-medium wp-image-4872\" src=\"https:\/\/i0.wp.com\/paulmelian.de\/blog\/wp-content\/uploads\/2020\/07\/justitie-coruptie-300x225.jpg?resize=300%2C225\" alt=\"\" width=\"300\" height=\"225\" srcset=\"https:\/\/i0.wp.com\/paulmelian.de\/blog\/wp-content\/uploads\/2020\/07\/justitie-coruptie.jpg?resize=300%2C225&amp;ssl=1 300w, https:\/\/i0.wp.com\/paulmelian.de\/blog\/wp-content\/uploads\/2020\/07\/justitie-coruptie.jpg?w=470&amp;ssl=1 470w\" sizes=\"auto, (max-width: 300px) 100vw, 300px\" \/><\/a><\/p>\n","protected":false},"excerpt":{"rendered":"<p>Es war absolut richtig, die rum\u00e4nische Justiz zu verteidigen, als die Verbrecherorganisation PSD versucht hat, sie auf ihre Seite zu ziehen. Es ist jedoch absurd zu erwarten, dass jetzt, wenn die Gefahr vor\u00fcber ist, hier die Herrschaft des Rechts oder &hellip; <a href=\"https:\/\/paulmelian.de\/blog\/?p=4868\">Continu\u0103 s\u0103 cite\u0219ti <span class=\"meta-nav\">&rarr;<\/span><\/a><\/p>\n","protected":false},"author":1,"featured_media":0,"comment_status":"open","ping_status":"open","sticky":false,"template":"","format":"standard","meta":{"ngg_post_thumbnail":0,"jetpack_post_was_ever_published":false,"_jetpack_newsletter_access":"","_jetpack_dont_email_post_to_subs":false,"_jetpack_newsletter_tier_id":0,"_jetpack_memberships_contains_paywalled_content":false,"_jetpack_memberships_contains_paid_content":false,"footnotes":"","jetpack_publicize_message":"","jetpack_publicize_feature_enabled":true,"jetpack_social_post_already_shared":true,"jetpack_social_options":{"image_generator_settings":{"template":"highway","default_image_id":0,"font":"","enabled":false},"version":2}},"categories":[8,6,14,17,19],"tags":[],"class_list":["post-4868","post","type-post","status-publish","format-standard","hentry","category-general","category-borituri","category-oameni","category-politica","category-romania-in-lume"],"jetpack_publicize_connections":[],"jetpack_featured_media_url":"","jetpack_sharing_enabled":true,"jetpack_shortlink":"https:\/\/wp.me\/p9mZDH-1gw","jetpack_likes_enabled":true,"jetpack-related-posts":[{"id":3571,"url":"https:\/\/paulmelian.de\/blog\/?p=3571","url_meta":{"origin":4868,"position":0},"title":"Der ultimative Beweis&#8230; \/ Dovada ultim\u0103&#8230;","author":"Mihai","date":"23 iulie 2019","format":false,"excerpt":"...dass die rum\u00e4nische PSD unf\u00e4hig ist, sich selbst zu reformieren: f\u00fcr die k\u00fcnftigen Pr\u00e4sidentschaftwahlen wurde eine Halbanalphabetin als Kandidatin der Partei nominiert. === ...c\u0103 PSD este incapabil s\u0103 se reformeze: pentru viitoarele alegeri prezidiale a fost desemnat\u0103 drept candidat al partidului o semianalfabet\u0103. \u00a0","rel":"","context":"\u00cen \u201eGeneral\u201d","block_context":{"text":"General","link":"https:\/\/paulmelian.de\/blog\/?cat=8"},"img":{"alt_text":"","src":"https:\/\/i0.wp.com\/paulmelian.de\/blog\/wp-content\/uploads\/2019\/07\/Dancila-300x253.jpg?resize=350%2C200","width":350,"height":200},"classes":[]},{"id":3435,"url":"https:\/\/paulmelian.de\/blog\/?p=3435","url_meta":{"origin":4868,"position":1},"title":"Klein Mengele bleibt frei \/ Micul Mengele r\u0103m\u00e2ne liber","author":"Mihai","date":"7 mai 2019","format":false,"excerpt":"Der deutsche Arzt Hartmut Hopp, der an der F\u00fchrung der Sekte \"Colonia Dignidad\" beteiligt war und in Chile zu 5 Jahren Gef\u00e4ngnis verurteilt war, ist nach Deutschland gefl\u00fcchtet, um der Strafe zu entgehen. Obwohl es zahlreiche deutsche Zeugen gab, die gegen ihn ausgesagt haben, die Staatsanwaltschaft Krefeld, die \u00fcber 8(!)\u2026","rel":"","context":"\u00cen \u201eDeutsche Erinnerungen \/ Amintiri din Germania\u201d","block_context":{"text":"Deutsche Erinnerungen \/ Amintiri din Germania","link":"https:\/\/paulmelian.de\/blog\/?cat=2"},"img":{"alt_text":"","src":"https:\/\/i0.wp.com\/paulmelian.de\/blog\/wp-content\/uploads\/2019\/05\/fahndungsblatt-hartmut-hopp-interpol-300x242.png?resize=350%2C200","width":350,"height":200},"classes":[]},{"id":3852,"url":"https:\/\/paulmelian.de\/blog\/?p=3852","url_meta":{"origin":4868,"position":2},"title":"Die Geschichte mit der Geschichte \/ Istoria cu istoria","author":"Mihai","date":"10 octombrie 2019","format":false,"excerpt":"Der rum\u00e4nische Pr\u00e4sident Klaus Iohannis beweist, dass er weder die rum\u00e4nische noch die deutsche Sprache richtig beherrscht. Indem er sagt, dass die PSD \"a intrat in istorie\" (\"ist in die Geschichte eingegangen\"), sagt er genau das Gegenteil von dem aus, was er uns mitteilen m\u00f6chte, n\u00e4mlich dass PSD \"a devenit\u2026","rel":"","context":"\u00cen \u201eGeneral\u201d","block_context":{"text":"General","link":"https:\/\/paulmelian.de\/blog\/?cat=8"},"img":{"alt_text":"","src":"https:\/\/i0.wp.com\/paulmelian.de\/blog\/wp-content\/uploads\/2017\/12\/Cap-de-lemn-225x300.jpg?resize=350%2C200","width":350,"height":200},"classes":[]},{"id":255,"url":"https:\/\/paulmelian.de\/blog\/?p=255","url_meta":{"origin":4868,"position":3},"title":"Scrisoare deschis\u0103 &#8211; Offener Brief D-lui &#8211; Herrn Sigmar Gabriel","author":"Mihai","date":"16 noiembrie 2014","format":false,"excerpt":"Dr. Mihail-Onoriu Lungu Schulstr 13A 67365 Schwegenheim Germania D-lui Sigmar Gabriel Pre\u015fedintele SPD Scrisoare deschis\u0103 D-le Gabriel \u00eemi permit pentru \u00eenceput o scurt\u0103 prezentare. Sunt cet\u0103\u0163ean german de origine rom\u00e2n\u0103 \u015fi tr\u0103iesc de la \u00eenceputul anului 1975 \u00een Germania, unde mi-am completat studiile la Universitatea din Bonn. Dup\u0103 studiu am\u2026","rel":"","context":"\u00cen \u201eDeutsche Erinnerungen \/ Amintiri din Germania\u201d","block_context":{"text":"Deutsche Erinnerungen \/ Amintiri din Germania","link":"https:\/\/paulmelian.de\/blog\/?cat=2"},"img":{"alt_text":"","src":"","width":0,"height":0},"classes":[]},{"id":6141,"url":"https:\/\/paulmelian.de\/blog\/?p=6141","url_meta":{"origin":4868,"position":4},"title":"Ich finde keine Worte \/ N-am cuvinte","author":"Mihai","date":"19 august 2022","format":false,"excerpt":"Schon nach meinem ersten Besuch in Japan (es folgten weitere 8, wobei ich darauf ohne Reue h\u00e4tte verzichten k\u00f6nnen) habe ich den Schluss gezogen, dass die Japaner einen Sprung in der Sch\u00fcssel haben: Es reicht n\u00e4mlich, deren K\u00fcche zu geniessen, um vollends im Bilde zu sein. Die Dinge, die ich\u2026","rel":"","context":"\u00cen \u201eDeutsche Erinnerungen \/ Amintiri din Germania\u201d","block_context":{"text":"Deutsche Erinnerungen \/ Amintiri din Germania","link":"https:\/\/paulmelian.de\/blog\/?cat=2"},"img":{"alt_text":"","src":"https:\/\/i0.wp.com\/paulmelian.de\/blog\/wp-content\/uploads\/2022\/08\/komasaufen-DW-Wissenschaft-Saarbruecken-jpg-300x143.jpg?resize=350%2C200","width":350,"height":200},"classes":[]},{"id":3661,"url":"https:\/\/paulmelian.de\/blog\/?p=3661","url_meta":{"origin":4868,"position":5},"title":"Links \/ St\u00e2nga","author":"Mihai","date":"13 august 2019","format":false,"excerpt":"Heute, Freitag den 13., wird der \"Internationale Tag der Linksh\u00e4nder\" gefeiert, die etwa 13% der Bev\u00f6lkerung ausmachen. Schlechtes Omen? Keine Ahnung, ich bin ja Rechtsh\u00e4nder... aber nicht auszuschlie\u00dfen. In der Politik wird die Polarit\u00e4t links\/rechts h\u00e4ufig \u00fcberstrapaziert und manchmal ziemlich eigenartig ausgelegt.\u00a0 Die rum\u00e4nische PSD z.B. wird f\u00fcr eine Linkspartei\u2026","rel":"","context":"\u00cen \u201eGeneral\u201d","block_context":{"text":"General","link":"https:\/\/paulmelian.de\/blog\/?cat=8"},"img":{"alt_text":"","src":"https:\/\/i0.wp.com\/paulmelian.de\/blog\/wp-content\/uploads\/2019\/08\/stangaci-300x250.jpg?resize=350%2C200","width":350,"height":200},"classes":[]}],"post_mailing_queue_ids":[],"_links":{"self":[{"href":"https:\/\/paulmelian.de\/blog\/index.php?rest_route=\/wp\/v2\/posts\/4868","targetHints":{"allow":["GET"]}}],"collection":[{"href":"https:\/\/paulmelian.de\/blog\/index.php?rest_route=\/wp\/v2\/posts"}],"about":[{"href":"https:\/\/paulmelian.de\/blog\/index.php?rest_route=\/wp\/v2\/types\/post"}],"author":[{"embeddable":true,"href":"https:\/\/paulmelian.de\/blog\/index.php?rest_route=\/wp\/v2\/users\/1"}],"replies":[{"embeddable":true,"href":"https:\/\/paulmelian.de\/blog\/index.php?rest_route=%2Fwp%2Fv2%2Fcomments&post=4868"}],"version-history":[{"count":5,"href":"https:\/\/paulmelian.de\/blog\/index.php?rest_route=\/wp\/v2\/posts\/4868\/revisions"}],"predecessor-version":[{"id":4874,"href":"https:\/\/paulmelian.de\/blog\/index.php?rest_route=\/wp\/v2\/posts\/4868\/revisions\/4874"}],"wp:attachment":[{"href":"https:\/\/paulmelian.de\/blog\/index.php?rest_route=%2Fwp%2Fv2%2Fmedia&parent=4868"}],"wp:term":[{"taxonomy":"category","embeddable":true,"href":"https:\/\/paulmelian.de\/blog\/index.php?rest_route=%2Fwp%2Fv2%2Fcategories&post=4868"},{"taxonomy":"post_tag","embeddable":true,"href":"https:\/\/paulmelian.de\/blog\/index.php?rest_route=%2Fwp%2Fv2%2Ftags&post=4868"}],"curies":[{"name":"wp","href":"https:\/\/api.w.org\/{rel}","templated":true}]}}