{"id":51,"date":"2010-01-31T15:32:12","date_gmt":"2010-01-31T13:32:12","guid":{"rendered":"http:\/\/paulmelian.de\/blog\/?p=51"},"modified":"2010-01-31T15:32:12","modified_gmt":"2010-01-31T13:32:12","slug":"un-roman-antrenor-de-femei-in-insulele-virgine","status":"publish","type":"post","link":"https:\/\/paulmelian.de\/blog\/?p=51","title":{"rendered":"Un rom\u00e2n, antrenor de femei \u00een Insulele Virgine"},"content":{"rendered":"<p>Iar m\u0103 leg de <a href=http:\/\/www.evz.ro\/articole\/detalii-articol\/884847\/Un-roman-antrenor-de-femei-in-Insulele-Virgine\/>evz<\/a>.<br \/>\nTitlul articolului treze\u015fte&#8230; hm&#8230; hai s\u0103 zicem curiozitatea cititorului. Promisiuni de\u015farte. Cu onestitate rar\u0103, d-l Andrei C\u0103lin \u00eei taie av\u00e2ntul de la bun \u00eenceput:<br \/>\n<small>[ ] Glad Bugariu este un nume care rom\u00e2nilor nu le spune nimic. [ ]<\/small><br \/>\nRemedierea acestei situa\u0163ii, se impune, bine\u00een\u0163eles, de la sine. Autorul se str\u0103duie (\u015fi reu\u015fe\u015fte pe deplin) s\u0103 ating\u0103 acest scop at\u00e2t prin textul s\u0103u dens \u015fi informativ,<br \/>\n<small>[ ] \u201cExperien\u0163a avut\u0103 la modesta echip\u0103 \u015eoimii Sibiu, din liga a IV-a, l-a trimis \u00eens\u0103 \u00eenapoi \u00een America.\u201d [ ]<\/small><br \/>\nc\u00e2t \u015fi, \u00een special, prin imaginile alese, dintre care dou\u0103 sunt chiar cu femei.<br \/>\nNu ne r\u0103m\u00e2ne dec\u00e2t s\u0103-i mul\u0163umim pentru informa\u0163ii. S\u0103 sper\u0103m c\u0103 aceast\u0103 \u015ftire important\u0103 va fi preluat\u0103 \u015fi dezb\u0103tut\u0103 \u00een urm\u0103toarele zile de toate posturile rom\u00e2ne\u015fti de televiziune.<\/p>\n","protected":false},"excerpt":{"rendered":"<p>Iar m\u0103 leg de evz. Titlul articolului treze\u015fte&#8230; hm&#8230; hai s\u0103 zicem curiozitatea cititorului. Promisiuni de\u015farte. Cu onestitate rar\u0103, d-l Andrei C\u0103lin \u00eei taie av\u00e2ntul de la bun \u00eenceput: [ ] Glad Bugariu este un nume care rom\u00e2nilor nu le &hellip; <a href=\"https:\/\/paulmelian.de\/blog\/?p=51\">Continu\u0103 s\u0103 cite\u0219ti <span class=\"meta-nav\">&rarr;<\/span><\/a><\/p>\n","protected":false},"author":1,"featured_media":0,"comment_status":"open","ping_status":"open","sticky":false,"template":"","format":"standard","meta":{"ngg_post_thumbnail":0,"jetpack_post_was_ever_published":false,"_jetpack_newsletter_access":"","_jetpack_dont_email_post_to_subs":false,"_jetpack_newsletter_tier_id":0,"_jetpack_memberships_contains_paywalled_content":false,"_jetpack_memberships_contains_paid_content":false,"footnotes":"","jetpack_publicize_message":"","jetpack_publicize_feature_enabled":true,"jetpack_social_post_already_shared":false,"jetpack_social_options":{"image_generator_settings":{"template":"highway","default_image_id":0,"font":"","enabled":false},"version":2}},"categories":[8],"tags":[],"class_list":["post-51","post","type-post","status-publish","format-standard","hentry","category-general"],"jetpack_publicize_connections":[],"jetpack_featured_media_url":"","jetpack_sharing_enabled":true,"jetpack_shortlink":"https:\/\/wp.me\/p9mZDH-P","jetpack_likes_enabled":true,"jetpack-related-posts":[{"id":2652,"url":"https:\/\/paulmelian.de\/blog\/?p=2652","url_meta":{"origin":51,"position":0},"title":"Natura femeii explicat\u0103 pe \u00een\u0163elesul unui b\u0103rbat","author":"Mihai","date":"27 ianuarie 2018","format":false,"excerpt":"De cur\u00e2nd, am fost din nou for\u0163at s\u0103 reflectez asupra misoginiei, a imaginii femeii \u00een societate \u015fi a situa\u0163iei \u00een care se afl\u0103 emanciparea femeii la noi \u00een \u0163ar\u0103, printr-o imagine g\u0103sit\u0103 pe site-ul \u015ei noi suntem familie. Aceast\u0103 imagine mi-a trezit amintirea unei c\u0103r\u0163i \u00een limba german\u0103 pe care\u2026","rel":"","context":"\u00cen \u201eAntifeminismus \/ Antifeminism\u201d","block_context":{"text":"Antifeminismus \/ Antifeminism","link":"https:\/\/paulmelian.de\/blog\/?cat=4"},"img":{"alt_text":"","src":"https:\/\/i0.wp.com\/paulmelian.de\/blog\/wp-content\/uploads\/2018\/01\/Bastovoi-Goltz-300x225.jpg?resize=350%2C200","width":350,"height":200},"classes":[]},{"id":5957,"url":"https:\/\/paulmelian.de\/blog\/?p=5957","url_meta":{"origin":51,"position":1},"title":"Concluzii biblice","author":"Mihai","date":"29 iunie 2021","format":false,"excerpt":"La toat\u0103 discu\u0163ia \u00eenfierb\u00e2ntat\u0103 din ziua de azi privind homosexualitatea, \u0163in\u00e2nd cont \u015fi de faptul c\u0103 cei mai \u00eend\u00e2rji\u0163i adversari ai dezincrimin\u0103rii LGBT sunt \"cre\u015ftini\", mi-am zis c\u0103 n-ar strica s\u0103 m\u0103 informez un pic asupra a ceea ce ne spune \u00een aceast\u0103 privin\u0163\u0103 Biblia. (Nu v\u0103 a\u015ftepta\u0163i la o\u2026","rel":"","context":"\u00cen \u201eGeneral\u201d","block_context":{"text":"General","link":"https:\/\/paulmelian.de\/blog\/?cat=8"},"img":{"alt_text":"","src":"https:\/\/i0.wp.com\/paulmelian.de\/blog\/wp-content\/uploads\/2021\/06\/strafender_gott-300x145.jpg?resize=350%2C200","width":350,"height":200},"classes":[]},{"id":2959,"url":"https:\/\/paulmelian.de\/blog\/?p=2959","url_meta":{"origin":51,"position":2},"title":"Virtuozitate literar\u0103","author":"Mihai","date":"27 septembrie 2018","format":false,"excerpt":"D-l Costin Andrie\u015f men\u0163ioneaz\u0103 recent pe facebook un articol propriu, ap\u0103rut \u00een 2014 pe platforma \u00ceLD, prin cuvintele: Casatoria pentru toti e despre marxism, nu despre liberalism, despre drepturi, libertati sau despre discriminare. Nici macar despre Putin, e despre marxism, ala cultural. Daca nu vb de marxism, batem campii. Cred\u2026","rel":"","context":"\u00cen \u201eGeneral\u201d","block_context":{"text":"General","link":"https:\/\/paulmelian.de\/blog\/?cat=8"},"img":{"alt_text":"","src":"","width":0,"height":0},"classes":[]},{"id":252,"url":"https:\/\/paulmelian.de\/blog\/?p=252","url_meta":{"origin":51,"position":3},"title":"Civism \u015fi politic\u0103","author":"Mihai","date":"15 noiembrie 2014","format":false,"excerpt":"Sub acest titlu, echipa de voluntari care creeaz\u0103 DEX Online public\u0103 un text care ne arat\u0103 de ce se implic\u0103 \u00een procesul de formare a opiniei politice din Rom\u00e2nia. Recomand lectura acestui articol, care, dup\u0103 p\u0103rerea mea, nu necesit\u0103 comentarii. \u00cen campania electoral\u0103 actual\u0103, aceela\u015fi colectiv recomand\u0103 cititorilor s\u0103i s\u0103-l\u2026","rel":"","context":"\u00cen \u201eDeutsche Erinnerungen \/ Amintiri din Germania\u201d","block_context":{"text":"Deutsche Erinnerungen \/ Amintiri din Germania","link":"https:\/\/paulmelian.de\/blog\/?cat=2"},"img":{"alt_text":"","src":"","width":0,"height":0},"classes":[]},{"id":2673,"url":"https:\/\/paulmelian.de\/blog\/?p=2673","url_meta":{"origin":51,"position":4},"title":"Indignare","author":"Mihai","date":"4 februarie 2018","format":false,"excerpt":"Tipul era de-a dreptul enervant. Pe de-o parte afirma c\u0103 PSD este o adun\u0103tur\u0103 de ho\u0163i, pe de alta c\u0103 a\u015fa zisa \u201cDreapt\u0103\u201d rom\u00e2neasc\u0103 nici m\u0103car adun\u0103tur\u0103 nu e. \u00cen afar\u0103 de asta, pe Iohannis \u00eel considera bou (sau \u201cneam\u0163 prost\u201d, spre deosebire de alternativa sa la ultimele alegeri preziden\u0163iale,\u2026","rel":"","context":"\u00cen \u201eGeneral\u201d","block_context":{"text":"General","link":"https:\/\/paulmelian.de\/blog\/?cat=8"},"img":{"alt_text":"","src":"https:\/\/i0.wp.com\/paulmelian.de\/blog\/wp-content\/uploads\/2018\/02\/Cheshire_Cat_Tenniela-292x300.png?resize=350%2C200","width":350,"height":200},"classes":[]},{"id":1502,"url":"https:\/\/paulmelian.de\/blog\/?p=1502","url_meta":{"origin":51,"position":5},"title":"Brexit","author":"Mihai","date":"24 iunie 2016","format":false,"excerpt":"Pu\u0163inele lucruri pe care le \u015ftiu despre Marea Britanie \u015fi locuitorii ei mi-au permis totu\u015fi s\u0103 trag o concluzie: b\u0103\u015ftina\u015ful englez este fie foarte civilizat, fie cu totul dimpotriv\u0103. S\u0103 ne g\u00e2ndim doar la acei hooligans. (Ceva asem\u0103n\u0103tor se poate afirma despre femeile japoneze, dar la ele \u00een privin\u0163a frumuse\u0163ii...)\u2026","rel":"","context":"\u00cen \u201eDeutsche Erinnerungen \/ Amintiri din Germania\u201d","block_context":{"text":"Deutsche Erinnerungen \/ Amintiri din Germania","link":"https:\/\/paulmelian.de\/blog\/?cat=2"},"img":{"alt_text":"","src":"","width":0,"height":0},"classes":[]}],"post_mailing_queue_ids":[],"_links":{"self":[{"href":"https:\/\/paulmelian.de\/blog\/index.php?rest_route=\/wp\/v2\/posts\/51","targetHints":{"allow":["GET"]}}],"collection":[{"href":"https:\/\/paulmelian.de\/blog\/index.php?rest_route=\/wp\/v2\/posts"}],"about":[{"href":"https:\/\/paulmelian.de\/blog\/index.php?rest_route=\/wp\/v2\/types\/post"}],"author":[{"embeddable":true,"href":"https:\/\/paulmelian.de\/blog\/index.php?rest_route=\/wp\/v2\/users\/1"}],"replies":[{"embeddable":true,"href":"https:\/\/paulmelian.de\/blog\/index.php?rest_route=%2Fwp%2Fv2%2Fcomments&post=51"}],"version-history":[{"count":0,"href":"https:\/\/paulmelian.de\/blog\/index.php?rest_route=\/wp\/v2\/posts\/51\/revisions"}],"wp:attachment":[{"href":"https:\/\/paulmelian.de\/blog\/index.php?rest_route=%2Fwp%2Fv2%2Fmedia&parent=51"}],"wp:term":[{"taxonomy":"category","embeddable":true,"href":"https:\/\/paulmelian.de\/blog\/index.php?rest_route=%2Fwp%2Fv2%2Fcategories&post=51"},{"taxonomy":"post_tag","embeddable":true,"href":"https:\/\/paulmelian.de\/blog\/index.php?rest_route=%2Fwp%2Fv2%2Ftags&post=51"}],"curies":[{"name":"wp","href":"https:\/\/api.w.org\/{rel}","templated":true}]}}