{"id":5193,"date":"2020-10-05T18:57:27","date_gmt":"2020-10-05T16:57:27","guid":{"rendered":"http:\/\/paulmelian.de\/blog\/?p=5193"},"modified":"2020-10-05T18:57:27","modified_gmt":"2020-10-05T16:57:27","slug":"gestionare","status":"publish","type":"post","link":"https:\/\/paulmelian.de\/blog\/?p=5193","title":{"rendered":"Gestionare"},"content":{"rendered":"<p>Ciolacu <a href=\"https:\/\/www.agerpres.ro\/politic\/2020\/10\/05\/ciolacu-despre-proiectul-de-amanare-a-parlamentarelor-momentan-nu-este-supus-la-vot-vedem-in-functie-de-evolutia-pandemiei--585498\">vorbe\u015fte<\/a> din nou despre &#8222;Gestionarea pandemiei&#8221;.<br \/>\nSe pare c\u0103 are lipsuri grave la capitolul &#8222;Limba rom\u00e2n\u0103&#8221;.<br \/>\n\u00cei dorim s\u0103 gestioneze \u00een lini\u015fte pierderile pe care PSD le va avea \u00een continuare, c\u0103 de influen\u0163at nu este \u00een stare. Nici m\u0103car \u00een sensul negativ, acuma c\u0103 s-a dezis de t\u0103tucul Dragnea&#8230;<\/p>\n<p>PS<br \/>\nDac\u0103 cineva \u00eemi va atrage cumva aten\u0163ia c\u0103 Ciolacu se refer\u0103 poate la sensul figurat (impropriu) al cuv\u00e2ntului, \u00eel voi felicita pentru faptul c\u0103 este unul dintre promotorii frunta\u015fi ai limbii rom\u00e2ne de lemn.<br \/>\n<a href=\"https:\/\/i0.wp.com\/paulmelian.de\/blog\/wp-content\/uploads\/2020\/04\/limba-de-lemn.jpg\"><img data-recalc-dims=\"1\" loading=\"lazy\" decoding=\"async\" data-attachment-id=\"4586\" data-permalink=\"https:\/\/paulmelian.de\/blog\/?attachment_id=4586\" data-orig-file=\"https:\/\/i0.wp.com\/paulmelian.de\/blog\/wp-content\/uploads\/2020\/04\/limba-de-lemn.jpg?fit=942%2C1500&amp;ssl=1\" data-orig-size=\"942,1500\" data-comments-opened=\"1\" data-image-meta=\"{&quot;aperture&quot;:&quot;0&quot;,&quot;credit&quot;:&quot;&quot;,&quot;camera&quot;:&quot;&quot;,&quot;caption&quot;:&quot;&quot;,&quot;created_timestamp&quot;:&quot;0&quot;,&quot;copyright&quot;:&quot;&quot;,&quot;focal_length&quot;:&quot;0&quot;,&quot;iso&quot;:&quot;0&quot;,&quot;shutter_speed&quot;:&quot;0&quot;,&quot;title&quot;:&quot;&quot;,&quot;orientation&quot;:&quot;0&quot;}\" data-image-title=\"limba de lemn\" data-image-description=\"\" data-image-caption=\"\" data-large-file=\"https:\/\/i0.wp.com\/paulmelian.de\/blog\/wp-content\/uploads\/2020\/04\/limba-de-lemn.jpg?fit=640%2C1019&amp;ssl=1\" src=\"https:\/\/i0.wp.com\/paulmelian.de\/blog\/wp-content\/uploads\/2020\/04\/limba-de-lemn-188x300.jpg?resize=188%2C300\" alt=\"\" width=\"188\" height=\"300\" class=\"aligncenter size-medium wp-image-4586\" srcset=\"https:\/\/i0.wp.com\/paulmelian.de\/blog\/wp-content\/uploads\/2020\/04\/limba-de-lemn.jpg?resize=188%2C300&amp;ssl=1 188w, https:\/\/i0.wp.com\/paulmelian.de\/blog\/wp-content\/uploads\/2020\/04\/limba-de-lemn.jpg?resize=643%2C1024&amp;ssl=1 643w, https:\/\/i0.wp.com\/paulmelian.de\/blog\/wp-content\/uploads\/2020\/04\/limba-de-lemn.jpg?resize=768%2C1223&amp;ssl=1 768w, https:\/\/i0.wp.com\/paulmelian.de\/blog\/wp-content\/uploads\/2020\/04\/limba-de-lemn.jpg?w=942&amp;ssl=1 942w\" sizes=\"auto, (max-width: 188px) 100vw, 188px\" \/><\/a><\/p>\n","protected":false},"excerpt":{"rendered":"<p>Ciolacu vorbe\u015fte din nou despre &#8222;Gestionarea pandemiei&#8221;. Se pare c\u0103 are lipsuri grave la capitolul &#8222;Limba rom\u00e2n\u0103&#8221;. \u00cei dorim s\u0103 gestioneze \u00een lini\u015fte pierderile pe care PSD le va avea \u00een continuare, c\u0103 de influen\u0163at nu este \u00een stare. Nici &hellip; <a href=\"https:\/\/paulmelian.de\/blog\/?p=5193\">Continu\u0103 s\u0103 cite\u0219ti <span class=\"meta-nav\">&rarr;<\/span><\/a><\/p>\n","protected":false},"author":1,"featured_media":0,"comment_status":"open","ping_status":"open","sticky":false,"template":"","format":"standard","meta":{"ngg_post_thumbnail":0,"jetpack_post_was_ever_published":false,"_jetpack_newsletter_access":"","_jetpack_dont_email_post_to_subs":false,"_jetpack_newsletter_tier_id":0,"_jetpack_memberships_contains_paywalled_content":false,"_jetpack_memberships_contains_paid_content":false,"footnotes":"","jetpack_publicize_message":"","jetpack_publicize_feature_enabled":true,"jetpack_social_post_already_shared":true,"jetpack_social_options":{"image_generator_settings":{"template":"highway","default_image_id":0,"font":"","enabled":false},"version":2}},"categories":[8,9,6,10,11,14,1,17,19],"tags":[],"class_list":["post-5193","post","type-post","status-publish","format-standard","hentry","category-general","category-internautice","category-borituri","category-invatati-dracului-romaneste","category-management","category-oameni","category-fara-categorie","category-politica","category-romania-in-lume"],"jetpack_publicize_connections":[],"jetpack_featured_media_url":"","jetpack_sharing_enabled":true,"jetpack_shortlink":"https:\/\/wp.me\/p9mZDH-1lL","jetpack_likes_enabled":true,"jetpack-related-posts":[{"id":2466,"url":"https:\/\/paulmelian.de\/blog\/?p=2466","url_meta":{"origin":5193,"position":0},"title":"Mic\u0103 lec\u0163ie de etimologie: autarhie","author":"Mihai","date":"20 decembrie 2017","format":false,"excerpt":"\u00cen limbile francez\u0103 \u015fi german\u0103, etimonul \u201eautarchie\u201c respectiv \u201eAutarkie\u201c a fost preluat la finele secolului XVIII \/ \u00eenceputul secolului XIX din limba greac\u0103, (\u201e\u03b1\u1f50\u03c4\u03ac\u03c1\u03ba\u03b5\u03b9\u03b1\u201c, care provine din \u201e\u03b1\u1f50\u03c4\u03cc\u03c2\u201c \u015fi \u201e\u1f00\u03c1\u03ba\u03b5\u1fd6\u03bd\u201c) sensul originar fiind similar cu cel din limba greac\u0103: \u201efrugalit\u00e9, sobri\u00e9t\u00e9, temp\u00e9rance; ... contentement que l'on re\u00e7oit de son \u00e9tat\u201c,\u2026","rel":"","context":"\u00cen \u201eDeutsche Erinnerungen \/ Amintiri din Germania\u201d","block_context":{"text":"Deutsche Erinnerungen \/ Amintiri din Germania","link":"https:\/\/paulmelian.de\/blog\/?cat=2"},"img":{"alt_text":"","src":"","width":0,"height":0},"classes":[]},{"id":4099,"url":"https:\/\/paulmelian.de\/blog\/?p=4099","url_meta":{"origin":5193,"position":1},"title":"Mo\u015ftenirea lui Van Ghelie?","author":"Mihai","date":"10 decembrie 2019","format":false,"excerpt":"Dac\u0103 a\u0163i ini\u0163ia, lucru foarte pu\u0163in probabil, o afi\u015fare a tuturor post\u0103rilor la categoria \"Lernt endlich eure Muttersprache! \/ \u00cenv\u0103\u0163a\u0163i-v\u0103 dracului limba matern\u0103!\" de pe acest blog, a\u0163i putea constata c\u0103 o mare parte din exemplele referitoare la limba de lemn sunt furnizate de c\u0103tre pagina de \u015ftiri a TVR.\u2026","rel":"","context":"\u00cen \u201eGeneral\u201d","block_context":{"text":"General","link":"https:\/\/paulmelian.de\/blog\/?cat=8"},"img":{"alt_text":"","src":"https:\/\/i0.wp.com\/paulmelian.de\/blog\/wp-content\/uploads\/2019\/12\/limba-de-lemn.jpg?resize=350%2C200","width":350,"height":200},"classes":[]},{"id":6329,"url":"https:\/\/paulmelian.de\/blog\/?p=6329","url_meta":{"origin":5193,"position":2},"title":"Cup\u0103 cu capac. Ciuc\u0103 cu Ciolac","author":"Mihai","date":"28 ianuarie 2023","format":false,"excerpt":"Marcel Ciolacu a fost desemnat recent de PSD, \u00een cadrul unei declara\u0163ii publice de la Br\u0103ila*, drept urma\u015f al lui Nicolae Ciuc\u0103 la postul de premier mori\u015fc\u0103. \u00cen aceast\u0103 nou\u0103 calitate, debuteaz\u0103 fulminant, f\u0103c\u00e2nd afirma\u0163ia: \u00centotdeauna din trecut trebuie s\u0103 \u00eenv\u0103\u0163\u0103m gre\u015felile. Nu \u00eemi doresc s\u0103 fiu prim-ministrul unui guvern\u2026","rel":"","context":"\u00cen \u201eKotzbrocken \/ Bor\u00eeturi\u201d","block_context":{"text":"Kotzbrocken \/ Bor\u00eeturi","link":"https:\/\/paulmelian.de\/blog\/?cat=6"},"img":{"alt_text":"","src":"https:\/\/i0.wp.com\/paulmelian.de\/blog\/wp-content\/uploads\/2023\/01\/OrbuBraila-300x226.jpg?resize=350%2C200&ssl=1","width":350,"height":200},"classes":[]},{"id":60,"url":"https:\/\/paulmelian.de\/blog\/?p=60","url_meta":{"origin":5193,"position":3},"title":"Nuca \u015fi peretele","author":"Mihai","date":"6 martie 2011","format":false,"excerpt":"La aeroportul din Cluj, m\u0103 pune dracu s\u0103-mi cump\u0103r \u201e\u00cenc\u0103 de pe atunci vulpea era v\u00e2n\u0103torul\u201d de Herta M\u00fcller, \u00een versiunea rom\u00e2neasc\u0103. Cartea, ap\u0103rut\u0103 la editura Humanitas \u00een traducerea Norei Iuga, mi-a atras aten\u0163ia fiind considerat\u0103 de c\u0103tre Ernest Wichner ca fiind \u201e probabil cartea cea mai rom\u00e2neasc\u0103 a acestei\u2026","rel":"","context":"\u00cen \u201eGeneral\u201d","block_context":{"text":"General","link":"https:\/\/paulmelian.de\/blog\/?cat=8"},"img":{"alt_text":"","src":"","width":0,"height":0},"classes":[]},{"id":2899,"url":"https:\/\/paulmelian.de\/blog\/?p=2899","url_meta":{"origin":5193,"position":4},"title":"Prioritate &#8222;de st\u00e2nga&#8221;","author":"Mihai","date":"30 august 2018","format":false,"excerpt":"Nu v\u0103 speria\u0163i, nu m\u0103 refer de data asta la PSD cu ai s\u0103i Gabriela Fierea, Lingurel Toader, Vasilica Viorica D\u0103ngropi, Slugu\u0163a Vasilescu, Speran\u0163a Clistiru \u015fi, bine\u00een\u0163eles, \u0162arul din Alexandria. Asta din dou\u0103 motive, de\u015fi unul singur ar fi arhisuficient. \u00cen primul r\u00e2nd, PSD este \u201cde st\u00e2nga\u201d cam la fel\u2026","rel":"","context":"\u00cen \u201eGeneral\u201d","block_context":{"text":"General","link":"https:\/\/paulmelian.de\/blog\/?cat=8"},"img":{"alt_text":"","src":"https:\/\/i0.wp.com\/paulmelian.de\/blog\/wp-content\/uploads\/2018\/08\/giratoriu-300x222.jpg?resize=350%2C200","width":350,"height":200},"classes":[]},{"id":6824,"url":"https:\/\/paulmelian.de\/blog\/?p=6824","url_meta":{"origin":5193,"position":5},"title":"C\u00e2nd b\u00e2lb\u00e2iala se transform\u0103 \u00een c\u00e2c\u00e2ial\u0103","author":"Mihai","date":"22 aprilie 2024","format":false,"excerpt":"Dac\u0103 pe vremuri politica rom\u00e2neasc\u0103 a fost dominat\u0103 de b\u00e2lb\u00e2ial\u0103, \u00een ultima vreme se impune din ce \u00een ce mai mult c\u00e2c\u00e2iala. Ciuc\u0103, Ciolacu, C\u00e2\u0163u, C\u00e2ciu, C\u00e2c\u0103u, C\u00eerstoiu, fi-v-ar numele de r\u00e2s s\u0103 v\u0103 fie. Da nici cu un Bogdan nu mi-e ru\u015fine: \"Dac\u0103 vrem s\u0103 mai func\u0163ioneze Coali\u0163ia, e\u2026","rel":"","context":"\u00cen \u201eGeneral\u201d","block_context":{"text":"General","link":"https:\/\/paulmelian.de\/blog\/?cat=8"},"img":{"alt_text":"","src":"https:\/\/i0.wp.com\/paulmelian.de\/blog\/wp-content\/uploads\/2024\/01\/Haareraufen-300x259.jpg?resize=350%2C200&ssl=1","width":350,"height":200},"classes":[]}],"post_mailing_queue_ids":[],"_links":{"self":[{"href":"https:\/\/paulmelian.de\/blog\/index.php?rest_route=\/wp\/v2\/posts\/5193","targetHints":{"allow":["GET"]}}],"collection":[{"href":"https:\/\/paulmelian.de\/blog\/index.php?rest_route=\/wp\/v2\/posts"}],"about":[{"href":"https:\/\/paulmelian.de\/blog\/index.php?rest_route=\/wp\/v2\/types\/post"}],"author":[{"embeddable":true,"href":"https:\/\/paulmelian.de\/blog\/index.php?rest_route=\/wp\/v2\/users\/1"}],"replies":[{"embeddable":true,"href":"https:\/\/paulmelian.de\/blog\/index.php?rest_route=%2Fwp%2Fv2%2Fcomments&post=5193"}],"version-history":[{"count":4,"href":"https:\/\/paulmelian.de\/blog\/index.php?rest_route=\/wp\/v2\/posts\/5193\/revisions"}],"predecessor-version":[{"id":5198,"href":"https:\/\/paulmelian.de\/blog\/index.php?rest_route=\/wp\/v2\/posts\/5193\/revisions\/5198"}],"wp:attachment":[{"href":"https:\/\/paulmelian.de\/blog\/index.php?rest_route=%2Fwp%2Fv2%2Fmedia&parent=5193"}],"wp:term":[{"taxonomy":"category","embeddable":true,"href":"https:\/\/paulmelian.de\/blog\/index.php?rest_route=%2Fwp%2Fv2%2Fcategories&post=5193"},{"taxonomy":"post_tag","embeddable":true,"href":"https:\/\/paulmelian.de\/blog\/index.php?rest_route=%2Fwp%2Fv2%2Ftags&post=5193"}],"curies":[{"name":"wp","href":"https:\/\/api.w.org\/{rel}","templated":true}]}}