{"id":52,"date":"2010-02-02T21:35:52","date_gmt":"2010-02-02T19:35:52","guid":{"rendered":"http:\/\/paulmelian.de\/blog\/?p=52"},"modified":"2010-02-02T21:35:52","modified_gmt":"2010-02-02T19:35:52","slug":"diletantism","status":"publish","type":"post","link":"https:\/\/paulmelian.de\/blog\/?p=52","title":{"rendered":"Diletantism"},"content":{"rendered":"<p>Dublul meu tiz Neam\u0163u \u0162iganu adreseaz\u0103 \u00een ultimul s\u0103u <a href=\"http:\/\/la-neamtu-tiganu.blogspot.com\/2010\/02\/cum-am-devenit-barbat.html\">articol de pe blog<\/a> un aspect foarte important al vie\u0163ii sociale moderne, \u015fi anume defini\u0163ia \u015fi modul de percep\u0163ie a no\u0163iunii de masculinitate. P\u0103cat \u00eens\u0103, c\u0103 meritul de a aborda un subiect at\u00e2t de actual, este umbrit de maniera ne\u015ftiin\u0163ific\u0103 \u00een care \u00eel trateaz\u0103. Consider c\u0103 o interven\u0163ie energic\u0103 \u00eendreptat\u0103 \u00eempotriva diletantismului manifestat de d-l Neam\u0163u \u0162iganu \u015fi, implicit, \u00een favoarea clarific\u0103rii contextului sociologic aferent, este absolut necesar\u0103.<!--more--><br \/>\n1)\tTerminologie \u015fi  defini\u0163ie<br \/>\nCea mai bun\u0103 dovad\u0103 a diletantismului amintit mai sus const\u0103 \u00een faptul c\u0103 autorul nu cunoa\u015fte, dup\u0103 cum se pare, \u00eensu\u015fi termenul de <a href=\"http:\/\/en.wiktionary.org\/wiki\/masculinity\">masculinitate<\/a>, pe care \u00eel substituie \u00een mod absolut superficial cu locu\u0163iunea greoaie \u201ec\u0103 un b\u0103rbat e b\u0103rbat\u201c. Dup\u0103 cum ne arat\u0103 androsociologia, termenul adecvat pentru masculinitate este \u201emasculinitate\u201c, acesta fiind foarte \u00eendeaproape \u00eenrudit, dar totu\u015fi nu chiar sinonim, cu <a href=\"http:\/\/en.wikipedia.org\/wiki\/Virility\">virilitatea<\/a>.<br \/>\n2)\tMetoda de m\u0103surare \u015fi unit\u0103\u0163ile de m\u0103sur\u0103<br \/>\nMasculinitatea se m\u0103soar\u0103 prin coeficientul de masculinitate MQ, m\u0103rime analog\u0103 coeficientului de inteligen\u0163\u0103 <a href=\"http:\/\/en.wikipedia.org\/wiki\/IQ\">IQ<\/a>. Formula prin care se determin\u0103 acesta este urm\u0103toarea:<br \/>\nMQ= \u03a3x(n)fp(n)<br \/>\nx(n)= m\u0103rime secundar\u0103 n<br \/>\nfp(n)= factorul ponderal n<br \/>\nP\u00e2n\u0103 la ora actual\u0103, androsociologia modern\u0103 convine asupra faptului c\u0103 \u00een formula de mai sus trebuie considerate urm\u0103toarele m\u0103rimi secundare:<br \/>\nx(n=1)\tnum\u0103rul total al copacilor planta\u0163i \u00een decursul vie\u0163ii, fp=0,01.<br \/>\nx(n=2)\tnum\u0103rul total al caselor construite, fp=4,0<br \/>\nx(n=3)\tnum\u0103rul total al copiilor crescu\u0163i, factorul ponderal fiind de 15 (copii proprii) respectiv 10 (copii adopta\u0163i)<br \/>\nx(n=4)\tnum\u0103rul total al proceselor avute, factor ponderal 20 (cet\u0103\u0163enie german\u0103) respectiv 40 (divor\u0163, spionaj, tr\u0103darea patriei comuniste prin refuzul de a se \u00eentoarce \u00een \u0163ar\u0103).<br \/>\nConstat cu satisfac\u0163ie c\u0103 acest calcul duce \u00een cazul meu la un rezultat buni\u015for, mein MQ ating\u00e2nd frumoasa cifr\u0103 de 130. Dup\u0103 cum era de a\u015fteptat, d-l Neam\u0163u \u0162iganu nu se va putea compara cu mine, oric\u00e2\u0163i copii ar avea&#8230;<\/p>\n","protected":false},"excerpt":{"rendered":"<p>Dublul meu tiz Neam\u0163u \u0162iganu adreseaz\u0103 \u00een ultimul s\u0103u articol de pe blog un aspect foarte important al vie\u0163ii sociale moderne, \u015fi anume defini\u0163ia \u015fi modul de percep\u0163ie a no\u0163iunii de masculinitate. P\u0103cat \u00eens\u0103, c\u0103 meritul de a aborda un &hellip; <a href=\"https:\/\/paulmelian.de\/blog\/?p=52\">Continu\u0103 s\u0103 cite\u0219ti <span class=\"meta-nav\">&rarr;<\/span><\/a><\/p>\n","protected":false},"author":1,"featured_media":0,"comment_status":"open","ping_status":"open","sticky":false,"template":"","format":"standard","meta":{"ngg_post_thumbnail":0,"jetpack_post_was_ever_published":false,"_jetpack_newsletter_access":"","_jetpack_dont_email_post_to_subs":false,"_jetpack_newsletter_tier_id":0,"_jetpack_memberships_contains_paywalled_content":false,"_jetpack_memberships_contains_paid_content":false,"footnotes":"","jetpack_publicize_message":"","jetpack_publicize_feature_enabled":true,"jetpack_social_post_already_shared":false,"jetpack_social_options":{"image_generator_settings":{"template":"highway","default_image_id":0,"font":"","enabled":false},"version":2}},"categories":[14],"tags":[],"class_list":["post-52","post","type-post","status-publish","format-standard","hentry","category-oameni"],"jetpack_publicize_connections":[],"jetpack_featured_media_url":"","jetpack_sharing_enabled":true,"jetpack_shortlink":"https:\/\/wp.me\/p9mZDH-Q","jetpack_likes_enabled":true,"jetpack-related-posts":[{"id":5950,"url":"https:\/\/paulmelian.de\/blog\/?p=5950","url_meta":{"origin":52,"position":0},"title":"Ur\u0103","author":"Mihai","date":"24 iunie 2021","format":false,"excerpt":"Mihail Neam\u0163u, (\"scriitor, antreprenor, educator\") ne aduce la cuno\u015ftin\u0163\u0103 urm\u0103toarele: Pentru prima dat\u0103 \u00een via\u0163a mea (\u015fi doar la fotbal) zic: -Hai Ungaria. Se refer\u0103, bine\u00een\u0163eles, la meciul de fotbal de ieri seara de la M\u00fcnchen dintre Ungaria \u015fi Germania, partid\u0103 disputat\u0103 \u015fi pe plan politic prin inten\u0163ia primarului ora\u015fului\u2026","rel":"","context":"\u00cen \u201eDeutsche Erinnerungen \/ Amintiri din Germania\u201d","block_context":{"text":"Deutsche Erinnerungen \/ Amintiri din Germania","link":"https:\/\/paulmelian.de\/blog\/?cat=2"},"img":{"alt_text":"","src":"https:\/\/i0.wp.com\/paulmelian.de\/blog\/wp-content\/uploads\/2021\/06\/Ara-200x300.jpg?resize=350%2C200","width":350,"height":200},"classes":[]},{"id":4860,"url":"https:\/\/paulmelian.de\/blog\/?p=4860","url_meta":{"origin":52,"position":1},"title":"Polizeiliche Effizienz \/ Eficien\u0163\u0103 poli\u0163ieneasc\u0103","author":"Mihai","date":"13 iulie 2020","format":false,"excerpt":"Vier deutsche Polizisten wurden von einem Mann entwaffnet, der von der Polizei selbst wie unten aufgef\u00fchrt beschrieben wird: Bei dem Fl\u00fcchtigen handelt es sich laut Polizei um den 31-j\u00e4hrigen Yves Etienne Rausch. Er lebe ohne festen Wohnsitz im Wald um Oppenau und kenne sich dort gut aus. Rausch gilt als\u2026","rel":"","context":"\u00cen \u201eDeutsche Erinnerungen \/ Amintiri din Germania\u201d","block_context":{"text":"Deutsche Erinnerungen \/ Amintiri din Germania","link":"https:\/\/paulmelian.de\/blog\/?cat=2"},"img":{"alt_text":"","src":"https:\/\/i0.wp.com\/paulmelian.de\/blog\/wp-content\/uploads\/2020\/07\/Fl%C3%BCchtiger-300x169.jpg?resize=350%2C200","width":350,"height":200},"classes":[]},{"id":43,"url":"https:\/\/paulmelian.de\/blog\/?p=43","url_meta":{"origin":52,"position":2},"title":"Potemkinizarea satului rom\u00e2nesc","author":"Mihai","date":"22 ianuarie 2010","format":false,"excerpt":"Se poate s\u0103 nu cunoa\u015fte\u0163i termenul de \u201eSat Potemkin(ian)\u201c, pentru c\u0103, spre deosebire de alte culturi (vezi fr. Village Potemkine, engl. Potemkin Village, germ. potemkinsches Dorf \u015famd.) la noi nu se prea folose\u015fte. Acest fapt are, bine\u00een\u0163eles, o semnifica\u0163ie mai ad\u00e2nc\u0103 : ideea fundamental\u0103 a acestui mit ni se potrive\u015fte\u2026","rel":"","context":"\u00cen \u201eGeneral\u201d","block_context":{"text":"General","link":"https:\/\/paulmelian.de\/blog\/?cat=8"},"img":{"alt_text":"P1000430a","src":"https:\/\/i0.wp.com\/paulmelian.de\/blog\/wp-content\/uploads\/2010\/01\/P1000430a-300x225.jpg?resize=350%2C200","width":350,"height":200},"classes":[]},{"id":3858,"url":"https:\/\/paulmelian.de\/blog\/?p=3858","url_meta":{"origin":52,"position":3},"title":"H\u00e2rburi \u015fi oale sparte","author":"Mihai","date":"14 octombrie 2019","format":false,"excerpt":"Deosebit de interesant este faptul c\u0103 tocmai cei mai intoleran\u0163i reprezentan\u0163i ai \"dreptei\" rom\u00e2ne\u015fti, \u00een frunte cu \u00eencr\u00e2ncenatul Adrian Papahagi, \u00eei acuz\u0103 pe to\u0163i cei care nu sunt de acord cu ei, de intoleran\u0163\u0103. Ei \u00ee\u015fi permit s\u0103 categoriseasc\u0103 orice curent umanist, social, cu adev\u0103rat cre\u015ftin, progresist, liberal, drept \"marxism\".\u2026","rel":"","context":"\u00cen \u201eGeneral\u201d","block_context":{"text":"General","link":"https:\/\/paulmelian.de\/blog\/?cat=8"},"img":{"alt_text":"","src":"https:\/\/i0.wp.com\/paulmelian.de\/blog\/wp-content\/uploads\/2017\/12\/Cap-de-lemn-225x300.jpg?resize=350%2C200","width":350,"height":200},"classes":[]},{"id":3707,"url":"https:\/\/paulmelian.de\/blog\/?p=3707","url_meta":{"origin":52,"position":4},"title":"Capriole","author":"Mihai","date":"26 august 2019","format":false,"excerpt":"Traian B\u0103sescu, Pre\u015fedintele de Onoare al PMP, l-a propus pe Theodor(Toader!) Paleologu drept candidat al PMP la alegerile preziden\u0163iale \u015fi pe Mihail Neam\u0163u ca purt\u0103tor de cuv\u00e2nt al partidului. Acestuia din urm\u0103 \u00eei recomand\u0103 p\u0103rinte\u015fte: [ ]Neam\u021bu extrem de impetuos, va trebui s\u0103 se pondereze c\u0103 nu trebuie s\u0103 omoare\u2026","rel":"","context":"\u00cen \u201eGeneral\u201d","block_context":{"text":"General","link":"https:\/\/paulmelian.de\/blog\/?cat=8"},"img":{"alt_text":"","src":"https:\/\/i0.wp.com\/paulmelian.de\/blog\/wp-content\/uploads\/2019\/08\/Neamtu-ucigas-300x198.jpg?resize=350%2C200","width":350,"height":200},"classes":[]},{"id":2652,"url":"https:\/\/paulmelian.de\/blog\/?p=2652","url_meta":{"origin":52,"position":5},"title":"Natura femeii explicat\u0103 pe \u00een\u0163elesul unui b\u0103rbat","author":"Mihai","date":"27 ianuarie 2018","format":false,"excerpt":"De cur\u00e2nd, am fost din nou for\u0163at s\u0103 reflectez asupra misoginiei, a imaginii femeii \u00een societate \u015fi a situa\u0163iei \u00een care se afl\u0103 emanciparea femeii la noi \u00een \u0163ar\u0103, printr-o imagine g\u0103sit\u0103 pe site-ul \u015ei noi suntem familie. Aceast\u0103 imagine mi-a trezit amintirea unei c\u0103r\u0163i \u00een limba german\u0103 pe care\u2026","rel":"","context":"\u00cen \u201eAntifeminismus \/ Antifeminism\u201d","block_context":{"text":"Antifeminismus \/ Antifeminism","link":"https:\/\/paulmelian.de\/blog\/?cat=4"},"img":{"alt_text":"","src":"https:\/\/i0.wp.com\/paulmelian.de\/blog\/wp-content\/uploads\/2018\/01\/Bastovoi-Goltz-300x225.jpg?resize=350%2C200","width":350,"height":200},"classes":[]}],"post_mailing_queue_ids":[],"_links":{"self":[{"href":"https:\/\/paulmelian.de\/blog\/index.php?rest_route=\/wp\/v2\/posts\/52","targetHints":{"allow":["GET"]}}],"collection":[{"href":"https:\/\/paulmelian.de\/blog\/index.php?rest_route=\/wp\/v2\/posts"}],"about":[{"href":"https:\/\/paulmelian.de\/blog\/index.php?rest_route=\/wp\/v2\/types\/post"}],"author":[{"embeddable":true,"href":"https:\/\/paulmelian.de\/blog\/index.php?rest_route=\/wp\/v2\/users\/1"}],"replies":[{"embeddable":true,"href":"https:\/\/paulmelian.de\/blog\/index.php?rest_route=%2Fwp%2Fv2%2Fcomments&post=52"}],"version-history":[{"count":0,"href":"https:\/\/paulmelian.de\/blog\/index.php?rest_route=\/wp\/v2\/posts\/52\/revisions"}],"wp:attachment":[{"href":"https:\/\/paulmelian.de\/blog\/index.php?rest_route=%2Fwp%2Fv2%2Fmedia&parent=52"}],"wp:term":[{"taxonomy":"category","embeddable":true,"href":"https:\/\/paulmelian.de\/blog\/index.php?rest_route=%2Fwp%2Fv2%2Fcategories&post=52"},{"taxonomy":"post_tag","embeddable":true,"href":"https:\/\/paulmelian.de\/blog\/index.php?rest_route=%2Fwp%2Fv2%2Ftags&post=52"}],"curies":[{"name":"wp","href":"https:\/\/api.w.org\/{rel}","templated":true}]}}