{"id":53,"date":"2010-02-03T13:22:43","date_gmt":"2010-02-03T11:22:43","guid":{"rendered":"http:\/\/paulmelian.de\/blog\/?p=53"},"modified":"2010-02-03T13:22:43","modified_gmt":"2010-02-03T11:22:43","slug":"gandurile-trandave-ale-unui-pierde-tara-2","status":"publish","type":"post","link":"https:\/\/paulmelian.de\/blog\/?p=53","title":{"rendered":"G\u00e2ndurile tr\u00e2ndave ale unui pierde-\u0163ar\u0103 (2)"},"content":{"rendered":"<p><strong>Vecin\u0103tate nedorit\u0103<\/strong><br \/>\nCeea ce, la o prim\u0103 \u015fi fugitiv\u0103 privire prin fereastra unui avion, undeva deasupra Austriei, pare s\u0103 fie un loc de parcare, se dovede\u015fte la o cercetare mai atent\u0103 a fi cimitir. Aceast\u0103 asem\u0103nare are pentru unii oameni un sens mai ad\u00e2nc. Dup\u0103 ce le-a venit sorocul, a\u015fteapt\u0103 cu r\u0103bdare, alinia\u0163i r\u00e2nduri-r\u00e2nduri, s\u0103 fie din nou trezi\u0163i la via\u0163\u0103 \u015fi pu\u015fi \u00een mi\u015fcare de o fiin\u0163\u0103 divin\u0103.<br \/>\nEu vreu s\u0103 fiu incinerat&#8230;<\/p>\n","protected":false},"excerpt":{"rendered":"<p>Vecin\u0103tate nedorit\u0103 Ceea ce, la o prim\u0103 \u015fi fugitiv\u0103 privire prin fereastra unui avion, undeva deasupra Austriei, pare s\u0103 fie un loc de parcare, se dovede\u015fte la o cercetare mai atent\u0103 a fi cimitir. Aceast\u0103 asem\u0103nare are pentru unii oameni &hellip; <a href=\"https:\/\/paulmelian.de\/blog\/?p=53\">Continu\u0103 s\u0103 cite\u0219ti <span class=\"meta-nav\">&rarr;<\/span><\/a><\/p>\n","protected":false},"author":2,"featured_media":0,"comment_status":"open","ping_status":"open","sticky":false,"template":"","format":"standard","meta":{"ngg_post_thumbnail":0,"jetpack_post_was_ever_published":false,"_jetpack_newsletter_access":"","_jetpack_dont_email_post_to_subs":false,"_jetpack_newsletter_tier_id":0,"_jetpack_memberships_contains_paywalled_content":false,"_jetpack_memberships_contains_paid_content":false,"footnotes":"","jetpack_publicize_message":"","jetpack_publicize_feature_enabled":true,"jetpack_social_post_already_shared":false,"jetpack_social_options":{"image_generator_settings":{"template":"highway","default_image_id":0,"font":"","enabled":false},"version":2}},"categories":[8,16],"tags":[],"class_list":["post-53","post","type-post","status-publish","format-standard","hentry","category-general","category-platitudini"],"jetpack_publicize_connections":[],"jetpack_featured_media_url":"","jetpack_sharing_enabled":true,"jetpack_shortlink":"https:\/\/wp.me\/p9mZDH-R","jetpack_likes_enabled":true,"jetpack-related-posts":[{"id":200,"url":"https:\/\/paulmelian.de\/blog\/?p=200","url_meta":{"origin":53,"position":0},"title":"Dreapta \u015fi Drep\u0163ii ei","author":"Mihai","date":"13 aprilie 2014","format":false,"excerpt":"For\u0163ele de dreapta din Rom\u00e2nia parc\u0103 se iau la \u00eentrecere \u00eentr-o campanie de autodistrugere f\u0103r\u0103 precedent. 1. Un partid care se consider\u0103 de dreapta, PNL, \u00ee\u015fi tr\u0103deaz\u0103 \u00een repetate r\u00e2nduri partenerul de guvernare sau aliatul firesc, merg\u00e2nd chiar at\u00e2t de departe \u00eenc\u00e2t se aliaz\u0103 cu cea mai reac\u0163ionar\u0103 grupare din\u2026","rel":"","context":"\u00cen \u201eGeneral\u201d","block_context":{"text":"General","link":"https:\/\/paulmelian.de\/blog\/?cat=8"},"img":{"alt_text":"","src":"","width":0,"height":0},"classes":[]},{"id":1963,"url":"https:\/\/paulmelian.de\/blog\/?p=1963","url_meta":{"origin":53,"position":1},"title":"O, tempora&#8230;","author":"Mihai","date":"21 martie 2017","format":false,"excerpt":"\u00cenc\u0103 o mare distinc\u0163ie pentru d-na Nora Iuga: Pre\u015fedintele Klaus Iohannis a decorat-o ca pe o mare poet\u0103. Asta chiar c\u0103 nu \u015ftiam. Nora Iuga poet\u0103? Eu o \u015ftiam doar traduc\u0103toare (execrabil\u0103) din german\u0103 \u015fi prozatoare penibil\u0103. Drept ce se consider\u0103 domnia sa \u00eens\u0103\u015fi afl\u0103m din propria declara\u0163ie: \u201c[ ]\u00cen\u2026","rel":"","context":"\u00cen \u201eAntifeminismus \/ Antifeminism\u201d","block_context":{"text":"Antifeminismus \/ Antifeminism","link":"https:\/\/paulmelian.de\/blog\/?cat=4"},"img":{"alt_text":"","src":"","width":0,"height":0},"classes":[]},{"id":1511,"url":"https:\/\/paulmelian.de\/blog\/?p=1511","url_meta":{"origin":53,"position":2},"title":"\u00centrebare \u015fi r\u0103spuns","author":"Mihai","date":"11 septembrie 2016","format":false,"excerpt":"Prin intermediul \u00ceLD am ajuns la un articol din Dilema Veche. Citez de aici pasajul urm\u0103tor: [ ]\u00cen ziua \u00een care coali\u0163ia anti-ISIS a anun\u0163at uciderea unui important lider al organiza\u0163iei, The New York Times a publicat un articol \u00een care se citau p\u0103rerile unor universitari respectabili, to\u0163i spun\u00eend acela\u015fi\u2026","rel":"","context":"\u00cen \u201eGeneral\u201d","block_context":{"text":"General","link":"https:\/\/paulmelian.de\/blog\/?cat=8"},"img":{"alt_text":"","src":"","width":0,"height":0},"classes":[]},{"id":2815,"url":"https:\/\/paulmelian.de\/blog\/?p=2815","url_meta":{"origin":53,"position":3},"title":"Recuperarea \u00een pas alert a retardului istoric","author":"Mihai","date":"26 martie 2018","format":false,"excerpt":"De ce este Rom\u00e2nia altfel? Nu este! Suntem exact ca Occidentul fiindc\u0103 de 150 de ani suntem occident. Avem doar un retard istoric pe care \u00eel recuper\u0103m \u00een pas alert. Adrian Papahagi \u00a0 Mirel, unul dintre be\u0163ivii satului, mergea cu pa\u015fi t\u00e2r\u015fi\u0163i de-a lungul drumului, cu picioarele dep\u0103rtate, abia \u0163in\u00e2ndu-\u015fi\u2026","rel":"","context":"\u00cen \u201eKotzbrocken \/ Bor\u00eeturi\u201d","block_context":{"text":"Kotzbrocken \/ Bor\u00eeturi","link":"https:\/\/paulmelian.de\/blog\/?cat=6"},"img":{"alt_text":"","src":"https:\/\/i0.wp.com\/paulmelian.de\/blog\/wp-content\/uploads\/2018\/03\/bicaseu-300x264.jpg?resize=350%2C200","width":350,"height":200},"classes":[]},{"id":199,"url":"https:\/\/paulmelian.de\/blog\/?p=199","url_meta":{"origin":53,"position":4},"title":"Capra, varza, h\u00e2rbul \u015fi oala spart\u0103","author":"Mihai","date":"9 aprilie 2014","format":false,"excerpt":"O \u00eencercare pios-profanatoare a d-lui Fumurescu pe platforma contributors.ro de a-i \u00eemp\u0103ca pe Vladimir Tism\u0103neanu \u015fi Dorin Tudoran cu ocazia mor\u0163ii poetului Andrei Bodiu \u00eemi apare cu totul inoportun\u0103, deoarece pe aceea\u015fi platform\u0103 r\u0103fuiala primului T cu cel din urm\u0103 tocmai atinsese, cu ajutorul involuntar al d-lui Iulian Capsali, un\u2026","rel":"","context":"\u00cen \u201eGeneral\u201d","block_context":{"text":"General","link":"https:\/\/paulmelian.de\/blog\/?cat=8"},"img":{"alt_text":"","src":"","width":0,"height":0},"classes":[]},{"id":4698,"url":"https:\/\/paulmelian.de\/blog\/?p=4698","url_meta":{"origin":53,"position":5},"title":"Chestii canine (2)","author":"Mihai","date":"20 mai 2020","format":false,"excerpt":"Dac\u0103 tot am \u00eenceput s\u0103 scriu aici despre c\u00e2ini, am mai dezgropat o poveste despre o \u00eent\u00e2mplare adev\u0103rat\u0103 cu Ricky \u015fi Susi, petrecut\u0103 \u00een urm\u0103 cu vreo 15 ani pe terenul unei asocia\u0163ii de sport canin din Germania. (Cei care trag eventual concluzia c\u0103 \"problema rasial\u0103\" este mai grav\u0103 \u00een\u2026","rel":"","context":"\u00cen \u201eDeutsche Erinnerungen \/ Amintiri din Germania\u201d","block_context":{"text":"Deutsche Erinnerungen \/ Amintiri din Germania","link":"https:\/\/paulmelian.de\/blog\/?cat=2"},"img":{"alt_text":"","src":"https:\/\/i0.wp.com\/paulmelian.de\/blog\/wp-content\/uploads\/2020\/05\/beagle-3877115__340-300x206.jpg?resize=350%2C200","width":350,"height":200},"classes":[]}],"post_mailing_queue_ids":[],"_links":{"self":[{"href":"https:\/\/paulmelian.de\/blog\/index.php?rest_route=\/wp\/v2\/posts\/53","targetHints":{"allow":["GET"]}}],"collection":[{"href":"https:\/\/paulmelian.de\/blog\/index.php?rest_route=\/wp\/v2\/posts"}],"about":[{"href":"https:\/\/paulmelian.de\/blog\/index.php?rest_route=\/wp\/v2\/types\/post"}],"author":[{"embeddable":true,"href":"https:\/\/paulmelian.de\/blog\/index.php?rest_route=\/wp\/v2\/users\/2"}],"replies":[{"embeddable":true,"href":"https:\/\/paulmelian.de\/blog\/index.php?rest_route=%2Fwp%2Fv2%2Fcomments&post=53"}],"version-history":[{"count":0,"href":"https:\/\/paulmelian.de\/blog\/index.php?rest_route=\/wp\/v2\/posts\/53\/revisions"}],"wp:attachment":[{"href":"https:\/\/paulmelian.de\/blog\/index.php?rest_route=%2Fwp%2Fv2%2Fmedia&parent=53"}],"wp:term":[{"taxonomy":"category","embeddable":true,"href":"https:\/\/paulmelian.de\/blog\/index.php?rest_route=%2Fwp%2Fv2%2Fcategories&post=53"},{"taxonomy":"post_tag","embeddable":true,"href":"https:\/\/paulmelian.de\/blog\/index.php?rest_route=%2Fwp%2Fv2%2Ftags&post=53"}],"curies":[{"name":"wp","href":"https:\/\/api.w.org\/{rel}","templated":true}]}}