{"id":5342,"date":"2020-11-09T16:37:08","date_gmt":"2020-11-09T14:37:08","guid":{"rendered":"http:\/\/paulmelian.de\/blog\/?p=5342"},"modified":"2020-11-09T19:43:29","modified_gmt":"2020-11-09T17:43:29","slug":"sic-transit","status":"publish","type":"post","link":"https:\/\/paulmelian.de\/blog\/?p=5342","title":{"rendered":"Sic transit&#8230;"},"content":{"rendered":"<p>Es <a href=\"https:\/\/www.tagesschau.de\/ausland\/uswahl2020\/usa-trump-new-york-101.html\">laufen<\/a> gegen den (noch) amtierenden US Pr\u00e4sidenten Donald Trump 30 Strafverfahren (sexueller Mi\u00dfbrauch, Betrug, Steuerhinterziehung). Wenn seine Immunit\u00e4t ihn nicht mehr sch\u00fctzen wird, dann wird es richtig brenzlig. Ob er auch im Knast landet? Hat Dragnea eine gl\u00fcckliche Hand gehabt?<\/p>\n<p style=\"text-align: center;\">===<\/p>\n<p>\u00cempotriva pre\u015fedintelui american Donald Trump <a href=\"https:\/\/www.tagesschau.de\/ausland\/uswahl2020\/usa-trump-new-york-101.html\">sunt \u00een curs<\/a> 30 de ac\u0163iuni judiciare (abuz sexual, escrocherie, evaziune fiscal\u0103). \u00cen momentul \u00een care imunitatea nu-l va mai ap\u0103ra, gluma se \u00eengroa\u015f\u0103 de-a binelea. O s\u0103 ajung\u0103 \u015fi el la pu\u015fc\u0103rie? O fi avut Dragnea m\u00e2n\u0103 bun\u0103?<\/p>\n<div id=\"attachment_5345\" style=\"width: 310px\" class=\"wp-caption aligncenter\"><a href=\"https:\/\/i0.wp.com\/paulmelian.de\/blog\/wp-content\/uploads\/2020\/11\/Dragnea-Trump.jpg\"><img data-recalc-dims=\"1\" loading=\"lazy\" decoding=\"async\" aria-describedby=\"caption-attachment-5345\" data-attachment-id=\"5345\" data-permalink=\"https:\/\/paulmelian.de\/blog\/?attachment_id=5345\" data-orig-file=\"https:\/\/i0.wp.com\/paulmelian.de\/blog\/wp-content\/uploads\/2020\/11\/Dragnea-Trump.jpg?fit=770%2C577&amp;ssl=1\" data-orig-size=\"770,577\" data-comments-opened=\"1\" data-image-meta=\"{&quot;aperture&quot;:&quot;0&quot;,&quot;credit&quot;:&quot;&quot;,&quot;camera&quot;:&quot;&quot;,&quot;caption&quot;:&quot;&quot;,&quot;created_timestamp&quot;:&quot;0&quot;,&quot;copyright&quot;:&quot;&quot;,&quot;focal_length&quot;:&quot;0&quot;,&quot;iso&quot;:&quot;0&quot;,&quot;shutter_speed&quot;:&quot;0&quot;,&quot;title&quot;:&quot;&quot;,&quot;orientation&quot;:&quot;0&quot;}\" data-image-title=\"Dragnea Trump\" data-image-description=\"\" data-image-caption=\"&lt;p&gt;Ich werde Ihnen \u00fcber meine Erfahrung aus dem Knast berichten, Herr Pr\u00e4sident&lt;\/p&gt;\n\" data-large-file=\"https:\/\/i0.wp.com\/paulmelian.de\/blog\/wp-content\/uploads\/2020\/11\/Dragnea-Trump.jpg?fit=640%2C480&amp;ssl=1\" class=\"wp-image-5345 size-medium\" src=\"https:\/\/i0.wp.com\/paulmelian.de\/blog\/wp-content\/uploads\/2020\/11\/Dragnea-Trump-300x225.jpg?resize=300%2C225\" alt=\"\" width=\"300\" height=\"225\" srcset=\"https:\/\/i0.wp.com\/paulmelian.de\/blog\/wp-content\/uploads\/2020\/11\/Dragnea-Trump.jpg?resize=300%2C225&amp;ssl=1 300w, https:\/\/i0.wp.com\/paulmelian.de\/blog\/wp-content\/uploads\/2020\/11\/Dragnea-Trump.jpg?resize=768%2C576&amp;ssl=1 768w, https:\/\/i0.wp.com\/paulmelian.de\/blog\/wp-content\/uploads\/2020\/11\/Dragnea-Trump.jpg?w=770&amp;ssl=1 770w\" sizes=\"auto, (max-width: 300px) 100vw, 300px\" \/><\/a><p id=\"caption-attachment-5345\" class=\"wp-caption-text\">Ich werde Ihnen bald \u00fcber meine Erfahrung aus dem Knast berichten, Herr Pr\u00e4sident.<\/p><\/div>\n<p>&nbsp;<\/p>\n","protected":false},"excerpt":{"rendered":"<p>Es laufen gegen den (noch) amtierenden US Pr\u00e4sidenten Donald Trump 30 Strafverfahren (sexueller Mi\u00dfbrauch, Betrug, Steuerhinterziehung). Wenn seine Immunit\u00e4t ihn nicht mehr sch\u00fctzen wird, dann wird es richtig brenzlig. Ob er auch im Knast landet? Hat Dragnea eine gl\u00fcckliche Hand &hellip; <a href=\"https:\/\/paulmelian.de\/blog\/?p=5342\">Continu\u0103 s\u0103 cite\u0219ti <span class=\"meta-nav\">&rarr;<\/span><\/a><\/p>\n","protected":false},"author":1,"featured_media":0,"comment_status":"open","ping_status":"open","sticky":false,"template":"","format":"standard","meta":{"ngg_post_thumbnail":0,"jetpack_post_was_ever_published":false,"_jetpack_newsletter_access":"","_jetpack_dont_email_post_to_subs":false,"_jetpack_newsletter_tier_id":0,"_jetpack_memberships_contains_paywalled_content":false,"_jetpack_memberships_contains_paid_content":false,"footnotes":"","jetpack_publicize_message":"","jetpack_publicize_feature_enabled":true,"jetpack_social_post_already_shared":true,"jetpack_social_options":{"image_generator_settings":{"template":"highway","default_image_id":0,"font":"","enabled":false},"version":2}},"categories":[9,6,14,1,19],"tags":[],"class_list":["post-5342","post","type-post","status-publish","format-standard","hentry","category-internautice","category-borituri","category-oameni","category-fara-categorie","category-romania-in-lume"],"jetpack_publicize_connections":[],"jetpack_featured_media_url":"","jetpack_sharing_enabled":true,"jetpack_shortlink":"https:\/\/wp.me\/p9mZDH-1oa","jetpack_likes_enabled":true,"jetpack-related-posts":[{"id":4284,"url":"https:\/\/paulmelian.de\/blog\/?p=4284","url_meta":{"origin":5342,"position":0},"title":"Dragnea versucht (erneut) der Verurteilung zu entgehen \/  Dragnea contest\u0103 (din nou) condamnarea","author":"Mihai","date":"30 ianuarie 2020","format":false,"excerpt":"Fast k\u00f6nnte man sich freuen, wenn Liviu Dragnea aus dem Gef\u00e4ngnis rausk\u00e4me. Ich glaube, die Strafe, die er erf\u00fchre, indem er feststellte, dass alle PSD Haie ihn haben fallen lassen wie eine heisse Kartoffel, nahezu ausreichend w\u00e4re... === Mai c\u0103 \u0163i-ar veni s\u0103 te bucuri dac\u0103 Liviu Dragnea ar fi\u2026","rel":"","context":"\u00cen \u201eGeneral\u201d","block_context":{"text":"General","link":"https:\/\/paulmelian.de\/blog\/?cat=8"},"img":{"alt_text":"","src":"https:\/\/i0.wp.com\/paulmelian.de\/blog\/wp-content\/uploads\/2019\/05\/dragnea-catuse-300x192.jpeg?resize=350%2C200","width":350,"height":200},"classes":[]},{"id":1908,"url":"https:\/\/paulmelian.de\/blog\/?p=1908","url_meta":{"origin":5342,"position":1},"title":"PSD, Partidul Sociopatului Dragnea","author":"Mihai","date":"1 februarie 2017","format":false,"excerpt":"Avem acum dovada: Dragnea a luat-o razna. \u00cen momentul \u00een care partidul pe care \u00eel conduci are o majoritatea at\u00e2t de comfortabil\u0103 ca PSD, a for\u0163a nota \u00een felul \u00een care Dragnea sile\u015fte guvernul actual s\u0103 o fac\u0103, periclit\u00e2nd chiar \u015fi acceptan\u0163a acestui partid \u00een r\u00e2ndul electoratului, nu poate fi\u2026","rel":"","context":"\u00cen \u201eGeneral\u201d","block_context":{"text":"General","link":"https:\/\/paulmelian.de\/blog\/?cat=8"},"img":{"alt_text":"","src":"https:\/\/i0.wp.com\/paulmelian.de\/blog\/wp-content\/uploads\/2017\/02\/PSD2.jpg?resize=350%2C200","width":350,"height":200,"srcset":"https:\/\/i0.wp.com\/paulmelian.de\/blog\/wp-content\/uploads\/2017\/02\/PSD2.jpg?resize=350%2C200 1x, https:\/\/i0.wp.com\/paulmelian.de\/blog\/wp-content\/uploads\/2017\/02\/PSD2.jpg?resize=525%2C300 1.5x"},"classes":[]},{"id":3010,"url":"https:\/\/paulmelian.de\/blog\/?p=3010","url_meta":{"origin":5342,"position":2},"title":"Legum\u0103 politic\u0103","author":"Mihai","date":"11 octombrie 2018","format":false,"excerpt":"C\u00e2nd cineva, care s-a blamat la s\u00e2nge, a\u015fa cum a f\u0103cut-o Crin Antonescu, \u00eencearc\u0103 s\u0103 revin\u0103 pe scena politic\u0103, putem vorbi de o piele deosebit de groas\u0103. Dar faptul c\u0103-l curteaz\u0103 pe Dragnea denot\u0103 \u015fi o prostie f\u0103r\u0103 margini. Chiar dac\u0103 acesta va supravie\u0163ui, din punct de vedere politic, atacului\u2026","rel":"","context":"\u00cen \u201eGeneral\u201d","block_context":{"text":"General","link":"https:\/\/paulmelian.de\/blog\/?cat=8"},"img":{"alt_text":"","src":"https:\/\/i0.wp.com\/paulmelian.de\/blog\/wp-content\/uploads\/2018\/10\/Crin-Antonescu-Ponta.jpg?resize=350%2C200","width":350,"height":200},"classes":[]},{"id":2777,"url":"https:\/\/paulmelian.de\/blog\/?p=2777","url_meta":{"origin":5342,"position":3},"title":"Paralele","author":"Mihai","date":"10 martie 2018","format":false,"excerpt":"\u00cen 1943, \u00eentr-o perioad\u0103 c\u00e2nd devenise foarte clar c\u0103 Germania va pierde r\u0103zboiul, propagandistul \u015fef al nazi\u015ftilor, Josef Goebbels, pune participan\u0163ilor la o adunare \u00eentrebarea retoric\u0103 \"Wollt ihr den totalen Krieg?\" (\"Vre\u0163i r\u0103zboiul total?\") Entuziasm general, aplauze \u015fi un unanim \"Ja\", oile se arunc\u0103 doar cu \u00eenc\u00e2ntare \u00een pr\u0103pastie! Iar\u2026","rel":"","context":"\u00cen \u201eDeutsche Erinnerungen \/ Amintiri din Germania\u201d","block_context":{"text":"Deutsche Erinnerungen \/ Amintiri din Germania","link":"https:\/\/paulmelian.de\/blog\/?cat=2"},"img":{"alt_text":"","src":"","width":0,"height":0},"classes":[]},{"id":225,"url":"https:\/\/paulmelian.de\/blog\/?p=225","url_meta":{"origin":5342,"position":4},"title":"Ponta \u015fi Dragnea, transsexuali?","author":"Mihai","date":"30 august 2014","format":false,"excerpt":"Se pare c\u0103 cei doi lideri PSD nu prea se simt bine \u00een corpurile lor de b\u0103rba\u0163isex masculin \u015fi se preg\u0103tesc de opera\u0163ii \u015fi tratament de schimbare a sexului. Altfel nu pot s\u0103-mi explic apelul lor la aleg\u0103tori ca ace\u015ftia s\u0103 urmeze forma de adresare din Teleorman \"F\u0103 Ponta\" \u015fi\u2026","rel":"","context":"\u00cen \u201eGeneral\u201d","block_context":{"text":"General","link":"https:\/\/paulmelian.de\/blog\/?cat=8"},"img":{"alt_text":"","src":"","width":0,"height":0},"classes":[]},{"id":3652,"url":"https:\/\/paulmelian.de\/blog\/?p=3652","url_meta":{"origin":5342,"position":5},"title":"Schade! \/ P\u0103cat!","author":"Mihai","date":"9 august 2019","format":false,"excerpt":"Liviu Dragnea hat aus dem Knast versucht, gegen die neue PSD F\u00fchrung rechtliche Mittel einzusetzen. Sein Widerspruch, der u.A. sogar die Aufl\u00f6sung von PSD Teleorman oder gar der ganzen Partei anvisierte, ist leider zur\u00fcckgewiesen worden... === Liviu Dragnea a \u00eencercat din pu\u015fc\u0103rie s\u0103 atace \u00een instan\u0163\u0103 noua conducere a PSD.\u2026","rel":"","context":"\u00cen \u201eGeneral\u201d","block_context":{"text":"General","link":"https:\/\/paulmelian.de\/blog\/?cat=8"},"img":{"alt_text":"","src":"https:\/\/i0.wp.com\/paulmelian.de\/blog\/wp-content\/uploads\/2019\/08\/dragnea-generic_stresat_dupa_gratii-300x192.jpg?resize=350%2C200","width":350,"height":200},"classes":[]}],"post_mailing_queue_ids":[],"_links":{"self":[{"href":"https:\/\/paulmelian.de\/blog\/index.php?rest_route=\/wp\/v2\/posts\/5342","targetHints":{"allow":["GET"]}}],"collection":[{"href":"https:\/\/paulmelian.de\/blog\/index.php?rest_route=\/wp\/v2\/posts"}],"about":[{"href":"https:\/\/paulmelian.de\/blog\/index.php?rest_route=\/wp\/v2\/types\/post"}],"author":[{"embeddable":true,"href":"https:\/\/paulmelian.de\/blog\/index.php?rest_route=\/wp\/v2\/users\/1"}],"replies":[{"embeddable":true,"href":"https:\/\/paulmelian.de\/blog\/index.php?rest_route=%2Fwp%2Fv2%2Fcomments&post=5342"}],"version-history":[{"count":4,"href":"https:\/\/paulmelian.de\/blog\/index.php?rest_route=\/wp\/v2\/posts\/5342\/revisions"}],"predecessor-version":[{"id":5347,"href":"https:\/\/paulmelian.de\/blog\/index.php?rest_route=\/wp\/v2\/posts\/5342\/revisions\/5347"}],"wp:attachment":[{"href":"https:\/\/paulmelian.de\/blog\/index.php?rest_route=%2Fwp%2Fv2%2Fmedia&parent=5342"}],"wp:term":[{"taxonomy":"category","embeddable":true,"href":"https:\/\/paulmelian.de\/blog\/index.php?rest_route=%2Fwp%2Fv2%2Fcategories&post=5342"},{"taxonomy":"post_tag","embeddable":true,"href":"https:\/\/paulmelian.de\/blog\/index.php?rest_route=%2Fwp%2Fv2%2Ftags&post=5342"}],"curies":[{"name":"wp","href":"https:\/\/api.w.org\/{rel}","templated":true}]}}