{"id":5469,"date":"2020-11-29T07:41:04","date_gmt":"2020-11-29T05:41:04","guid":{"rendered":"http:\/\/paulmelian.de\/blog\/?p=5469"},"modified":"2020-11-29T07:54:12","modified_gmt":"2020-11-29T05:54:12","slug":"ominose-beschaftigung-preocupare-sinistra","status":"publish","type":"post","link":"https:\/\/paulmelian.de\/blog\/?p=5469","title":{"rendered":"Omin\u00f6se Besch\u00e4ftigung \/ Preocupare sinistr\u0103"},"content":{"rendered":"<p>Auf die Schnelle noch die Vollstreckung einiger Todesstrafen verbuchen und die Einf\u00fchrung von mehr Hinrichtungsmethoden auf Bundesebene <a href=\"https:\/\/www.tagesschau.de\/ausland\/usa-todesstrafe-hinrichtungsmethoden-101.html\">erzwingen<\/a>, das sind f\u00fcr Donald Trump, vor seinem Verschwinden aus dem Wei\u00dfen Haus, Priorit\u00e4ten ersten Ranges.<br \/>\nEs wird jedoch gemunkelt, dass sein Team, bestehend aus den bekannt f\u00e4higen Anw\u00e4lten unter der Leitung von Rudy Giuliani, dem noch amtierenden Pr\u00e4sidenten davon abgeraten hat, Methoden wie Verbrennen auf dem Scheiterhaufen, Pf\u00e4hlen, R\u00e4dern und Steinigen in Betracht zu ziehen: die Zeit w\u00e4re zu kurz, um die notwendigen Vorbereitungen treffen zu k\u00f6nnen. Donald Trump muss sich also mit dem elektrischen Stuhl, Vergasen und Erschie\u00dfen in Erg\u00e4nzung zur Giftspritze begn\u00fcgen.<br \/>\n&nbsp;<\/p>\n<p style=\"text-align: center;\">===<\/p>\n<p>&nbsp;<br \/>\nAplicarea la repezeal\u0103 a \u00eenc\u0103 c\u00e2torva pedepse cu moartea \u015fi <a href=\"https:\/\/www.tagesschau.de\/ausland\/usa-todesstrafe-hinrichtungsmethoden-101.html\">introducerea<\/a> unor metode alternative de execu\u0163ie la nivel federal, acestea sunt pentru Donald Trump, \u00eenainte de dispari\u0163ia sa din Casa Alb\u0103, priorit\u0103\u0163i de prim rang.<br \/>\nSe zvone\u015fte totu\u015fi, c\u0103 echipa sa, care const\u0103 din avoca\u0163ii conoscu\u0163i ca deosebit de capabili sub conducerea lui Rudy Giuliani, i-a recomandat Pre\u015fedintelui \u00eenc\u0103 \u00een sarcin\u0103 s\u0103 renun\u0163e la metode cum ar fi arderea pe rug, trasul \u00een \u0163eap\u0103 sau pe roat\u0103 sau uciderea cu pietre: timpul este prea scurt pentru a permite prg\u0103tirile necesare. Donald Trump trebuie deci s\u0103 se mul\u0163umeasc\u0103, pe l\u00e2ng\u0103 injec\u0163ia letal\u0103, cu scaunul electric, gazarea \u015fi plutonul de execu\u0163ie.<\/p>\n<p><a href=\"https:\/\/i0.wp.com\/paulmelian.de\/blog\/wp-content\/uploads\/2020\/11\/r%C3%A4dern.jpg\"><img data-recalc-dims=\"1\" loading=\"lazy\" decoding=\"async\" data-attachment-id=\"5485\" data-permalink=\"https:\/\/paulmelian.de\/blog\/?attachment_id=5485\" data-orig-file=\"https:\/\/i0.wp.com\/paulmelian.de\/blog\/wp-content\/uploads\/2020\/11\/r%C3%A4dern.jpg?fit=1000%2C680&amp;ssl=1\" data-orig-size=\"1000,680\" data-comments-opened=\"1\" data-image-meta=\"{&quot;aperture&quot;:&quot;0&quot;,&quot;credit&quot;:&quot;&quot;,&quot;camera&quot;:&quot;&quot;,&quot;caption&quot;:&quot;&quot;,&quot;created_timestamp&quot;:&quot;0&quot;,&quot;copyright&quot;:&quot;&quot;,&quot;focal_length&quot;:&quot;0&quot;,&quot;iso&quot;:&quot;0&quot;,&quot;shutter_speed&quot;:&quot;0&quot;,&quot;title&quot;:&quot;&quot;,&quot;orientation&quot;:&quot;0&quot;}\" data-image-title=\"r\u00e4dern\" data-image-description=\"\" data-image-caption=\"\" data-large-file=\"https:\/\/i0.wp.com\/paulmelian.de\/blog\/wp-content\/uploads\/2020\/11\/r%C3%A4dern.jpg?fit=640%2C435&amp;ssl=1\" src=\"https:\/\/i0.wp.com\/paulmelian.de\/blog\/wp-content\/uploads\/2020\/11\/r%C3%A4dern-300x204.jpg?resize=300%2C204\" alt=\"\" width=\"300\" height=\"204\" class=\"aligncenter size-medium wp-image-5485\" srcset=\"https:\/\/i0.wp.com\/paulmelian.de\/blog\/wp-content\/uploads\/2020\/11\/r%C3%A4dern.jpg?resize=300%2C204&amp;ssl=1 300w, https:\/\/i0.wp.com\/paulmelian.de\/blog\/wp-content\/uploads\/2020\/11\/r%C3%A4dern.jpg?resize=768%2C522&amp;ssl=1 768w, https:\/\/i0.wp.com\/paulmelian.de\/blog\/wp-content\/uploads\/2020\/11\/r%C3%A4dern.jpg?w=1000&amp;ssl=1 1000w\" sizes=\"auto, (max-width: 300px) 100vw, 300px\" \/><\/a><\/p>\n","protected":false},"excerpt":{"rendered":"<p>Auf die Schnelle noch die Vollstreckung einiger Todesstrafen verbuchen und die Einf\u00fchrung von mehr Hinrichtungsmethoden auf Bundesebene erzwingen, das sind f\u00fcr Donald Trump, vor seinem Verschwinden aus dem Wei\u00dfen Haus, Priorit\u00e4ten ersten Ranges. Es wird jedoch gemunkelt, dass sein Team, &hellip; <a href=\"https:\/\/paulmelian.de\/blog\/?p=5469\">Continu\u0103 s\u0103 cite\u0219ti <span class=\"meta-nav\">&rarr;<\/span><\/a><\/p>\n","protected":false},"author":1,"featured_media":0,"comment_status":"open","ping_status":"open","sticky":false,"template":"","format":"standard","meta":{"ngg_post_thumbnail":0,"jetpack_post_was_ever_published":false,"_jetpack_newsletter_access":"","_jetpack_dont_email_post_to_subs":false,"_jetpack_newsletter_tier_id":0,"_jetpack_memberships_contains_paywalled_content":false,"_jetpack_memberships_contains_paid_content":false,"footnotes":"","jetpack_publicize_message":"","jetpack_publicize_feature_enabled":true,"jetpack_social_post_already_shared":true,"jetpack_social_options":{"image_generator_settings":{"template":"highway","default_image_id":0,"font":"","enabled":false},"version":2}},"categories":[8,9,6,14,1,17],"tags":[],"class_list":["post-5469","post","type-post","status-publish","format-standard","hentry","category-general","category-internautice","category-borituri","category-oameni","category-fara-categorie","category-politica"],"jetpack_publicize_connections":[],"jetpack_featured_media_url":"","jetpack_sharing_enabled":true,"jetpack_shortlink":"https:\/\/wp.me\/p9mZDH-1qd","jetpack_likes_enabled":true,"jetpack-related-posts":[{"id":4876,"url":"https:\/\/paulmelian.de\/blog\/?p=4876","url_meta":{"origin":5469,"position":0},"title":"Die Taube \/ Porumbelul","author":"Mihai","date":"20 iulie 2020","format":false,"excerpt":"Es geschah irgendwann vor Jahren im Universit\u00e4tsklinikum Mannheim, im Wartezimmer vom Institutsdirektor Prof. Dr. Soundso. Eine graue Taube flog von au\u00dfen gegen die Fensterscheibe. Sie landete auf dem Pflaster zwischen dem Fenster und einem Bauschuttcontainer, blickte eine zeitlang etwas verwirrt drein und kam dann zu Fu\u00df durch die ge\u00f6ffnete Au\u00dfent\u00fcr\u2026","rel":"","context":"\u00cen \u201eDeutsche Erinnerungen \/ Amintiri din Germania\u201d","block_context":{"text":"Deutsche Erinnerungen \/ Amintiri din Germania","link":"https:\/\/paulmelian.de\/blog\/?cat=2"},"img":{"alt_text":"","src":"https:\/\/i0.wp.com\/paulmelian.de\/blog\/wp-content\/uploads\/2020\/07\/Taube-300x200.jpg?resize=350%2C200","width":350,"height":200},"classes":[]},{"id":7166,"url":"https:\/\/paulmelian.de\/blog\/?p=7166","url_meta":{"origin":5469,"position":1},"title":"Das Zweite Leben (1)","author":"Mihai","date":"6 martie 2026","format":false,"excerpt":"Mein neues Leben fing Anfang 1975 in Bonn an, als ich, 27 Jahre alt, mit einem Koffer in der Hand und mit 700 Mark in der Brieftasche, mich von der \u00fcbrigen rum\u00e4nischen Delegation abgesetzt habe. Es war der Moment der gro\u00dfen Befreiung: Ich hatte bis zu diesem Zeitpunkt nicht richtig\u2026","rel":"","context":"\u00cen \u201eDeutsche Erinnerungen \/ Amintiri din Germania\u201d","block_context":{"text":"Deutsche Erinnerungen \/ Amintiri din Germania","link":"https:\/\/paulmelian.de\/blog\/?cat=2"},"img":{"alt_text":"","src":"","width":0,"height":0},"classes":[]},{"id":7170,"url":"https:\/\/paulmelian.de\/blog\/?p=7170","url_meta":{"origin":5469,"position":2},"title":"Bonner Kochclub, 1975","author":"Mihai","date":"8 martie 2026","format":false,"excerpt":"In den Siebzigern bin ich in Bonn f\u00fcr einige Zeit in eine kosmopolite Gesellschaft geraten, so eine Art intellektuell angehauchten Kochclub. Die Gastgeberin war Sekret\u00e4rin im Ausw\u00e4rtigen Amt, w\u00e4hlte gr\u00fcn und war die geheime Geliebte eines hohen CDU-Parteifunktion\u00e4rs. Der heutige Koch war der Libanese Abdel Nour, ein Botschaftsangeh\u00f6riger, Kulturattach\u00e9 oder\u2026","rel":"","context":"\u00cen \u201eDeutsche Erinnerungen \/ Amintiri din Germania\u201d","block_context":{"text":"Deutsche Erinnerungen \/ Amintiri din Germania","link":"https:\/\/paulmelian.de\/blog\/?cat=2"},"img":{"alt_text":"","src":"","width":0,"height":0},"classes":[]},{"id":3435,"url":"https:\/\/paulmelian.de\/blog\/?p=3435","url_meta":{"origin":5469,"position":3},"title":"Klein Mengele bleibt frei \/ Micul Mengele r\u0103m\u00e2ne liber","author":"Mihai","date":"7 mai 2019","format":false,"excerpt":"Der deutsche Arzt Hartmut Hopp, der an der F\u00fchrung der Sekte \"Colonia Dignidad\" beteiligt war und in Chile zu 5 Jahren Gef\u00e4ngnis verurteilt war, ist nach Deutschland gefl\u00fcchtet, um der Strafe zu entgehen. Obwohl es zahlreiche deutsche Zeugen gab, die gegen ihn ausgesagt haben, die Staatsanwaltschaft Krefeld, die \u00fcber 8(!)\u2026","rel":"","context":"\u00cen \u201eDeutsche Erinnerungen \/ Amintiri din Germania\u201d","block_context":{"text":"Deutsche Erinnerungen \/ Amintiri din Germania","link":"https:\/\/paulmelian.de\/blog\/?cat=2"},"img":{"alt_text":"","src":"https:\/\/i0.wp.com\/paulmelian.de\/blog\/wp-content\/uploads\/2019\/05\/fahndungsblatt-hartmut-hopp-interpol-300x242.png?resize=350%2C200","width":350,"height":200},"classes":[]},{"id":5292,"url":"https:\/\/paulmelian.de\/blog\/?p=5292","url_meta":{"origin":5469,"position":4},"title":"Der Murano Aschenbecher \/ Scrumiera de Murano","author":"Mihai","date":"13 martie 2021","format":false,"excerpt":"\u00a0 Ich wollte in meinem B\u00fcro einen Wandkalender anbringen. In der obersten Schublade meines Schreibtisches hatte ich ein Paar Stahln\u00e4gel erblickt, die mir wohl mein Vorg\u00e4nger hinterlassen hatte. Weil ich zu faul war, aus der Werkstatt einen Hammer zu holen, schaute ich mich nach einer Alternative um. Der blaue, runde\u2026","rel":"","context":"\u00cen \u201eDeutsche Erinnerungen \/ Amintiri din Germania\u201d","block_context":{"text":"Deutsche Erinnerungen \/ Amintiri din Germania","link":"https:\/\/paulmelian.de\/blog\/?cat=2"},"img":{"alt_text":"","src":"https:\/\/i0.wp.com\/paulmelian.de\/blog\/wp-content\/uploads\/2021\/03\/Murano3-300x288.jpg?resize=350%2C200","width":350,"height":200},"classes":[]},{"id":5057,"url":"https:\/\/paulmelian.de\/blog\/?p=5057","url_meta":{"origin":5469,"position":5},"title":"Dumme Aphorismen (2) \/ Aforisme t\u00e2mpite (2)","author":"Mihai","date":"17 septembrie 2020","format":false,"excerpt":"Weil ich mich vor kurzem schon mit der Apokalypse besch\u00e4ftigt habe, hier noch einige Gedanken zum Thema. Martin Luther, dem Begr\u00fcnder der Evangelischen Kirche, wird der Satz zugeschrieben: Und wenn ich w\u00fcsste, dass morgen die Welt unterginge, w\u00fcrde ich heute noch ein Apfelb\u00e4umchen pflanzen. Aus dem Zusammenhang gerissen ist die\u2026","rel":"","context":"\u00cen \u201eDeutsche Erinnerungen \/ Amintiri din Germania\u201d","block_context":{"text":"Deutsche Erinnerungen \/ Amintiri din Germania","link":"https:\/\/paulmelian.de\/blog\/?cat=2"},"img":{"alt_text":"","src":"https:\/\/i0.wp.com\/paulmelian.de\/blog\/wp-content\/uploads\/2020\/09\/apfelbaum-plantage-300x225.jpg?resize=350%2C200","width":350,"height":200},"classes":[]}],"post_mailing_queue_ids":[],"_links":{"self":[{"href":"https:\/\/paulmelian.de\/blog\/index.php?rest_route=\/wp\/v2\/posts\/5469","targetHints":{"allow":["GET"]}}],"collection":[{"href":"https:\/\/paulmelian.de\/blog\/index.php?rest_route=\/wp\/v2\/posts"}],"about":[{"href":"https:\/\/paulmelian.de\/blog\/index.php?rest_route=\/wp\/v2\/types\/post"}],"author":[{"embeddable":true,"href":"https:\/\/paulmelian.de\/blog\/index.php?rest_route=\/wp\/v2\/users\/1"}],"replies":[{"embeddable":true,"href":"https:\/\/paulmelian.de\/blog\/index.php?rest_route=%2Fwp%2Fv2%2Fcomments&post=5469"}],"version-history":[{"count":14,"href":"https:\/\/paulmelian.de\/blog\/index.php?rest_route=\/wp\/v2\/posts\/5469\/revisions"}],"predecessor-version":[{"id":5487,"href":"https:\/\/paulmelian.de\/blog\/index.php?rest_route=\/wp\/v2\/posts\/5469\/revisions\/5487"}],"wp:attachment":[{"href":"https:\/\/paulmelian.de\/blog\/index.php?rest_route=%2Fwp%2Fv2%2Fmedia&parent=5469"}],"wp:term":[{"taxonomy":"category","embeddable":true,"href":"https:\/\/paulmelian.de\/blog\/index.php?rest_route=%2Fwp%2Fv2%2Fcategories&post=5469"},{"taxonomy":"post_tag","embeddable":true,"href":"https:\/\/paulmelian.de\/blog\/index.php?rest_route=%2Fwp%2Fv2%2Ftags&post=5469"}],"curies":[{"name":"wp","href":"https:\/\/api.w.org\/{rel}","templated":true}]}}