{"id":5665,"date":"2021-01-09T08:05:56","date_gmt":"2021-01-09T06:05:56","guid":{"rendered":"http:\/\/paulmelian.de\/blog\/?p=5665"},"modified":"2021-01-09T12:54:38","modified_gmt":"2021-01-09T10:54:38","slug":"apa-la-moara","status":"publish","type":"post","link":"https:\/\/paulmelian.de\/blog\/?p=5665","title":{"rendered":"Ap\u0103 la moar\u0103"},"content":{"rendered":"<p>Cum tot cred conspira\u0163ioni\u015ftii c\u0103 la vaccinarea antiCOVID19 \u0163i se inoculeaz\u0103 un cip, iat\u0103 c\u0103 acum Lt. col. dr. Olivian Ilie, medic specialist medicin\u0103 de familie, Direc\u021bia Medical\u0103 a MApN, le livreaz\u0103 \u015fi ni\u015fte <a href=\"http:\/\/stiri.tvr.ro\/diferen--ele-dintre-vaccinurile-pfizer---i-moderna--medic--noi-nu-introducem-in-organism-ma--ina--ca-la-alte-vaccinuri--ci-introducem-numai-nr--de-inmatriculare--sistemul-imunitar--poli--ia--o-va-recunoa--te_877000.html\">argumente<\/a>:<\/p>\n<blockquote><p><small>Ca o compara\u021bie plastic\u0103, putem s\u0103 ne g\u00e2ndim la o ma\u0219in\u0103 care, odat\u0103 intrat\u0103 \u00een organismul nostru, face r\u0103u. Noi, prin acest vaccin cu ARN mesager, noi nu introducem ma\u0219ina, cum sunt celelalte vaccinuri, ci introducem numai num\u0103rul de \u00eenmatriculare, astfel \u00eenc\u00e2t sistemul nostru imunitar, poli\u021bia, s\u0103 se preg\u0103teasc\u0103 \u0219i s\u0103 recunoasc\u0103 \u00een viitor, c\u00e2nd vor intra aceste ma\u0219ini cu acest num\u0103r de \u00eenmatriculare, s\u0103 le recunoasc\u0103 \u0219i s\u0103 fie preg\u0103tite s\u0103 le neutralizeze.<\/small><\/p><\/blockquote>\n<p><strong>Ne bag\u0103 numere de \u00eenmatriculare, ca la evrei!<\/strong><\/p>\n<p><a href=\"https:\/\/i0.wp.com\/paulmelian.de\/blog\/wp-content\/uploads\/2021\/01\/Impfspritze.jpg\"><img data-recalc-dims=\"1\" loading=\"lazy\" decoding=\"async\" data-attachment-id=\"5670\" data-permalink=\"https:\/\/paulmelian.de\/blog\/?attachment_id=5670\" data-orig-file=\"https:\/\/i0.wp.com\/paulmelian.de\/blog\/wp-content\/uploads\/2021\/01\/Impfspritze.jpg?fit=940%2C529&amp;ssl=1\" data-orig-size=\"940,529\" data-comments-opened=\"1\" data-image-meta=\"{&quot;aperture&quot;:&quot;0&quot;,&quot;credit&quot;:&quot;&quot;,&quot;camera&quot;:&quot;&quot;,&quot;caption&quot;:&quot;&quot;,&quot;created_timestamp&quot;:&quot;0&quot;,&quot;copyright&quot;:&quot;&quot;,&quot;focal_length&quot;:&quot;0&quot;,&quot;iso&quot;:&quot;0&quot;,&quot;shutter_speed&quot;:&quot;0&quot;,&quot;title&quot;:&quot;&quot;,&quot;orientation&quot;:&quot;0&quot;}\" data-image-title=\"Impfspritze\" data-image-description=\"\" data-image-caption=\"\" data-large-file=\"https:\/\/i0.wp.com\/paulmelian.de\/blog\/wp-content\/uploads\/2021\/01\/Impfspritze.jpg?fit=640%2C360&amp;ssl=1\" class=\"aligncenter size-medium wp-image-5670\" src=\"https:\/\/i0.wp.com\/paulmelian.de\/blog\/wp-content\/uploads\/2021\/01\/Impfspritze-300x169.jpg?resize=300%2C169\" alt=\"\" width=\"300\" height=\"169\" srcset=\"https:\/\/i0.wp.com\/paulmelian.de\/blog\/wp-content\/uploads\/2021\/01\/Impfspritze.jpg?resize=300%2C169&amp;ssl=1 300w, https:\/\/i0.wp.com\/paulmelian.de\/blog\/wp-content\/uploads\/2021\/01\/Impfspritze.jpg?resize=768%2C432&amp;ssl=1 768w, https:\/\/i0.wp.com\/paulmelian.de\/blog\/wp-content\/uploads\/2021\/01\/Impfspritze.jpg?w=940&amp;ssl=1 940w\" sizes=\"auto, (max-width: 300px) 100vw, 300px\" \/><\/a><\/p>\n","protected":false},"excerpt":{"rendered":"<p>Cum tot cred conspira\u0163ioni\u015ftii c\u0103 la vaccinarea antiCOVID19 \u0163i se inoculeaz\u0103 un cip, iat\u0103 c\u0103 acum Lt. col. dr. Olivian Ilie, medic specialist medicin\u0103 de familie, Direc\u021bia Medical\u0103 a MApN, le livreaz\u0103 \u015fi ni\u015fte argumente: Ca o compara\u021bie plastic\u0103, putem &hellip; <a href=\"https:\/\/paulmelian.de\/blog\/?p=5665\">Continu\u0103 s\u0103 cite\u0219ti <span class=\"meta-nav\">&rarr;<\/span><\/a><\/p>\n","protected":false},"author":1,"featured_media":0,"comment_status":"open","ping_status":"open","sticky":false,"template":"","format":"standard","meta":{"ngg_post_thumbnail":0,"jetpack_post_was_ever_published":false,"_jetpack_newsletter_access":"","_jetpack_dont_email_post_to_subs":false,"_jetpack_newsletter_tier_id":0,"_jetpack_memberships_contains_paywalled_content":false,"_jetpack_memberships_contains_paid_content":false,"footnotes":"","jetpack_publicize_message":"","jetpack_publicize_feature_enabled":true,"jetpack_social_post_already_shared":true,"jetpack_social_options":{"image_generator_settings":{"template":"highway","default_image_id":0,"font":"","enabled":false},"version":2}},"categories":[8,9,6,10,14,1,17,19],"tags":[],"class_list":["post-5665","post","type-post","status-publish","format-standard","hentry","category-general","category-internautice","category-borituri","category-invatati-dracului-romaneste","category-oameni","category-fara-categorie","category-politica","category-romania-in-lume"],"jetpack_publicize_connections":[],"jetpack_featured_media_url":"","jetpack_sharing_enabled":true,"jetpack_shortlink":"https:\/\/wp.me\/p9mZDH-1tn","jetpack_likes_enabled":true,"jetpack-related-posts":[{"id":261,"url":"https:\/\/paulmelian.de\/blog\/?p=261","url_meta":{"origin":5665,"position":0},"title":"Justi\u0163iarism","author":"Mihai","date":"21 noiembrie 2014","format":false,"excerpt":"Acest cuv\u00e2nt este \u00een sine o crea\u0163ie barbar\u0103, dar atunci c\u00e2nd este folosit \u00eempreun\u0103 cu calificativul fascistoid devine pur \u015fi simplu strig\u0103tor la cer. C\u00e2nd m\u0103 g\u00e2ndesc c\u0103 acest personaj sinistru a fost ministrul nostru de externe, m\u0103 apuc\u0103 frica. Mi-e fric\u0103, bine\u00een\u0163eles, nu de cea ce a fost, ci\u2026","rel":"","context":"\u00cen \u201eGeneral\u201d","block_context":{"text":"General","link":"https:\/\/paulmelian.de\/blog\/?cat=8"},"img":{"alt_text":"","src":"","width":0,"height":0},"classes":[]},{"id":5393,"url":"https:\/\/paulmelian.de\/blog\/?p=5393","url_meta":{"origin":5665,"position":1},"title":"Infrastruktur \/ Infrastructur\u0103","author":"Mihai","date":"22 noiembrie 2020","format":false,"excerpt":"Von einer deutschen \u00dcbersetzung dieses Textes habe ich abgesehen: der deutsche Leser w\u00fcrde ihn ohnehin nicht verstehen k\u00f6nnen, das ist schlicht eine andere Welt. Vielleicht kann er sich durch die Bilder einen Eindruck machen, worum es geht. === Au trecut vreo cinci ani de c\u00e2nd m-am enervat citind un articol\u2026","rel":"","context":"\u00cen \u201eGeneral\u201d","block_context":{"text":"General","link":"https:\/\/paulmelian.de\/blog\/?cat=8"},"img":{"alt_text":"","src":"https:\/\/i0.wp.com\/paulmelian.de\/blog\/wp-content\/uploads\/2020\/03\/Pana-curent-300x169.jpg?resize=350%2C200","width":350,"height":200},"classes":[]},{"id":2025,"url":"https:\/\/paulmelian.de\/blog\/?p=2025","url_meta":{"origin":5665,"position":2},"title":"Dumnezeu&#8217; \u015fi peneleu&#8217;","author":"Mihai","date":"18 iunie 2017","format":false,"excerpt":"Iat\u0103 cum proasp\u0103t alesul Pre\u015fedinte al PNL calc\u0103 \u00een str\u0103chini \u00eenc\u0103 de la \u00eenceput: \"Duminica este zi de odihn\u0103 de la Dumnezeu. (...) Nu vom participa. Noi avem \u00een cursul zilei de m\u00e2ine* etapa a doua a alegerii conducerii na\u021bionale, alegerea Biroului Politic. Dup\u0103 alegerea Biroului Politic voi convoca Biroul\u2026","rel":"","context":"\u00cen \u201eGeneral\u201d","block_context":{"text":"General","link":"https:\/\/paulmelian.de\/blog\/?cat=8"},"img":{"alt_text":"","src":"","width":0,"height":0},"classes":[]},{"id":1162,"url":"https:\/\/paulmelian.de\/blog\/?p=1162","url_meta":{"origin":5665,"position":3},"title":"Considera\u0163ii interculturale","author":"Mihai","date":"10 septembrie 2015","format":false,"excerpt":"\u00cen Germania, mi\u015fcarea ecologist\u0103 a influen\u0163at p\u00e2n\u0103 \u015fi aspectul ma\u015finilor. \u00cen dorin\u0163a de a-\u015fi \"personaliza\" vehiculul \u015fi de a-\u015fi demonstra opiniile proprii, neam\u0163ul a recurs adesea la stick-ul sau ab\u0163ibildul auto. Una din formele de manifestare a personalit\u0103\u0163ii posesorului ma\u015finii a fost dezv\u0103luirea motivelor pentru care el fr\u00e2neaz\u0103... sau nu\u2026","rel":"","context":"\u00cen \u201eDeutsche Erinnerungen \/ Amintiri din Germania\u201d","block_context":{"text":"Deutsche Erinnerungen \/ Amintiri din Germania","link":"https:\/\/paulmelian.de\/blog\/?cat=2"},"img":{"alt_text":"","src":"","width":0,"height":0},"classes":[]},{"id":87,"url":"https:\/\/paulmelian.de\/blog\/?p=87","url_meta":{"origin":5665,"position":4},"title":"Retardel se retrage? Tardiv!","author":"Mihai","date":"13 februarie 2012","format":false,"excerpt":"Dac\u0103 se \u00eent\u00e2mpl\u0103 cumva s\u0103 nu \u015fti\u0163i cine e \u201eRetardel\u201d, face\u0163i o c\u0103utare prin Google cu acest cuv\u00e2nt cheie. Alege\u0163i-l din rezultatele c\u0103ut\u0103rii pe primul bloger, care afirm\u0103 despre o alt\u0103 persoan\u0103 c\u0103 acesta ar fi un \u201eretardel\u201d . Cine spune, \u0103la e! A\u0163i g\u0103sit? Aha ! \u015ei ce arat\u0103\u2026","rel":"","context":"\u00cen \u201eGeneral\u201d","block_context":{"text":"General","link":"https:\/\/paulmelian.de\/blog\/?cat=8"},"img":{"alt_text":"","src":"","width":0,"height":0},"classes":[]},{"id":1595,"url":"https:\/\/paulmelian.de\/blog\/?p=1595","url_meta":{"origin":5665,"position":5},"title":"Diletantism adev\u0103rat","author":"Mihai","date":"16 octombrie 2016","format":false,"excerpt":"Motto: Die Unbek\u00fcmmertheit des Dilettanten kann nie die Professionalit\u00e4t aufwiegen, sagen die Profis. Das mu\u00df sie auch nicht, Gott sei gedankt, sagen wir Dilettanten. Impresia mea este c\u0103 o mare parte din indignarea general\u0103 care a ap\u0103rut dup\u0103 acordarea premiului Nobel pentru literatur\u0103 2016 se bazeaz\u0103 pe faptul c\u0103 Bob\u2026","rel":"","context":"\u00cen \u201eGeneral\u201d","block_context":{"text":"General","link":"https:\/\/paulmelian.de\/blog\/?cat=8"},"img":{"alt_text":"","src":"","width":0,"height":0},"classes":[]}],"post_mailing_queue_ids":[],"_links":{"self":[{"href":"https:\/\/paulmelian.de\/blog\/index.php?rest_route=\/wp\/v2\/posts\/5665","targetHints":{"allow":["GET"]}}],"collection":[{"href":"https:\/\/paulmelian.de\/blog\/index.php?rest_route=\/wp\/v2\/posts"}],"about":[{"href":"https:\/\/paulmelian.de\/blog\/index.php?rest_route=\/wp\/v2\/types\/post"}],"author":[{"embeddable":true,"href":"https:\/\/paulmelian.de\/blog\/index.php?rest_route=\/wp\/v2\/users\/1"}],"replies":[{"embeddable":true,"href":"https:\/\/paulmelian.de\/blog\/index.php?rest_route=%2Fwp%2Fv2%2Fcomments&post=5665"}],"version-history":[{"count":6,"href":"https:\/\/paulmelian.de\/blog\/index.php?rest_route=\/wp\/v2\/posts\/5665\/revisions"}],"predecessor-version":[{"id":5673,"href":"https:\/\/paulmelian.de\/blog\/index.php?rest_route=\/wp\/v2\/posts\/5665\/revisions\/5673"}],"wp:attachment":[{"href":"https:\/\/paulmelian.de\/blog\/index.php?rest_route=%2Fwp%2Fv2%2Fmedia&parent=5665"}],"wp:term":[{"taxonomy":"category","embeddable":true,"href":"https:\/\/paulmelian.de\/blog\/index.php?rest_route=%2Fwp%2Fv2%2Fcategories&post=5665"},{"taxonomy":"post_tag","embeddable":true,"href":"https:\/\/paulmelian.de\/blog\/index.php?rest_route=%2Fwp%2Fv2%2Ftags&post=5665"}],"curies":[{"name":"wp","href":"https:\/\/api.w.org\/{rel}","templated":true}]}}