{"id":5795,"date":"2021-02-10T19:30:04","date_gmt":"2021-02-10T17:30:04","guid":{"rendered":"http:\/\/paulmelian.de\/blog\/?p=5795"},"modified":"2021-03-02T07:47:50","modified_gmt":"2021-03-02T05:47:50","slug":"dan-alexe","status":"publish","type":"post","link":"https:\/\/paulmelian.de\/blog\/?p=5795","title":{"rendered":"Dan Alexe"},"content":{"rendered":"<p>M-am mai r\u0103zboit cu tot felul de personalit\u0103\u0163i rom\u00e2ne\u015fti, de la Dorin Tudoran p\u00e2n\u0103 la Adrian Papahagi. La ultimul dintre cei numi\u0163i am constatat repede c\u0103 toat\u0103 agita\u0163ia nu ajut\u0103 la nimic, deoarece nici m\u0103car zicala &#8221; Unde-i mult\u0103 minte-i \u015fi mult\u0103 prostie&#8221; nu este aplicabil\u0103. \u00cen afar\u0103 de asta, n-am g\u0103sit nici un fel de rezonan\u0163\u0103 \u00eentre convingerile mele \u015fi ale sale, astfel \u00eenc\u00e2t a \u00eenceput s\u0103 m\u0103 intereseze din ce \u00een ce mai pu\u0163in. Nici pe <a href=\"https:\/\/www.facebook.com\/dan.alexe\">Dan Alexe<\/a> nu l-am menajat, dup\u0103 cum se poate constata foarte u\u015for printr-o c\u0103utare pe Minima Ruralia. <!--more-->\u00cemi ziceam, ca \u015fi \u00een cazul lui Dorin Tudoran, c\u0103 este p\u0103cat de ceea ce are el bun, astfel \u00eenc\u00e2t merit\u0103 s\u0103-\u0163i faci de lucru cu el, chiar dac\u0103 din c\u00e2nd \u00een c\u00e2nd o d\u0103 de-a binelea \u00een bar\u0103.<br \/>\nUltima sa isprav\u0103 este modul absolut nepermis in care traduce &#8222;Une fa\u00e7on de noyer le poisson?&#8221;. Ba \u015fi mai r\u0103u, \u00een momentul \u00een care este <a href=\"https:\/\/www.facebook.com\/dan.alexe\/posts\/3926526497381159\">tras de m\u00e2nec\u0103<\/a> \u00eencepe s\u0103-\u015fi bat\u0103 joc de comentatorii care \u00eel contrazic. Iar c\u0103\u0163eii care \u00eei dau \u00eentotdeauna dreptate, cum ar fi <a href=\"https:\/\/www.facebook.com\/arbait.arbaits\">Costin Graur<\/a>, \u00eei sar \u00een ap\u0103rare \u00een loc s\u0103-l aten\u0163ioneze sau m\u0103car s\u0103 tac\u0103 st\u00e2njeni\u0163i.<br \/>\nP\u0103cat de el. Din cauza narcisismului s\u0103u aproape patologic (pe care \u00eel critic\u0103 la al\u0163ii), se va implica \u00een continuare, prin afirma\u0163ii hazardate, \u00een tot felul de discu\u0163ii sterile care \u00eei vor pune \u00een umbr\u0103 talentele de necontestat. \u00cen fond, va r\u0103m\u00e2ne pentru totdeauna diletantul \u00eenzestrat, care nu se va bucura niciodat\u0103 de aprecierea general\u0103 pe care o a\u015fteapt\u0103, deoarece aceast\u0103 a\u015fteptare a sa este total compromis\u0103 de megalomanie. \u015ei de priapism.<\/p>\n<p><a href=\"https:\/\/i0.wp.com\/paulmelian.de\/blog\/wp-content\/uploads\/2021\/02\/Megalomanie.jpg\"><img data-recalc-dims=\"1\" loading=\"lazy\" decoding=\"async\" data-attachment-id=\"5796\" data-permalink=\"https:\/\/paulmelian.de\/blog\/?attachment_id=5796\" data-orig-file=\"https:\/\/i0.wp.com\/paulmelian.de\/blog\/wp-content\/uploads\/2021\/02\/Megalomanie.jpg?fit=1000%2C1012&amp;ssl=1\" data-orig-size=\"1000,1012\" data-comments-opened=\"1\" data-image-meta=\"{&quot;aperture&quot;:&quot;0&quot;,&quot;credit&quot;:&quot;&quot;,&quot;camera&quot;:&quot;&quot;,&quot;caption&quot;:&quot;&quot;,&quot;created_timestamp&quot;:&quot;0&quot;,&quot;copyright&quot;:&quot;&quot;,&quot;focal_length&quot;:&quot;0&quot;,&quot;iso&quot;:&quot;0&quot;,&quot;shutter_speed&quot;:&quot;0&quot;,&quot;title&quot;:&quot;&quot;,&quot;orientation&quot;:&quot;0&quot;}\" data-image-title=\"Megalomanie\" data-image-description=\"\" data-image-caption=\"\" data-large-file=\"https:\/\/i0.wp.com\/paulmelian.de\/blog\/wp-content\/uploads\/2021\/02\/Megalomanie.jpg?fit=640%2C648&amp;ssl=1\" class=\"size-medium wp-image-5796 aligncenter\" src=\"https:\/\/i0.wp.com\/paulmelian.de\/blog\/wp-content\/uploads\/2021\/02\/Megalomanie-296x300.jpg?resize=296%2C300\" alt=\"\" width=\"296\" height=\"300\" srcset=\"https:\/\/i0.wp.com\/paulmelian.de\/blog\/wp-content\/uploads\/2021\/02\/Megalomanie.jpg?resize=296%2C300&amp;ssl=1 296w, https:\/\/i0.wp.com\/paulmelian.de\/blog\/wp-content\/uploads\/2021\/02\/Megalomanie.jpg?resize=768%2C777&amp;ssl=1 768w, https:\/\/i0.wp.com\/paulmelian.de\/blog\/wp-content\/uploads\/2021\/02\/Megalomanie.jpg?w=1000&amp;ssl=1 1000w\" sizes=\"auto, (max-width: 296px) 100vw, 296px\" \/><\/a><\/p>\n","protected":false},"excerpt":{"rendered":"<p>M-am mai r\u0103zboit cu tot felul de personalit\u0103\u0163i rom\u00e2ne\u015fti, de la Dorin Tudoran p\u00e2n\u0103 la Adrian Papahagi. La ultimul dintre cei numi\u0163i am constatat repede c\u0103 toat\u0103 agita\u0163ia nu ajut\u0103 la nimic, deoarece nici m\u0103car zicala &#8221; Unde-i mult\u0103 minte-i &hellip; <a href=\"https:\/\/paulmelian.de\/blog\/?p=5795\">Continu\u0103 s\u0103 cite\u0219ti <span class=\"meta-nav\">&rarr;<\/span><\/a><\/p>\n","protected":false},"author":1,"featured_media":0,"comment_status":"open","ping_status":"open","sticky":false,"template":"","format":"standard","meta":{"ngg_post_thumbnail":0,"jetpack_post_was_ever_published":false,"_jetpack_newsletter_access":"","_jetpack_dont_email_post_to_subs":false,"_jetpack_newsletter_tier_id":0,"_jetpack_memberships_contains_paywalled_content":false,"_jetpack_memberships_contains_paid_content":false,"footnotes":"","jetpack_publicize_message":"","jetpack_publicize_feature_enabled":true,"jetpack_social_post_already_shared":true,"jetpack_social_options":{"image_generator_settings":{"template":"highway","default_image_id":0,"font":"","enabled":false},"version":2}},"categories":[8,9,6,14],"tags":[],"class_list":["post-5795","post","type-post","status-publish","format-standard","hentry","category-general","category-internautice","category-borituri","category-oameni"],"jetpack_publicize_connections":[],"jetpack_featured_media_url":"","jetpack_sharing_enabled":true,"jetpack_shortlink":"https:\/\/wp.me\/p9mZDH-1vt","jetpack_likes_enabled":true,"jetpack-related-posts":[{"id":274,"url":"https:\/\/paulmelian.de\/blog\/?p=274","url_meta":{"origin":5795,"position":0},"title":"Brucanisme","author":"Mihai","date":"17 ianuarie 2015","format":false,"excerpt":"D-l Dorin Tudoran mi-a f\u0103cut, dup\u0103 cum se pare, cinstea deosebit\u0103 de a citi articolul meu de mai jos \u201cCurat mocirl\u0103\u201d. Altfel nu prea pot s\u0103-mi explic comentariul s\u0103u de pe blogul personal, pe care \u00eel redau mai jos, afar\u0103 doar de cazul \u00een care vreunul dintre trep\u0103du\u015fii domniei sale\u2026","rel":"","context":"\u00cen \u201eGeneral\u201d","block_context":{"text":"General","link":"https:\/\/paulmelian.de\/blog\/?cat=8"},"img":{"alt_text":"","src":"","width":0,"height":0},"classes":[]},{"id":199,"url":"https:\/\/paulmelian.de\/blog\/?p=199","url_meta":{"origin":5795,"position":1},"title":"Capra, varza, h\u00e2rbul \u015fi oala spart\u0103","author":"Mihai","date":"9 aprilie 2014","format":false,"excerpt":"O \u00eencercare pios-profanatoare a d-lui Fumurescu pe platforma contributors.ro de a-i \u00eemp\u0103ca pe Vladimir Tism\u0103neanu \u015fi Dorin Tudoran cu ocazia mor\u0163ii poetului Andrei Bodiu \u00eemi apare cu totul inoportun\u0103, deoarece pe aceea\u015fi platform\u0103 r\u0103fuiala primului T cu cel din urm\u0103 tocmai atinsese, cu ajutorul involuntar al d-lui Iulian Capsali, un\u2026","rel":"","context":"\u00cen \u201eGeneral\u201d","block_context":{"text":"General","link":"https:\/\/paulmelian.de\/blog\/?cat=8"},"img":{"alt_text":"","src":"","width":0,"height":0},"classes":[]},{"id":200,"url":"https:\/\/paulmelian.de\/blog\/?p=200","url_meta":{"origin":5795,"position":2},"title":"Dreapta \u015fi Drep\u0163ii ei","author":"Mihai","date":"13 aprilie 2014","format":false,"excerpt":"For\u0163ele de dreapta din Rom\u00e2nia parc\u0103 se iau la \u00eentrecere \u00eentr-o campanie de autodistrugere f\u0103r\u0103 precedent. 1. Un partid care se consider\u0103 de dreapta, PNL, \u00ee\u015fi tr\u0103deaz\u0103 \u00een repetate r\u00e2nduri partenerul de guvernare sau aliatul firesc, merg\u00e2nd chiar at\u00e2t de departe \u00eenc\u00e2t se aliaz\u0103 cu cea mai reac\u0163ionar\u0103 grupare din\u2026","rel":"","context":"\u00cen \u201eGeneral\u201d","block_context":{"text":"General","link":"https:\/\/paulmelian.de\/blog\/?cat=8"},"img":{"alt_text":"","src":"","width":0,"height":0},"classes":[]},{"id":858,"url":"https:\/\/paulmelian.de\/blog\/?p=858","url_meta":{"origin":5795,"position":3},"title":"C\u00e2teva lucruri bine spuse","author":"Mihai","date":"10 martie 2015","format":false,"excerpt":"D-l Andrei Cornea \u00eei r\u0103spunde d-nei Carmen Mu\u015fat, care a comis \u00een revista \"Observator Cultural\" (Nu v\u0103 aminte\u015fte cumva de \"V\u00f6lkischer Beobachter\"? Mie da.) o parodie ieftin\u0103 dup\u0103 \"Apel la lichele\" a lui Gabriel Liiceanu. Trebuie s\u0103-i mul\u0163umesc, deoarece m\u0103 scute\u015fte pe mine s\u0103 fac comentarii ireveren\u0163ioase prin diverse unghere\u2026","rel":"","context":"\u00cen \u201eGeneral\u201d","block_context":{"text":"General","link":"https:\/\/paulmelian.de\/blog\/?cat=8"},"img":{"alt_text":"","src":"","width":0,"height":0},"classes":[]},{"id":661,"url":"https:\/\/paulmelian.de\/blog\/?p=661","url_meta":{"origin":5795,"position":4},"title":"Guzganian salvat","author":"Mihai","date":"13 februarie 2015","format":false,"excerpt":"A\u015fa dup\u0103 cum era de a\u015fteptat, senatul a votat \u00eempotriva ridic\u0103rii imunit\u0103\u0163ii lui Varujan Vosganian. Adic\u0103, dup\u0103 opinia acestui \u00eenalt for de borfa\u015fi, n-ar exista nici un fel de fapte noi la dosar, iar cele cunoscute ar fi mizilicuri. Cum ar fi de exemplu interven\u0163ia d-lui Vosganian pe l\u00e2ng\u0103 Guvernul\u2026","rel":"","context":"\u00cen \u201eGeneral\u201d","block_context":{"text":"General","link":"https:\/\/paulmelian.de\/blog\/?cat=8"},"img":{"alt_text":"","src":"","width":0,"height":0},"classes":[]},{"id":806,"url":"https:\/\/paulmelian.de\/blog\/?p=806","url_meta":{"origin":5795,"position":5},"title":"SchadenfreudeA Vengefulness of the Impotent","author":"Mihai","date":"5 martie 2015","format":false,"excerpt":"Nu pot s\u0103 caracterizez articolele \u015fi glosele politice mai recente ale d-lui Dorin Tudoran, care apar at\u00e2t pe blogul domniei sale Certocra\u0163ia, c\u00e2t \u015fi pe platformele voxpublica sau Rom\u00e2nia Curat\u0103, f\u0103r\u0103 s\u0103 apelez la ajutorul cuv\u00e2ntului german \u201cSchadenfreude\u201d. Iar asta nu pentru a-mi etala cuno\u015ftin\u0163ele din aceast\u0103 limb\u0103, ci pentru\u2026","rel":"","context":"\u00cen \u201eDeutsche Erinnerungen \/ Amintiri din Germania\u201d","block_context":{"text":"Deutsche Erinnerungen \/ Amintiri din Germania","link":"https:\/\/paulmelian.de\/blog\/?cat=2"},"img":{"alt_text":"","src":"","width":0,"height":0},"classes":[]}],"post_mailing_queue_ids":[],"_links":{"self":[{"href":"https:\/\/paulmelian.de\/blog\/index.php?rest_route=\/wp\/v2\/posts\/5795","targetHints":{"allow":["GET"]}}],"collection":[{"href":"https:\/\/paulmelian.de\/blog\/index.php?rest_route=\/wp\/v2\/posts"}],"about":[{"href":"https:\/\/paulmelian.de\/blog\/index.php?rest_route=\/wp\/v2\/types\/post"}],"author":[{"embeddable":true,"href":"https:\/\/paulmelian.de\/blog\/index.php?rest_route=\/wp\/v2\/users\/1"}],"replies":[{"embeddable":true,"href":"https:\/\/paulmelian.de\/blog\/index.php?rest_route=%2Fwp%2Fv2%2Fcomments&post=5795"}],"version-history":[{"count":9,"href":"https:\/\/paulmelian.de\/blog\/index.php?rest_route=\/wp\/v2\/posts\/5795\/revisions"}],"predecessor-version":[{"id":5827,"href":"https:\/\/paulmelian.de\/blog\/index.php?rest_route=\/wp\/v2\/posts\/5795\/revisions\/5827"}],"wp:attachment":[{"href":"https:\/\/paulmelian.de\/blog\/index.php?rest_route=%2Fwp%2Fv2%2Fmedia&parent=5795"}],"wp:term":[{"taxonomy":"category","embeddable":true,"href":"https:\/\/paulmelian.de\/blog\/index.php?rest_route=%2Fwp%2Fv2%2Fcategories&post=5795"},{"taxonomy":"post_tag","embeddable":true,"href":"https:\/\/paulmelian.de\/blog\/index.php?rest_route=%2Fwp%2Fv2%2Ftags&post=5795"}],"curies":[{"name":"wp","href":"https:\/\/api.w.org\/{rel}","templated":true}]}}