{"id":5862,"date":"2021-03-15T09:38:00","date_gmt":"2021-03-15T07:38:00","guid":{"rendered":"http:\/\/paulmelian.de\/blog\/?p=5862"},"modified":"2021-03-15T09:38:00","modified_gmt":"2021-03-15T07:38:00","slug":"offenbarung-revelatie-2","status":"publish","type":"post","link":"https:\/\/paulmelian.de\/blog\/?p=5862","title":{"rendered":"Offenbarung \/ Revela\u0163ie"},"content":{"rendered":"<p>Langsam beginne ich, den Unterschied zwischen \u00e4lter werden und alt werden zu verstehen&#8230;<\/p>\n<p style=\"text-align: center;\">===<\/p>\n<p>\u00cencet-\u00eencet incep s\u0103 \u00een\u0163eleg deosebirea dintre a \u00eemb\u0103tr\u00e2ni \u015fi a deveni b\u0103tr\u00e2n&#8230;<\/p>\n<p><a href=\"https:\/\/i0.wp.com\/paulmelian.de\/blog\/wp-content\/uploads\/2019\/07\/Denkender-Affea.jpg\"><img data-recalc-dims=\"1\" loading=\"lazy\" decoding=\"async\" data-attachment-id=\"3614\" data-permalink=\"https:\/\/paulmelian.de\/blog\/?attachment_id=3614\" data-orig-file=\"https:\/\/i0.wp.com\/paulmelian.de\/blog\/wp-content\/uploads\/2019\/07\/Denkender-Affea.jpg?fit=910%2C745&amp;ssl=1\" data-orig-size=\"910,745\" data-comments-opened=\"1\" data-image-meta=\"{&quot;aperture&quot;:&quot;0&quot;,&quot;credit&quot;:&quot;&quot;,&quot;camera&quot;:&quot;&quot;,&quot;caption&quot;:&quot;&quot;,&quot;created_timestamp&quot;:&quot;0&quot;,&quot;copyright&quot;:&quot;&quot;,&quot;focal_length&quot;:&quot;0&quot;,&quot;iso&quot;:&quot;0&quot;,&quot;shutter_speed&quot;:&quot;0&quot;,&quot;title&quot;:&quot;&quot;,&quot;orientation&quot;:&quot;0&quot;}\" data-image-title=\"Denkender Affea\" data-image-description=\"\" data-image-caption=\"\" data-large-file=\"https:\/\/i0.wp.com\/paulmelian.de\/blog\/wp-content\/uploads\/2019\/07\/Denkender-Affea.jpg?fit=640%2C524&amp;ssl=1\" class=\"aligncenter size-medium wp-image-3614\" src=\"https:\/\/i0.wp.com\/paulmelian.de\/blog\/wp-content\/uploads\/2019\/07\/Denkender-Affea-300x246.jpg?resize=300%2C246\" alt=\"\" width=\"300\" height=\"246\" srcset=\"https:\/\/i0.wp.com\/paulmelian.de\/blog\/wp-content\/uploads\/2019\/07\/Denkender-Affea.jpg?resize=300%2C246&amp;ssl=1 300w, https:\/\/i0.wp.com\/paulmelian.de\/blog\/wp-content\/uploads\/2019\/07\/Denkender-Affea.jpg?resize=768%2C629&amp;ssl=1 768w, https:\/\/i0.wp.com\/paulmelian.de\/blog\/wp-content\/uploads\/2019\/07\/Denkender-Affea.jpg?w=910&amp;ssl=1 910w\" sizes=\"auto, (max-width: 300px) 100vw, 300px\" \/><\/a><\/p>\n","protected":false},"excerpt":{"rendered":"<p>Langsam beginne ich, den Unterschied zwischen \u00e4lter werden und alt werden zu verstehen&#8230; === \u00cencet-\u00eencet incep s\u0103 \u00een\u0163eleg deosebirea dintre a \u00eemb\u0103tr\u00e2ni \u015fi a deveni b\u0103tr\u00e2n&#8230;<\/p>\n","protected":false},"author":1,"featured_media":0,"comment_status":"open","ping_status":"open","sticky":false,"template":"","format":"standard","meta":{"ngg_post_thumbnail":0,"jetpack_post_was_ever_published":false,"_jetpack_newsletter_access":"","_jetpack_dont_email_post_to_subs":false,"_jetpack_newsletter_tier_id":0,"_jetpack_memberships_contains_paywalled_content":false,"_jetpack_memberships_contains_paid_content":false,"footnotes":"","jetpack_publicize_message":"","jetpack_publicize_feature_enabled":true,"jetpack_social_post_already_shared":true,"jetpack_social_options":{"image_generator_settings":{"template":"highway","default_image_id":0,"font":"","enabled":false},"version":2}},"categories":[8,16],"tags":[],"class_list":["post-5862","post","type-post","status-publish","format-standard","hentry","category-general","category-platitudini"],"jetpack_publicize_connections":[],"jetpack_featured_media_url":"","jetpack_sharing_enabled":true,"jetpack_shortlink":"https:\/\/wp.me\/p9mZDH-1wy","jetpack_likes_enabled":true,"jetpack-related-posts":[{"id":5145,"url":"https:\/\/paulmelian.de\/blog\/?p=5145","url_meta":{"origin":5862,"position":0},"title":"Corona &#038; CCR","author":"Mihai","date":"16 septembrie 2020","format":false,"excerpt":"Se pare c\u0103, \u00eencet \u00eencet, virusul ajunge \u015fi la aceast\u0103 ilustr\u0103 institu\u0163ie. Le dorim tuturor, cu aceast\u0103 ocazie, cele cuvenite.","rel":"","context":"\u00cen \u201eGeneral\u201d","block_context":{"text":"General","link":"https:\/\/paulmelian.de\/blog\/?cat=8"},"img":{"alt_text":"","src":"https:\/\/i0.wp.com\/paulmelian.de\/blog\/wp-content\/uploads\/2018\/01\/Waage-2-300x225.jpg?resize=350%2C200","width":350,"height":200},"classes":[]},{"id":5674,"url":"https:\/\/paulmelian.de\/blog\/?p=5674","url_meta":{"origin":5862,"position":1},"title":"Exerci\u0163iu de imagina\u0163ie","author":"Mihai","date":"10 ianuarie 2021","format":false,"excerpt":"Hai s\u0103 ne \u00eenchipuim c\u0103 Isus Cristos ar tr\u0103i \u00een ziua de azi pe meleagurile din Rom\u00e2nia. Sunt convins c\u0103 ar fi considerat de c\u0103tre intelectualii no\u015ftri \"cre\u015ftini\" \u015fi \"de dreapta\", cum sunt A. Papahagi, M. Neam\u0163u, T. Ungureanu, S. Voinescu, D.P. Aligic\u0103, A. Lazescu, H.R. Patapievici \u015famd., ca fiind\u2026","rel":"","context":"\u00cen \u201eGeneral\u201d","block_context":{"text":"General","link":"https:\/\/paulmelian.de\/blog\/?cat=8"},"img":{"alt_text":"","src":"https:\/\/i0.wp.com\/paulmelian.de\/blog\/wp-content\/uploads\/2021\/01\/Drumul-Crucii-Bucuresti_15042014_0030-site-300x200.jpg?resize=350%2C200","width":350,"height":200},"classes":[]},{"id":2834,"url":"https:\/\/paulmelian.de\/blog\/?p=2834","url_meta":{"origin":5862,"position":2},"title":"Pa\u015ftele \u015fi Dumnezeii vo\u015ftri&#8230;","author":"Mihai","date":"21 mai 2018","format":false,"excerpt":"...de agrama\u0163i. Pe l\u00e2ng\u0103 c\u0103 fura\u0163i ca-n codru, min\u0163i\u0163i de \u00eenghea\u0163\u0103 apele \u015fi nu cunoa\u015fte\u0163i nici un fel de ru\u015fine, mai \u015fi st\u00e2lci\u0163i limba rom\u00e2n\u0103, distrug\u00e2nd \u00eencet-\u00eencet \u015fi ultimul lucru care m\u0103 mai leag\u0103 de \u0163ara asta nenorocit\u0103. \u201eAvem propuneri s\u0103 \u00eembun\u0103t\u0103\u021bim mecanismul \u0219i discut\u0103m, facem analize interne. Nu exist\u0103\u2026","rel":"","context":"\u00cen \u201eGeneral\u201d","block_context":{"text":"General","link":"https:\/\/paulmelian.de\/blog\/?cat=8"},"img":{"alt_text":"","src":"","width":0,"height":0},"classes":[]},{"id":6004,"url":"https:\/\/paulmelian.de\/blog\/?p=6004","url_meta":{"origin":5862,"position":3},"title":"Mit Verlaub, Herr Pr\u00e4sident, Sie sind ein Hornochse* (continuare)","author":"Mihai","date":"26 septembrie 2021","format":false,"excerpt":"Ne-am bucurat c\u00e2nd Iohannis a c\u00e2\u015ftigat \u00een fa\u0163a lui Ponta \u015fi a Veoric\u0103i D\u0103ncil\u0103. Iar eu mi-am zis: \u201eDec\u00e2t un neam prost, mai bine un neam\u0163 prost\u201d. Dac\u0103 a\u015f fi fost pe deplin con\u015ftient de dimensiunile prostiei sale, poate m-a\u015f mai fi g\u00e2ndit pu\u0163in... Oricum, iat\u0103 c\u0103 lucrurile se a\u015feaz\u0103,\u2026","rel":"","context":"\u00cen \u201eGeneral\u201d","block_context":{"text":"General","link":"https:\/\/paulmelian.de\/blog\/?cat=8"},"img":{"alt_text":"","src":"https:\/\/i0.wp.com\/paulmelian.de\/blog\/wp-content\/uploads\/2021\/09\/Hornochse-300x298.jpg?resize=350%2C200","width":350,"height":200},"classes":[]},{"id":238,"url":"https:\/\/paulmelian.de\/blog\/?p=238","url_meta":{"origin":5862,"position":4},"title":"\u015eov\u0103il\u0103","author":"Mihai","date":"8 octombrie 2014","format":false,"excerpt":"Dan \u015eova ne spune: Eu nu cred c\u0103 ardelenii care se m\u00e2ndresc cu foarte multe lucruri pot vota un g\u00e2ngav \u00een fruntea \u0163\u0103rii. Nu cred c\u0103 pot vota un om \u00eencet la minte \u015fi nu cred c\u0103 pot vota un om care nu poate vorbi f\u0103r\u0103 prompter. Dac\u0103 \u00eemi spune\u0163i\u2026","rel":"","context":"\u00cen \u201eGeneral\u201d","block_context":{"text":"General","link":"https:\/\/paulmelian.de\/blog\/?cat=8"},"img":{"alt_text":"","src":"","width":0,"height":0},"classes":[]},{"id":4518,"url":"https:\/\/paulmelian.de\/blog\/?p=4518","url_meta":{"origin":5862,"position":5},"title":"Sonntag \/ Duminic\u0103","author":"Mihai","date":"12 aprilie 2020","format":false,"excerpt":"Der Unbekannte blieb am Zaun unter der E\u00dfkastanie stehen, mir direkt gegen\u00fcber. Sein Blick streifte die Str\u00e4ucher, die irgendwann - so Gott will - zu einer hohen und wilden Hecke zusammenwachsen werden: Liguster, Haselnu\u00df, Cornellkirsche, Jasmin, Flieder, Hibiskus. Dann schlenderte er weiter, hielt kurz vor jedem einzelnen Geh\u00f6lz inne und\u2026","rel":"","context":"\u00cen \u201eDeutsche Erinnerungen \/ Amintiri din Germania\u201d","block_context":{"text":"Deutsche Erinnerungen \/ Amintiri din Germania","link":"https:\/\/paulmelian.de\/blog\/?cat=2"},"img":{"alt_text":"","src":"https:\/\/i0.wp.com\/paulmelian.de\/blog\/wp-content\/uploads\/2020\/04\/P1000871a-300x225.jpg?resize=350%2C200","width":350,"height":200},"classes":[]}],"post_mailing_queue_ids":[],"_links":{"self":[{"href":"https:\/\/paulmelian.de\/blog\/index.php?rest_route=\/wp\/v2\/posts\/5862","targetHints":{"allow":["GET"]}}],"collection":[{"href":"https:\/\/paulmelian.de\/blog\/index.php?rest_route=\/wp\/v2\/posts"}],"about":[{"href":"https:\/\/paulmelian.de\/blog\/index.php?rest_route=\/wp\/v2\/types\/post"}],"author":[{"embeddable":true,"href":"https:\/\/paulmelian.de\/blog\/index.php?rest_route=\/wp\/v2\/users\/1"}],"replies":[{"embeddable":true,"href":"https:\/\/paulmelian.de\/blog\/index.php?rest_route=%2Fwp%2Fv2%2Fcomments&post=5862"}],"version-history":[{"count":1,"href":"https:\/\/paulmelian.de\/blog\/index.php?rest_route=\/wp\/v2\/posts\/5862\/revisions"}],"predecessor-version":[{"id":5863,"href":"https:\/\/paulmelian.de\/blog\/index.php?rest_route=\/wp\/v2\/posts\/5862\/revisions\/5863"}],"wp:attachment":[{"href":"https:\/\/paulmelian.de\/blog\/index.php?rest_route=%2Fwp%2Fv2%2Fmedia&parent=5862"}],"wp:term":[{"taxonomy":"category","embeddable":true,"href":"https:\/\/paulmelian.de\/blog\/index.php?rest_route=%2Fwp%2Fv2%2Fcategories&post=5862"},{"taxonomy":"post_tag","embeddable":true,"href":"https:\/\/paulmelian.de\/blog\/index.php?rest_route=%2Fwp%2Fv2%2Ftags&post=5862"}],"curies":[{"name":"wp","href":"https:\/\/api.w.org\/{rel}","templated":true}]}}