{"id":5865,"date":"2021-03-20T20:00:16","date_gmt":"2021-03-20T18:00:16","guid":{"rendered":"http:\/\/paulmelian.de\/blog\/?p=5865"},"modified":"2021-03-20T20:00:16","modified_gmt":"2021-03-20T18:00:16","slug":"der-fruhling-ist-da-a-venit-primavara","status":"publish","type":"post","link":"https:\/\/paulmelian.de\/blog\/?p=5865","title":{"rendered":"Der Fr\u00fchling ist da! A venit prim\u0103vara!"},"content":{"rendered":"<p><a href=\"https:\/\/i0.wp.com\/paulmelian.de\/blog\/wp-content\/uploads\/2021\/03\/Fruhling-20211.jpg\"><img data-recalc-dims=\"1\" loading=\"lazy\" decoding=\"async\" data-attachment-id=\"5866\" data-permalink=\"https:\/\/paulmelian.de\/blog\/?attachment_id=5866\" data-orig-file=\"https:\/\/i0.wp.com\/paulmelian.de\/blog\/wp-content\/uploads\/2021\/03\/Fruhling-20211.jpg?fit=1000%2C562&amp;ssl=1\" data-orig-size=\"1000,562\" data-comments-opened=\"1\" data-image-meta=\"{&quot;aperture&quot;:&quot;0&quot;,&quot;credit&quot;:&quot;&quot;,&quot;camera&quot;:&quot;&quot;,&quot;caption&quot;:&quot;&quot;,&quot;created_timestamp&quot;:&quot;0&quot;,&quot;copyright&quot;:&quot;&quot;,&quot;focal_length&quot;:&quot;0&quot;,&quot;iso&quot;:&quot;0&quot;,&quot;shutter_speed&quot;:&quot;0&quot;,&quot;title&quot;:&quot;&quot;,&quot;orientation&quot;:&quot;0&quot;}\" data-image-title=\"Fr\u00fchling 2021(1)\" data-image-description=\"\" data-image-caption=\"\" data-large-file=\"https:\/\/i0.wp.com\/paulmelian.de\/blog\/wp-content\/uploads\/2021\/03\/Fruhling-20211.jpg?fit=640%2C360&amp;ssl=1\" class=\"aligncenter size-medium wp-image-5866\" src=\"https:\/\/i0.wp.com\/paulmelian.de\/blog\/wp-content\/uploads\/2021\/03\/Fruhling-20211-300x169.jpg?resize=300%2C169\" alt=\"\" width=\"300\" height=\"169\" srcset=\"https:\/\/i0.wp.com\/paulmelian.de\/blog\/wp-content\/uploads\/2021\/03\/Fruhling-20211.jpg?resize=300%2C169&amp;ssl=1 300w, https:\/\/i0.wp.com\/paulmelian.de\/blog\/wp-content\/uploads\/2021\/03\/Fruhling-20211.jpg?resize=768%2C432&amp;ssl=1 768w, https:\/\/i0.wp.com\/paulmelian.de\/blog\/wp-content\/uploads\/2021\/03\/Fruhling-20211.jpg?w=1000&amp;ssl=1 1000w\" sizes=\"auto, (max-width: 300px) 100vw, 300px\" \/><\/a> <a href=\"https:\/\/i0.wp.com\/paulmelian.de\/blog\/wp-content\/uploads\/2021\/03\/Fruhling-20212.jpg\"><img data-recalc-dims=\"1\" loading=\"lazy\" decoding=\"async\" data-attachment-id=\"5867\" data-permalink=\"https:\/\/paulmelian.de\/blog\/?attachment_id=5867\" data-orig-file=\"https:\/\/i0.wp.com\/paulmelian.de\/blog\/wp-content\/uploads\/2021\/03\/Fruhling-20212.jpg?fit=1000%2C562&amp;ssl=1\" data-orig-size=\"1000,562\" data-comments-opened=\"1\" data-image-meta=\"{&quot;aperture&quot;:&quot;0&quot;,&quot;credit&quot;:&quot;&quot;,&quot;camera&quot;:&quot;&quot;,&quot;caption&quot;:&quot;&quot;,&quot;created_timestamp&quot;:&quot;0&quot;,&quot;copyright&quot;:&quot;&quot;,&quot;focal_length&quot;:&quot;0&quot;,&quot;iso&quot;:&quot;0&quot;,&quot;shutter_speed&quot;:&quot;0&quot;,&quot;title&quot;:&quot;&quot;,&quot;orientation&quot;:&quot;0&quot;}\" data-image-title=\"Fr\u00fchling 2021(2)\" data-image-description=\"\" data-image-caption=\"\" data-large-file=\"https:\/\/i0.wp.com\/paulmelian.de\/blog\/wp-content\/uploads\/2021\/03\/Fruhling-20212.jpg?fit=640%2C360&amp;ssl=1\" class=\"aligncenter size-medium wp-image-5867\" src=\"https:\/\/i0.wp.com\/paulmelian.de\/blog\/wp-content\/uploads\/2021\/03\/Fruhling-20212-300x169.jpg?resize=300%2C169\" alt=\"\" width=\"300\" height=\"169\" srcset=\"https:\/\/i0.wp.com\/paulmelian.de\/blog\/wp-content\/uploads\/2021\/03\/Fruhling-20212.jpg?resize=300%2C169&amp;ssl=1 300w, https:\/\/i0.wp.com\/paulmelian.de\/blog\/wp-content\/uploads\/2021\/03\/Fruhling-20212.jpg?resize=768%2C432&amp;ssl=1 768w, https:\/\/i0.wp.com\/paulmelian.de\/blog\/wp-content\/uploads\/2021\/03\/Fruhling-20212.jpg?w=1000&amp;ssl=1 1000w\" sizes=\"auto, (max-width: 300px) 100vw, 300px\" \/><\/a><\/p>\n","protected":false},"excerpt":{"rendered":"","protected":false},"author":1,"featured_media":0,"comment_status":"open","ping_status":"open","sticky":false,"template":"","format":"standard","meta":{"ngg_post_thumbnail":0,"jetpack_post_was_ever_published":false,"_jetpack_newsletter_access":"","_jetpack_dont_email_post_to_subs":false,"_jetpack_newsletter_tier_id":0,"_jetpack_memberships_contains_paywalled_content":false,"_jetpack_memberships_contains_paid_content":false,"footnotes":"","jetpack_publicize_message":"","jetpack_publicize_feature_enabled":true,"jetpack_social_post_already_shared":true,"jetpack_social_options":{"image_generator_settings":{"template":"highway","default_image_id":0,"font":"","enabled":false},"version":2}},"categories":[8,3,1],"tags":[],"class_list":["post-5865","post","type-post","status-publish","format-standard","hentry","category-general","category-anotimpuri","category-fara-categorie"],"jetpack_publicize_connections":[],"jetpack_featured_media_url":"","jetpack_sharing_enabled":true,"jetpack_shortlink":"https:\/\/wp.me\/p9mZDH-1wB","jetpack_likes_enabled":true,"jetpack-related-posts":[{"id":3269,"url":"https:\/\/paulmelian.de\/blog\/?p=3269","url_meta":{"origin":5865,"position":0},"title":"Fr\u00fchling \/ Prim\u0103var\u0103","author":"Mihai","date":"14 martie 2019","format":false,"excerpt":"Es wird langsam w\u00e4rmer. Die rum\u00e4nischen \"Bauern*\" fangen wieder an, ihre Stoppelfelder, die verwahrlosten Wiesen und die ungepflegten Hecken abzufackeln. Au\u00dfer dem Kleingetier verbrennen h\u00e4ufig mit: Z\u00e4une, Tore, Strommasten, Skilifte, Heuhaufen, Scheunen, H\u00e4user und W\u00e4lder. Nat\u00fcrlich ist dies verboten, und die Menschen wissen das. Aber wen k\u00fcmmert es? Die Beh\u00f6rden\u2026","rel":"","context":"\u00cen \u201eGeneral\u201d","block_context":{"text":"General","link":"https:\/\/paulmelian.de\/blog\/?cat=8"},"img":{"alt_text":"","src":"https:\/\/i0.wp.com\/paulmelian.de\/blog\/wp-content\/uploads\/2019\/03\/incendiu_miriste-300x225.jpeg?resize=350%2C200","width":350,"height":200},"classes":[]},{"id":3117,"url":"https:\/\/paulmelian.de\/blog\/?p=3117","url_meta":{"origin":5865,"position":1},"title":"Eis auf die M\u00fchlen der \u00f6kologischen Negationisten \/ Ghea\u0163\u0103 la moara nega\u0163ioni\u015ftilor ecologici","author":"Mihai","date":"31 ianuarie 2019","format":false,"excerpt":"Die aktuelle K\u00e4ltewelle aus Nordamerika wird wohl von diesen Leuten wieder einmal, mit der von ihnen bekannten fanatischen Dumpfheit, als Beweis daf\u00fcr angesehen, dass Klimaerw\u00e4rmung ein Mythos ist. Das Ekelgef\u00fchl, die Verachtung und die Langeweile hindern mich jedoch daran, diese Vermutung nachzupr\u00fcfen... zum Teufel mit euch. === Actualul val de\u2026","rel":"","context":"\u00cen \u201eDeutsche Erinnerungen \/ Amintiri din Germania\u201d","block_context":{"text":"Deutsche Erinnerungen \/ Amintiri din Germania","link":"https:\/\/paulmelian.de\/blog\/?cat=2"},"img":{"alt_text":"","src":"https:\/\/i0.wp.com\/paulmelian.de\/blog\/wp-content\/uploads\/2019\/01\/chicago-frost-101_v-videowebl.jpg?resize=350%2C200","width":350,"height":200,"srcset":"https:\/\/i0.wp.com\/paulmelian.de\/blog\/wp-content\/uploads\/2019\/01\/chicago-frost-101_v-videowebl.jpg?resize=350%2C200 1x, https:\/\/i0.wp.com\/paulmelian.de\/blog\/wp-content\/uploads\/2019\/01\/chicago-frost-101_v-videowebl.jpg?resize=525%2C300 1.5x, https:\/\/i0.wp.com\/paulmelian.de\/blog\/wp-content\/uploads\/2019\/01\/chicago-frost-101_v-videowebl.jpg?resize=700%2C400 2x"},"classes":[]},{"id":4775,"url":"https:\/\/paulmelian.de\/blog\/?p=4775","url_meta":{"origin":5865,"position":2},"title":"Grau \/ Gri","author":"Mihai","date":"18 iunie 2020","format":false,"excerpt":"Grauer Himmel, grauer Regen, graue Gedanken. Ich repariere einen grauen, halbvermoderten Holzzaun und sinniere \u00fcber die besondere \u00c4sthetik der Farbe grau, \u00fcber den Verfall und dessen grenzenlose Nachhaltigkeit. === Cer gri, ploaie gri, g\u00e2nduri gri. Repar un gard de lemn gri pe jum\u0103tate putred \u015fi reflectez asupra esteticii deosebite a\u2026","rel":"","context":"\u00cen \u201eGeneral\u201d","block_context":{"text":"General","link":"https:\/\/paulmelian.de\/blog\/?cat=8"},"img":{"alt_text":"","src":"https:\/\/i0.wp.com\/paulmelian.de\/blog\/wp-content\/uploads\/2020\/06\/Holzzaun2-300x225.jpg?resize=350%2C200","width":350,"height":200},"classes":[]},{"id":1292,"url":"https:\/\/paulmelian.de\/blog\/?p=1292","url_meta":{"origin":5865,"position":3},"title":"E toamn\u0103","author":"Mihai","date":"30 octombrie 2015","format":false,"excerpt":"Am avut azi pentru prima dat\u0103 \u00een acest an revela\u0163ia toamnei. P\u00e2n\u0103 acum era doar o var\u0103 care trecuse...","rel":"","context":"\u00cen \u201eGeneral\u201d","block_context":{"text":"General","link":"https:\/\/paulmelian.de\/blog\/?cat=8"},"img":{"alt_text":"","src":"","width":0,"height":0},"classes":[]},{"id":5418,"url":"https:\/\/paulmelian.de\/blog\/?p=5418","url_meta":{"origin":5865,"position":4},"title":"Wetterkapriolen \/ Capriolele vremii","author":"Mihai","date":"23 noiembrie 2020","format":false,"excerpt":"Samstag vor einer Woche habe ich noch einmal den Rasen gem\u00e4ht, die relativ warme und feuchte Witterung hat dies erforderlich gemacht. Am vergangenen Samstag habe ich Schnee r\u00e4umen m\u00fcssen... mit dem Traktor. === \u00cen urm\u0103 cu o s\u0103pt\u0103m\u00e2n\u0103 bun\u0103 am tuns \u00eenc\u0103 odat\u0103 gazonul, vremea relativ cald\u0103 \u015fi umed\u0103 a\u2026","rel":"","context":"\u00cen \u201eGeneral\u201d","block_context":{"text":"General","link":"https:\/\/paulmelian.de\/blog\/?cat=8"},"img":{"alt_text":"","src":"","width":0,"height":0},"classes":[]},{"id":3361,"url":"https:\/\/paulmelian.de\/blog\/?p=3361","url_meta":{"origin":5865,"position":5},"title":"Sisyphos l\u00e4\u00dft gr\u00fcssen \/ Salut\u0103ri de la Sisif","author":"Mihai","date":"27 aprilie 2019","format":false,"excerpt":"Der Versuch einer sachlichen Diskussion mit den \u00f6kologischen Negationisten \u00fcber Umwelt- bzw. Klimaschutz ist aussichtslos. Man rennt gegen die Gummiwand. Ich habe es lange genug versucht, siehe 1, 2, 3, 4, 5, 6, ich mu\u00df mich mittlerweile geschlagen geben. Das erinnert mich an die Geschichte mit den zwei Duellanten (frei\u2026","rel":"","context":"\u00cen \u201eDeutsche Erinnerungen \/ Amintiri din Germania\u201d","block_context":{"text":"Deutsche Erinnerungen \/ Amintiri din Germania","link":"https:\/\/paulmelian.de\/blog\/?cat=2"},"img":{"alt_text":"","src":"https:\/\/i0.wp.com\/paulmelian.de\/blog\/wp-content\/uploads\/2015\/12\/kopfsand-300x186.jpg?resize=350%2C200","width":350,"height":200},"classes":[]}],"post_mailing_queue_ids":[],"_links":{"self":[{"href":"https:\/\/paulmelian.de\/blog\/index.php?rest_route=\/wp\/v2\/posts\/5865","targetHints":{"allow":["GET"]}}],"collection":[{"href":"https:\/\/paulmelian.de\/blog\/index.php?rest_route=\/wp\/v2\/posts"}],"about":[{"href":"https:\/\/paulmelian.de\/blog\/index.php?rest_route=\/wp\/v2\/types\/post"}],"author":[{"embeddable":true,"href":"https:\/\/paulmelian.de\/blog\/index.php?rest_route=\/wp\/v2\/users\/1"}],"replies":[{"embeddable":true,"href":"https:\/\/paulmelian.de\/blog\/index.php?rest_route=%2Fwp%2Fv2%2Fcomments&post=5865"}],"version-history":[{"count":1,"href":"https:\/\/paulmelian.de\/blog\/index.php?rest_route=\/wp\/v2\/posts\/5865\/revisions"}],"predecessor-version":[{"id":5868,"href":"https:\/\/paulmelian.de\/blog\/index.php?rest_route=\/wp\/v2\/posts\/5865\/revisions\/5868"}],"wp:attachment":[{"href":"https:\/\/paulmelian.de\/blog\/index.php?rest_route=%2Fwp%2Fv2%2Fmedia&parent=5865"}],"wp:term":[{"taxonomy":"category","embeddable":true,"href":"https:\/\/paulmelian.de\/blog\/index.php?rest_route=%2Fwp%2Fv2%2Fcategories&post=5865"},{"taxonomy":"post_tag","embeddable":true,"href":"https:\/\/paulmelian.de\/blog\/index.php?rest_route=%2Fwp%2Fv2%2Ftags&post=5865"}],"curies":[{"name":"wp","href":"https:\/\/api.w.org\/{rel}","templated":true}]}}