{"id":5918,"date":"2021-06-06T07:37:11","date_gmt":"2021-06-06T05:37:11","guid":{"rendered":"http:\/\/paulmelian.de\/blog\/?p=5918"},"modified":"2021-06-06T07:38:49","modified_gmt":"2021-06-06T05:38:49","slug":"begrundung-justificare","status":"publish","type":"post","link":"https:\/\/paulmelian.de\/blog\/?p=5918","title":{"rendered":"Begr\u00fcndung \/ Justificare"},"content":{"rendered":"<p>Die italienische K\u00fcstenwache hat das unter deutscher Flagge agierende Rettungsschiff Sea-Eye 4 <a href=\"https:\/\/www.tagesschau.de\/ausland\/europa\/sea-eye-palermo-101.html\">festgesetzt<\/a>. Begr\u00fcndung: die ungen\u00fcgenden Sicherheitsvorrichtungen des Schiffs, die u.a. das Leben der Geretteten in Gefahr bringt.<\/p>\n<p style=\"text-align: center;\">===<\/p>\n<p>Garda de coast\u0103 italian\u0103 <a href=\"https:\/\/www.tagesschau.de\/ausland\/europa\/sea-eye-palermo-101.html\">a blocat<\/a> nava de salvare sub pavilion german Sea-Eye 4. Motivul: dispozitivele de siguran\u0163\u0103 nesatisf\u0103c\u0103toare pun \u00een pericol, printre altele, via\u0163a celor salva\u0163i.<br \/>\n<a href=\"https:\/\/i0.wp.com\/paulmelian.de\/blog\/wp-content\/uploads\/2021\/06\/sea-eye.jpg\"><img data-recalc-dims=\"1\" loading=\"lazy\" decoding=\"async\" data-attachment-id=\"5919\" data-permalink=\"https:\/\/paulmelian.de\/blog\/?attachment_id=5919\" data-orig-file=\"https:\/\/i0.wp.com\/paulmelian.de\/blog\/wp-content\/uploads\/2021\/06\/sea-eye.jpg?fit=1024%2C460&amp;ssl=1\" data-orig-size=\"1024,460\" data-comments-opened=\"1\" data-image-meta=\"{&quot;aperture&quot;:&quot;0&quot;,&quot;credit&quot;:&quot;&quot;,&quot;camera&quot;:&quot;&quot;,&quot;caption&quot;:&quot;&quot;,&quot;created_timestamp&quot;:&quot;0&quot;,&quot;copyright&quot;:&quot;&quot;,&quot;focal_length&quot;:&quot;0&quot;,&quot;iso&quot;:&quot;0&quot;,&quot;shutter_speed&quot;:&quot;0&quot;,&quot;title&quot;:&quot;&quot;,&quot;orientation&quot;:&quot;0&quot;}\" data-image-title=\"sea eye\" data-image-description=\"\" data-image-caption=\"\" data-large-file=\"https:\/\/i0.wp.com\/paulmelian.de\/blog\/wp-content\/uploads\/2021\/06\/sea-eye.jpg?fit=640%2C288&amp;ssl=1\" class=\"aligncenter size-medium wp-image-5919\" src=\"https:\/\/i0.wp.com\/paulmelian.de\/blog\/wp-content\/uploads\/2021\/06\/sea-eye-300x135.jpg?resize=300%2C135\" alt=\"\" width=\"300\" height=\"135\" srcset=\"https:\/\/i0.wp.com\/paulmelian.de\/blog\/wp-content\/uploads\/2021\/06\/sea-eye.jpg?resize=300%2C135&amp;ssl=1 300w, https:\/\/i0.wp.com\/paulmelian.de\/blog\/wp-content\/uploads\/2021\/06\/sea-eye.jpg?resize=768%2C345&amp;ssl=1 768w, https:\/\/i0.wp.com\/paulmelian.de\/blog\/wp-content\/uploads\/2021\/06\/sea-eye.jpg?w=1024&amp;ssl=1 1024w\" sizes=\"auto, (max-width: 300px) 100vw, 300px\" \/><\/a><\/p>\n","protected":false},"excerpt":{"rendered":"<p>Die italienische K\u00fcstenwache hat das unter deutscher Flagge agierende Rettungsschiff Sea-Eye 4 festgesetzt. Begr\u00fcndung: die ungen\u00fcgenden Sicherheitsvorrichtungen des Schiffs, die u.a. das Leben der Geretteten in Gefahr bringt. === Garda de coast\u0103 italian\u0103 a blocat nava de salvare sub pavilion &hellip; <a href=\"https:\/\/paulmelian.de\/blog\/?p=5918\">Continu\u0103 s\u0103 cite\u0219ti <span class=\"meta-nav\">&rarr;<\/span><\/a><\/p>\n","protected":false},"author":1,"featured_media":0,"comment_status":"open","ping_status":"open","sticky":false,"template":"","format":"standard","meta":{"ngg_post_thumbnail":0,"jetpack_post_was_ever_published":false,"_jetpack_newsletter_access":"","_jetpack_dont_email_post_to_subs":false,"_jetpack_newsletter_tier_id":0,"_jetpack_memberships_contains_paywalled_content":false,"_jetpack_memberships_contains_paid_content":false,"footnotes":"","jetpack_publicize_message":"","jetpack_publicize_feature_enabled":true,"jetpack_social_post_already_shared":true,"jetpack_social_options":{"image_generator_settings":{"template":"highway","default_image_id":0,"font":"","enabled":false},"version":2}},"categories":[2,8,9,6,14,17],"tags":[],"class_list":["post-5918","post","type-post","status-publish","format-standard","hentry","category-amintiri-din-germania","category-general","category-internautice","category-borituri","category-oameni","category-politica"],"jetpack_publicize_connections":[],"jetpack_featured_media_url":"","jetpack_sharing_enabled":true,"jetpack_shortlink":"https:\/\/wp.me\/p9mZDH-1xs","jetpack_likes_enabled":true,"jetpack-related-posts":[{"id":3670,"url":"https:\/\/paulmelian.de\/blog\/?p=3670","url_meta":{"origin":5918,"position":0},"title":"Premiere \/ Premier\u0103","author":"Mihai","date":"16 august 2019","format":false,"excerpt":"Der Pr\u00e4sident eines Landes legt der Regierung eines alliierten Landes nahe, die Einreise eigener Parlamentarier in das letztgenannte Land zu verweigern! Es wird gemunkelt, dass der rum\u00e4nischen Premierministerin Viorica Dancila das Wasser im Munde zusammenl\u00e4uft und dass sie die rum\u00e4nische Premiere dieser politischen Technik anstrebt: sie wird Belgien dringend empfehlen,\u2026","rel":"","context":"\u00cen \u201eGeneral\u201d","block_context":{"text":"General","link":"https:\/\/paulmelian.de\/blog\/?cat=8"},"img":{"alt_text":"","src":"https:\/\/i0.wp.com\/paulmelian.de\/blog\/wp-content\/uploads\/2019\/08\/10797674-300x300.jpg?resize=350%2C200","width":350,"height":200},"classes":[]},{"id":4089,"url":"https:\/\/paulmelian.de\/blog\/?p=4089","url_meta":{"origin":5918,"position":1},"title":"Essbare Kunst","author":"Mihai","date":"8 decembrie 2019","format":false,"excerpt":"Eine mit Klebeband aufgeklebte Banane des K\u00fcnstlers Maurizio Cattelan, die f\u00fcr 120.000 Dollar verkauft wurde, wurde von einem anderen Aktionsk\u00fcnstler noch w\u00e4hrend der Ausstellung publikumswirksam verspeist. Die Kunstgalerie, wo dieses bedeutende Ereignis stattfand, ist der Meinung, dass der K\u00e4ufer nicht gesch\u00e4digt wurde, da das Kunstwerk nach wie vor in Form\u2026","rel":"","context":"\u00cen \u201eDeutsche Erinnerungen \/ Amintiri din Germania\u201d","block_context":{"text":"Deutsche Erinnerungen \/ Amintiri din Germania","link":"https:\/\/paulmelian.de\/blog\/?cat=2"},"img":{"alt_text":"","src":"https:\/\/i0.wp.com\/paulmelian.de\/blog\/wp-content\/uploads\/2019\/12\/banane-103_v-modPremium-300x84.jpg?resize=350%2C200","width":350,"height":200},"classes":[]},{"id":4588,"url":"https:\/\/paulmelian.de\/blog\/?p=4588","url_meta":{"origin":5918,"position":2},"title":"Wie die Zeit verrinnt \/ Cum se scurge timpul","author":"Mihai","date":"25 aprilie 2020","format":false,"excerpt":"Vor Jahren habe ich bereits eindeutig bewiesen, dass es \"Die Zeit\" gar nicht gibt. Jetzt will ich Ihnen eine andere Weisheit mitteilen: \u201eDie Zeit\u201c existiert nicht, aber sie flie\u00dft gegen den Uhrzeigersinn. Und wenn Ihnen diese Erkenntnis nicht gef\u00e4llt, kommen Sie gelegentlich wieder, wir kriegen immer wieder Neues von der\u2026","rel":"","context":"\u00cen \u201eGeneral\u201d","block_context":{"text":"General","link":"https:\/\/paulmelian.de\/blog\/?cat=8"},"img":{"alt_text":"","src":"https:\/\/i0.wp.com\/paulmelian.de\/blog\/wp-content\/uploads\/2018\/02\/Dali-Uhr-150x150.jpg?resize=350%2C200","width":350,"height":200},"classes":[]},{"id":7170,"url":"https:\/\/paulmelian.de\/blog\/?p=7170","url_meta":{"origin":5918,"position":3},"title":"Bonner Kochclub, 1975","author":"Mihai","date":"8 martie 2026","format":false,"excerpt":"In den Siebzigern bin ich in Bonn f\u00fcr einige Zeit in eine kosmopolite Gesellschaft geraten, so eine Art intellektuell angehauchten Kochclub. Die Gastgeberin war Sekret\u00e4rin im Ausw\u00e4rtigen Amt, w\u00e4hlte gr\u00fcn und war die geheime Geliebte eines hohen CDU-Parteifunktion\u00e4rs. Der heutige Koch war der Libanese Abdel Nour, ein Botschaftsangeh\u00f6riger, Kulturattach\u00e9 oder\u2026","rel":"","context":"\u00cen \u201eDeutsche Erinnerungen \/ Amintiri din Germania\u201d","block_context":{"text":"Deutsche Erinnerungen \/ Amintiri din Germania","link":"https:\/\/paulmelian.de\/blog\/?cat=2"},"img":{"alt_text":"","src":"","width":0,"height":0},"classes":[]},{"id":3242,"url":"https:\/\/paulmelian.de\/blog\/?p=3242","url_meta":{"origin":5918,"position":4},"title":"Krass!","author":"Mihai","date":"7 martie 2019","format":false,"excerpt":"Nach einem Karnevalwitz \u00fcber die Einf\u00fchrung der Toiletten fur das dritte Geschlecht, der vom P\u00f6bel mit Gejohle belohnt wurde, sah sich die Vorsitzende der CDU, Anegret Kramp-Karrenbauer, mit Kritik konfrontiert. Jetzt ist sie in die Offensive gegangen: Heute habe ich das Gef\u00fchl, wir sind das verkrampfteste Volk, das \u00fcberhaupt je\u2026","rel":"","context":"\u00cen \u201eAntifeminismus \/ Antifeminism\u201d","block_context":{"text":"Antifeminismus \/ Antifeminism","link":"https:\/\/paulmelian.de\/blog\/?cat=4"},"img":{"alt_text":"","src":"https:\/\/i0.wp.com\/paulmelian.de\/blog\/wp-content\/uploads\/2018\/02\/teflonmerkel-1.jpg?resize=350%2C200","width":350,"height":200},"classes":[]},{"id":3216,"url":"https:\/\/paulmelian.de\/blog\/?p=3216","url_meta":{"origin":5918,"position":5},"title":"Klimakiller \/ Uciga\u015fii climei","author":"Mihai","date":"21 februarie 2019","format":false,"excerpt":"Man findet diese Bezeichnung neuerdings immer h\u00e4ufiger, wenn es um Faktoren die Rede ist, die das Klima beeinflussen. Bl\u00f6dsinn. Das Klima wird in jedem Fall \u00fcberleben. Es fragt sich nur, ob es uns noch gefallen wird. Noch abstruser wird es, wenn man, bewu\u00dft oder unbewu\u00dft, Systeme bezichtigt, die selbst unter\u2026","rel":"","context":"\u00cen \u201eGeneral\u201d","block_context":{"text":"General","link":"https:\/\/paulmelian.de\/blog\/?cat=8"},"img":{"alt_text":"","src":"https:\/\/i0.wp.com\/paulmelian.de\/blog\/wp-content\/uploads\/2019\/02\/banff-nationalpark-kanada-101_v-modPremium-300x84.jpg?resize=350%2C200","width":350,"height":200},"classes":[]}],"post_mailing_queue_ids":[],"_links":{"self":[{"href":"https:\/\/paulmelian.de\/blog\/index.php?rest_route=\/wp\/v2\/posts\/5918","targetHints":{"allow":["GET"]}}],"collection":[{"href":"https:\/\/paulmelian.de\/blog\/index.php?rest_route=\/wp\/v2\/posts"}],"about":[{"href":"https:\/\/paulmelian.de\/blog\/index.php?rest_route=\/wp\/v2\/types\/post"}],"author":[{"embeddable":true,"href":"https:\/\/paulmelian.de\/blog\/index.php?rest_route=\/wp\/v2\/users\/1"}],"replies":[{"embeddable":true,"href":"https:\/\/paulmelian.de\/blog\/index.php?rest_route=%2Fwp%2Fv2%2Fcomments&post=5918"}],"version-history":[{"count":2,"href":"https:\/\/paulmelian.de\/blog\/index.php?rest_route=\/wp\/v2\/posts\/5918\/revisions"}],"predecessor-version":[{"id":5921,"href":"https:\/\/paulmelian.de\/blog\/index.php?rest_route=\/wp\/v2\/posts\/5918\/revisions\/5921"}],"wp:attachment":[{"href":"https:\/\/paulmelian.de\/blog\/index.php?rest_route=%2Fwp%2Fv2%2Fmedia&parent=5918"}],"wp:term":[{"taxonomy":"category","embeddable":true,"href":"https:\/\/paulmelian.de\/blog\/index.php?rest_route=%2Fwp%2Fv2%2Fcategories&post=5918"},{"taxonomy":"post_tag","embeddable":true,"href":"https:\/\/paulmelian.de\/blog\/index.php?rest_route=%2Fwp%2Fv2%2Ftags&post=5918"}],"curies":[{"name":"wp","href":"https:\/\/api.w.org\/{rel}","templated":true}]}}