{"id":5935,"date":"2021-06-11T14:55:45","date_gmt":"2021-06-11T12:55:45","guid":{"rendered":"http:\/\/paulmelian.de\/blog\/?p=5935"},"modified":"2021-06-12T12:12:43","modified_gmt":"2021-06-12T10:12:43","slug":"unde-dai-si-unde-crapa","status":"publish","type":"post","link":"https:\/\/paulmelian.de\/blog\/?p=5935","title":{"rendered":"Unde dai \u015fi unde crap\u0103!"},"content":{"rendered":"<p>Se zvone\u015fte c\u0103 fostul parlamentar UE \u015fi apropriat al lui Viktor Orb\u00e1n, <a href=\"https:\/\/en.wikipedia.org\/wiki\/J%C3%B3zsef_Sz%C3%A1jer\">J\u00f3zsef Sz\u00e1jer<\/a>, care, dup\u0103 cum se \u015ftie, a trebuit s\u0103 se retrag\u0103 din via\u0163a politic\u0103 dup\u0103 un picant scandal cu implica\u0163ii homosexuale, a fost internat recent la ospiciul de nebuni.<br \/>\nLa vestea c\u0103 \u00een Ungaria legisla\u0163ia <a href=\"https:\/\/www.tagesschau.de\/ausland\/europa\/ungarn-fidesz-homosexualitaet-101.html\">va favoriza pe viitor<\/a> discriminarea persoanelor cu orientare LGBTQI, el a \u00eencercat s\u0103 treac\u0103 fraudulos grani\u0163a \u00eenspre Serbia, sper\u00e2nd s\u0103 ajung\u0103 \u00een Rusia, unde voia s\u0103 cear\u0103 azil politic, ca s\u0103 fie \u00een siguran\u0163\u0103&#8230;<br \/>\n<a href=\"https:\/\/i0.wp.com\/paulmelian.de\/blog\/wp-content\/uploads\/2021\/06\/Szajer.jpg\"><img data-recalc-dims=\"1\" loading=\"lazy\" decoding=\"async\" data-attachment-id=\"5939\" data-permalink=\"https:\/\/paulmelian.de\/blog\/?attachment_id=5939\" data-orig-file=\"https:\/\/i0.wp.com\/paulmelian.de\/blog\/wp-content\/uploads\/2021\/06\/Szajer.jpg?fit=976%2C549&amp;ssl=1\" data-orig-size=\"976,549\" data-comments-opened=\"1\" data-image-meta=\"{&quot;aperture&quot;:&quot;0&quot;,&quot;credit&quot;:&quot;&quot;,&quot;camera&quot;:&quot;&quot;,&quot;caption&quot;:&quot;&quot;,&quot;created_timestamp&quot;:&quot;0&quot;,&quot;copyright&quot;:&quot;&quot;,&quot;focal_length&quot;:&quot;0&quot;,&quot;iso&quot;:&quot;0&quot;,&quot;shutter_speed&quot;:&quot;0&quot;,&quot;title&quot;:&quot;&quot;,&quot;orientation&quot;:&quot;0&quot;}\" data-image-title=\"Szajer\" data-image-description=\"\" data-image-caption=\"\" data-large-file=\"https:\/\/i0.wp.com\/paulmelian.de\/blog\/wp-content\/uploads\/2021\/06\/Szajer.jpg?fit=640%2C360&amp;ssl=1\" class=\"aligncenter size-medium wp-image-5939\" src=\"https:\/\/i0.wp.com\/paulmelian.de\/blog\/wp-content\/uploads\/2021\/06\/Szajer-300x169.jpg?resize=300%2C169\" alt=\"\" width=\"300\" height=\"169\" srcset=\"https:\/\/i0.wp.com\/paulmelian.de\/blog\/wp-content\/uploads\/2021\/06\/Szajer.jpg?resize=300%2C169&amp;ssl=1 300w, https:\/\/i0.wp.com\/paulmelian.de\/blog\/wp-content\/uploads\/2021\/06\/Szajer.jpg?resize=768%2C432&amp;ssl=1 768w, https:\/\/i0.wp.com\/paulmelian.de\/blog\/wp-content\/uploads\/2021\/06\/Szajer.jpg?w=976&amp;ssl=1 976w\" sizes=\"auto, (max-width: 300px) 100vw, 300px\" \/><\/a><\/p>\n","protected":false},"excerpt":{"rendered":"<p>Se zvone\u015fte c\u0103 fostul parlamentar UE \u015fi apropriat al lui Viktor Orb\u00e1n, J\u00f3zsef Sz\u00e1jer, care, dup\u0103 cum se \u015ftie, a trebuit s\u0103 se retrag\u0103 din via\u0163a politic\u0103 dup\u0103 un picant scandal cu implica\u0163ii homosexuale, a fost internat recent la ospiciul &hellip; <a href=\"https:\/\/paulmelian.de\/blog\/?p=5935\">Continu\u0103 s\u0103 cite\u0219ti <span class=\"meta-nav\">&rarr;<\/span><\/a><\/p>\n","protected":false},"author":1,"featured_media":0,"comment_status":"open","ping_status":"open","sticky":false,"template":"","format":"standard","meta":{"ngg_post_thumbnail":0,"jetpack_post_was_ever_published":false,"_jetpack_newsletter_access":"","_jetpack_dont_email_post_to_subs":false,"_jetpack_newsletter_tier_id":0,"_jetpack_memberships_contains_paywalled_content":false,"_jetpack_memberships_contains_paid_content":false,"footnotes":"","jetpack_publicize_message":"","jetpack_publicize_feature_enabled":true,"jetpack_social_post_already_shared":true,"jetpack_social_options":{"image_generator_settings":{"template":"highway","default_image_id":0,"font":"","enabled":false},"version":2}},"categories":[9,6,14,1,17],"tags":[],"class_list":["post-5935","post","type-post","status-publish","format-standard","hentry","category-internautice","category-borituri","category-oameni","category-fara-categorie","category-politica"],"jetpack_publicize_connections":[],"jetpack_featured_media_url":"","jetpack_sharing_enabled":true,"jetpack_shortlink":"https:\/\/wp.me\/p9mZDH-1xJ","jetpack_likes_enabled":true,"jetpack-related-posts":[{"id":1389,"url":"https:\/\/paulmelian.de\/blog\/?p=1389","url_meta":{"origin":5935,"position":0},"title":"Perit-au mili\u0163ienii?","author":"Mihai","date":"11 ianuarie 2016","format":false,"excerpt":"Un nu hot\u0103r\u00e2t. P\u0103str\u00e2ndu-le o amintire pioas\u0103 \u00eenc\u0103 din tinere\u0163e, \u00eemi este u\u015for s\u0103-i recunosc: sunt peste tot, s-au reciclat, s-au aranjat, unii chiar au \u00eentinerit... Pe cei mai simpli dintre ei (fo\u015fti serjen\u0163i sau plotoneri) \u00eei reg\u0103se\u015fti \u00een ghereta portarului la tot felul de institu\u0163ii. Te las\u0103 s\u0103 intri\u2026","rel":"","context":"\u00cen \u201eGeneral\u201d","block_context":{"text":"General","link":"https:\/\/paulmelian.de\/blog\/?cat=8"},"img":{"alt_text":"","src":"","width":0,"height":0},"classes":[]},{"id":184,"url":"https:\/\/paulmelian.de\/blog\/?p=184","url_meta":{"origin":5935,"position":1},"title":"Mafyotu sa dus la nunta lu Figaro","author":"StelyStu Mafyot","date":"28 ianuarie 2014","format":false,"excerpt":"Autor: $tely$tu Mafyot deci numai pot de nervi la ce rai si tepari sau facut oameni dela noi deaicea pe zona uite ceam patit zic sa stie lumea sa nu faca ca mine deci ma suna niste tovarasi care iam cunoscut la noi la peluza a fost la meciu care\u2026","rel":"","context":"\u00cen \u201eCol\u0163u' manelomanului\u201d","block_context":{"text":"Col\u0163u' manelomanului","link":"https:\/\/paulmelian.de\/blog\/?cat=7"},"img":{"alt_text":"","src":"","width":0,"height":0},"classes":[]},{"id":4553,"url":"https:\/\/paulmelian.de\/blog\/?p=4553","url_meta":{"origin":5935,"position":2},"title":"Ostern 1986 \/ De Pa\u015fti, 1986","author":"Mihai","date":"17 aprilie 2020","format":false,"excerpt":"Tocmai trecusem de monstruoasa barier\u0103 de la grani\u0163a austro-ungar\u0103. Postamentul, articula\u0163ia \u015fi bara sunt din o\u0163el masiv: nic\u0103ieri, \u00een afar\u0103 poate de Berlin, nu se potrive\u015fte mai bine denumirea de Cortina de Fier dec\u00e2t aici. Pe locul de parcare din fa\u0163a cl\u0103dirii unde se acord\u0103 viza, \u00eenghesuial\u0103 mare. \u00cen cl\u0103dire,\u2026","rel":"","context":"\u00cen \u201eDeutsche Erinnerungen \/ Amintiri din Germania\u201d","block_context":{"text":"Deutsche Erinnerungen \/ Amintiri din Germania","link":"https:\/\/paulmelian.de\/blog\/?cat=2"},"img":{"alt_text":"","src":"https:\/\/i0.wp.com\/paulmelian.de\/blog\/wp-content\/uploads\/2020\/04\/Ostern-300x224.jpg?resize=350%2C200","width":350,"height":200},"classes":[]},{"id":258,"url":"https:\/\/paulmelian.de\/blog\/?p=258","url_meta":{"origin":5935,"position":3},"title":"Ave\u0163i grij\u0103, unde c\u0103lca\u0163i!","author":"Mihai","date":"19 noiembrie 2014","format":false,"excerpt":"Nu c\u0103 mi-ar fi mil\u0103 de ei, dar g\u00e2ndi\u0163i-v\u0103 la miros! R\u0103zg\u00e2ndacii mi\u015fun\u0103 din nou febril, \u00eencerc\u00e2nd s\u0103 se adapteze noii situa\u0163ii. \u00cePS (\u00cenalt Prea Slinosul) Patriarh Daniel, cu mirosul s\u0103u fin, a f\u0103cut aceasta chiar \u00een ziua alegerilor (dup\u0103 principiul necredincio\u015filor care se \u00eentreab\u0103: \u201cDar dac\u0103 totu\u015fi exist\u0103?\u201d) \u015fi\u2026","rel":"","context":"\u00cen \u201eGeneral\u201d","block_context":{"text":"General","link":"https:\/\/paulmelian.de\/blog\/?cat=8"},"img":{"alt_text":"","src":"","width":0,"height":0},"classes":[]},{"id":5368,"url":"https:\/\/paulmelian.de\/blog\/?p=5368","url_meta":{"origin":5935,"position":4},"title":"P\u0103m\u00e2nt p\u00e2rjolit","author":"Mihai","date":"17 noiembrie 2020","format":false,"excerpt":"Dup\u0103 ce a aruncat Siria \u00een haos, Donald Trump anun\u0163\u0103 retragerea trupelor americane din Afganistan, lucru care ar afecta grav nu numai siguran\u0163a popula\u0163iei autohtone, dar \u015fi pe cea a partenerilor NATO care sunt prezen\u0163i aici. \u00cen afar\u0103 de asta, nume\u015fte judec\u0103tori conservatori pe unde apuc\u0103, \u00eei demite pe Ministrul\u2026","rel":"","context":"\u00cen \u201eGeneral\u201d","block_context":{"text":"General","link":"https:\/\/paulmelian.de\/blog\/?cat=8"},"img":{"alt_text":"","src":"https:\/\/i0.wp.com\/paulmelian.de\/blog\/wp-content\/uploads\/2020\/11\/Verbrannte-Erde-300x169.jpg?resize=350%2C200","width":350,"height":200},"classes":[]},{"id":252,"url":"https:\/\/paulmelian.de\/blog\/?p=252","url_meta":{"origin":5935,"position":5},"title":"Civism \u015fi politic\u0103","author":"Mihai","date":"15 noiembrie 2014","format":false,"excerpt":"Sub acest titlu, echipa de voluntari care creeaz\u0103 DEX Online public\u0103 un text care ne arat\u0103 de ce se implic\u0103 \u00een procesul de formare a opiniei politice din Rom\u00e2nia. Recomand lectura acestui articol, care, dup\u0103 p\u0103rerea mea, nu necesit\u0103 comentarii. \u00cen campania electoral\u0103 actual\u0103, aceela\u015fi colectiv recomand\u0103 cititorilor s\u0103i s\u0103-l\u2026","rel":"","context":"\u00cen \u201eDeutsche Erinnerungen \/ Amintiri din Germania\u201d","block_context":{"text":"Deutsche Erinnerungen \/ Amintiri din Germania","link":"https:\/\/paulmelian.de\/blog\/?cat=2"},"img":{"alt_text":"","src":"","width":0,"height":0},"classes":[]}],"post_mailing_queue_ids":[],"_links":{"self":[{"href":"https:\/\/paulmelian.de\/blog\/index.php?rest_route=\/wp\/v2\/posts\/5935","targetHints":{"allow":["GET"]}}],"collection":[{"href":"https:\/\/paulmelian.de\/blog\/index.php?rest_route=\/wp\/v2\/posts"}],"about":[{"href":"https:\/\/paulmelian.de\/blog\/index.php?rest_route=\/wp\/v2\/types\/post"}],"author":[{"embeddable":true,"href":"https:\/\/paulmelian.de\/blog\/index.php?rest_route=\/wp\/v2\/users\/1"}],"replies":[{"embeddable":true,"href":"https:\/\/paulmelian.de\/blog\/index.php?rest_route=%2Fwp%2Fv2%2Fcomments&post=5935"}],"version-history":[{"count":8,"href":"https:\/\/paulmelian.de\/blog\/index.php?rest_route=\/wp\/v2\/posts\/5935\/revisions"}],"predecessor-version":[{"id":5944,"href":"https:\/\/paulmelian.de\/blog\/index.php?rest_route=\/wp\/v2\/posts\/5935\/revisions\/5944"}],"wp:attachment":[{"href":"https:\/\/paulmelian.de\/blog\/index.php?rest_route=%2Fwp%2Fv2%2Fmedia&parent=5935"}],"wp:term":[{"taxonomy":"category","embeddable":true,"href":"https:\/\/paulmelian.de\/blog\/index.php?rest_route=%2Fwp%2Fv2%2Fcategories&post=5935"},{"taxonomy":"post_tag","embeddable":true,"href":"https:\/\/paulmelian.de\/blog\/index.php?rest_route=%2Fwp%2Fv2%2Ftags&post=5935"}],"curies":[{"name":"wp","href":"https:\/\/api.w.org\/{rel}","templated":true}]}}