{"id":6045,"date":"2021-11-19T09:28:22","date_gmt":"2021-11-19T07:28:22","guid":{"rendered":"http:\/\/paulmelian.de\/blog\/?p=6045"},"modified":"2021-11-19T09:28:22","modified_gmt":"2021-11-19T07:28:22","slug":"paralele-2","status":"publish","type":"post","link":"https:\/\/paulmelian.de\/blog\/?p=6045","title":{"rendered":"Paralele"},"content":{"rendered":"<p>\u00cen\u0163elepciunea popular\u0103 de la noi a creat o superb\u0103 \u00eempleticeal\u0103 de limb\u0103, uluitor de concis\u0103 \u015fi \u00eenfior\u0103tor de eficace:<\/p>\n<blockquote>\n<h1>Cup\u0103 cu capac<\/h1>\n<\/blockquote>\n<p>Dup\u0103 principiul &#8222;Orbul \u015fi Br\u0103ila&#8221;, \u015fi clasa politic\u0103 de la noi a reu\u015fit, cu ocazia c\u0103ut\u0103rii febrile a unui nume de premier mori\u015fc\u0103, o performan\u0163\u0103 aproape la fel de mare:<\/p>\n<blockquote>\n<h1>Ciuc\u0103 cu Ciolac<\/h1>\n<\/blockquote>\n<p>(\u00cen cazul c\u00e2nd ordinea va fi invers\u0103, ne putem cel pu\u0163in consola cu &#8222;Ciolac peste Ciuc\u0103z\u0103&#8221;&#8230;)<\/p>\n<p><a href=\"https:\/\/i0.wp.com\/paulmelian.de\/blog\/wp-content\/uploads\/2021\/11\/Zungenbrecher.jpg\"><img data-recalc-dims=\"1\" loading=\"lazy\" decoding=\"async\" data-attachment-id=\"6051\" data-permalink=\"https:\/\/paulmelian.de\/blog\/?attachment_id=6051\" data-orig-file=\"https:\/\/i0.wp.com\/paulmelian.de\/blog\/wp-content\/uploads\/2021\/11\/Zungenbrecher.jpg?fit=826%2C598&amp;ssl=1\" data-orig-size=\"826,598\" data-comments-opened=\"1\" data-image-meta=\"{&quot;aperture&quot;:&quot;0&quot;,&quot;credit&quot;:&quot;&quot;,&quot;camera&quot;:&quot;&quot;,&quot;caption&quot;:&quot;&quot;,&quot;created_timestamp&quot;:&quot;0&quot;,&quot;copyright&quot;:&quot;&quot;,&quot;focal_length&quot;:&quot;0&quot;,&quot;iso&quot;:&quot;0&quot;,&quot;shutter_speed&quot;:&quot;0&quot;,&quot;title&quot;:&quot;&quot;,&quot;orientation&quot;:&quot;0&quot;}\" data-image-title=\"Zungenbrecher\" data-image-description=\"\" data-image-caption=\"\" data-large-file=\"https:\/\/i0.wp.com\/paulmelian.de\/blog\/wp-content\/uploads\/2021\/11\/Zungenbrecher.jpg?fit=640%2C463&amp;ssl=1\" class=\"aligncenter size-medium wp-image-6051\" src=\"https:\/\/i0.wp.com\/paulmelian.de\/blog\/wp-content\/uploads\/2021\/11\/Zungenbrecher-300x217.jpg?resize=300%2C217\" alt=\"\" width=\"300\" height=\"217\" srcset=\"https:\/\/i0.wp.com\/paulmelian.de\/blog\/wp-content\/uploads\/2021\/11\/Zungenbrecher.jpg?resize=300%2C217&amp;ssl=1 300w, https:\/\/i0.wp.com\/paulmelian.de\/blog\/wp-content\/uploads\/2021\/11\/Zungenbrecher.jpg?resize=768%2C556&amp;ssl=1 768w, https:\/\/i0.wp.com\/paulmelian.de\/blog\/wp-content\/uploads\/2021\/11\/Zungenbrecher.jpg?w=826&amp;ssl=1 826w\" sizes=\"auto, (max-width: 300px) 100vw, 300px\" \/><\/a><\/p>\n","protected":false},"excerpt":{"rendered":"<p>\u00cen\u0163elepciunea popular\u0103 de la noi a creat o superb\u0103 \u00eempleticeal\u0103 de limb\u0103, uluitor de concis\u0103 \u015fi \u00eenfior\u0103tor de eficace: Cup\u0103 cu capac Dup\u0103 principiul &#8222;Orbul \u015fi Br\u0103ila&#8221;, \u015fi clasa politic\u0103 de la noi a reu\u015fit, cu ocazia c\u0103ut\u0103rii febrile a &hellip; <a href=\"https:\/\/paulmelian.de\/blog\/?p=6045\">Continu\u0103 s\u0103 cite\u0219ti <span class=\"meta-nav\">&rarr;<\/span><\/a><\/p>\n","protected":false},"author":1,"featured_media":0,"comment_status":"open","ping_status":"open","sticky":false,"template":"","format":"standard","meta":{"ngg_post_thumbnail":0,"jetpack_post_was_ever_published":false,"_jetpack_newsletter_access":"","_jetpack_dont_email_post_to_subs":false,"_jetpack_newsletter_tier_id":0,"_jetpack_memberships_contains_paywalled_content":false,"_jetpack_memberships_contains_paid_content":false,"footnotes":"","jetpack_publicize_message":"","jetpack_publicize_feature_enabled":true,"jetpack_social_post_already_shared":true,"jetpack_social_options":{"image_generator_settings":{"template":"highway","default_image_id":0,"font":"","enabled":false},"version":2}},"categories":[8,9,14,1,17,19],"tags":[],"class_list":["post-6045","post","type-post","status-publish","format-standard","hentry","category-general","category-internautice","category-oameni","category-fara-categorie","category-politica","category-romania-in-lume"],"jetpack_publicize_connections":[],"jetpack_featured_media_url":"","jetpack_sharing_enabled":true,"jetpack_shortlink":"https:\/\/wp.me\/p9mZDH-1zv","jetpack_likes_enabled":true,"jetpack-related-posts":[{"id":280,"url":"https:\/\/paulmelian.de\/blog\/?p=280","url_meta":{"origin":6045,"position":0},"title":"Nega\u0163ionism ecologic","author":"Mihai","date":"26 ianuarie 2015","format":false,"excerpt":"Dac\u0103 v\u0103 aminti\u0163i, acum un an am avut un mic \u201cschimb de p\u0103reri\u201d cu doi redactori precum \u015fi cu doi adep\u0163i \u00eenfoca\u0163i \u015fi comentatori ai platformei \u00cen Linie Dreapt\u0103. M\u0103rul discordiei consta \u00een faptul c\u0103, baz\u00e2ndu-se \u00een special pe o perioad\u0103 de iarn\u0103 sever\u0103 \u00een America de Nord la \u00eenceputul\u2026","rel":"","context":"\u00cen \u201eGeneral\u201d","block_context":{"text":"General","link":"https:\/\/paulmelian.de\/blog\/?cat=8"},"img":{"alt_text":"","src":"","width":0,"height":0},"classes":[]},{"id":183,"url":"https:\/\/paulmelian.de\/blog\/?p=183","url_meta":{"origin":6045,"position":1},"title":"Rom\u00e2nia n-are nevoie de du\u015fmani externi","author":"Mihai","date":"26 ianuarie 2014","format":false,"excerpt":"Autor: Mihai Washington Post constat\u0103 cam a\u015fa: Rom\u00e2nia, o \u0163ar\u0103 cu 19 milioane de locuitori, n-are du\u015fmani externi, dar are \u015fapte servicii de informa\u0163ii. Cu toate astea, nu poate g\u0103si un avion. Unul din cele \u015fapte servicii a investit 40 de milioane de euro \u00een sistemul de apelare de urgen\u0163\u0103\u2026","rel":"","context":"\u00cen \u201eGeneral\u201d","block_context":{"text":"General","link":"https:\/\/paulmelian.de\/blog\/?cat=8"},"img":{"alt_text":"","src":"","width":0,"height":0},"classes":[]},{"id":1619,"url":"https:\/\/paulmelian.de\/blog\/?p=1619","url_meta":{"origin":6045,"position":2},"title":"Moa\u015f&#8217;ta pe ghea\u0163\u0103","author":"Mihai","date":"23 octombrie 2016","format":false,"excerpt":"P\u0103rintele Alexandru Coman se spovede\u015fte: \"Sunt un pup\u0103tor de moa\u015fte!\" Ne \u015fi explic\u0103 de ce: [ ]\u0102\u0219tia suntem noi, cre\u0219tinii ortodoc\u0219i. Nu iubim aseptic, nu respingem fizic pe cei dragi, nu avem spaime cu igiena cu r\u0103m\u0103\u0219itele purt\u0103toare de har ale sfin\u021bilor care au p\u0103timit mult, care \u0219tiu ce e\u2026","rel":"","context":"\u00cen \u201eGeneral\u201d","block_context":{"text":"General","link":"https:\/\/paulmelian.de\/blog\/?cat=8"},"img":{"alt_text":"","src":"","width":0,"height":0},"classes":[]},{"id":4321,"url":"https:\/\/paulmelian.de\/blog\/?p=4321","url_meta":{"origin":6045,"position":3},"title":"P\u00e2n\u0103 c\u00e2nd?","author":"Mihai","date":"13 februarie 2020","format":false,"excerpt":"Hehe. Nenea Iancu a pus \u00eentrebarea cuvenit\u0103: P\u00e2n\u0103 c\u00e2nd s\u0103 n-avem \u0219i noi fali\u021bii no\u0219tri? Iat\u0103 c\u0103 suntem \u00een r\u00e2nd cu lumea, avem \u015fi noi primul rom\u00e2n infectat cu noul virus.","rel":"","context":"\u00cen \u201eGeneral\u201d","block_context":{"text":"General","link":"https:\/\/paulmelian.de\/blog\/?cat=8"},"img":{"alt_text":"","src":"https:\/\/i0.wp.com\/paulmelian.de\/blog\/wp-content\/uploads\/2020\/02\/Caragiale-300x200.jpg?resize=350%2C200","width":350,"height":200},"classes":[]},{"id":4606,"url":"https:\/\/paulmelian.de\/blog\/?p=4606","url_meta":{"origin":6045,"position":4},"title":"Noi, cei vechi","author":"Mihai","date":"28 aprilie 2020","format":false,"excerpt":"\u00ceng\u00e2mfarea t\u00e2mp\u0103 a adolescentului poate fi acceptat\u0103 ca o scuz\u0103 pentru lipsa de delicate\u0163e sau chiar de bun sim\u0163 pe care o etaleaz\u0103 uneori \u00een rela\u0163iile sale cu cei v\u00e2rtstnici. Ce scuz\u0103 putem g\u0103si \u00eens\u0103 unor adul\u0163i care se exprim\u0103 \u00een acest fel? Ce scuz\u0103 putem g\u0103si unei \u00eentregi societ\u0103\u0163i,\u2026","rel":"","context":"\u00cen \u201eGeneral\u201d","block_context":{"text":"General","link":"https:\/\/paulmelian.de\/blog\/?cat=8"},"img":{"alt_text":"","src":"https:\/\/i0.wp.com\/paulmelian.de\/blog\/wp-content\/uploads\/2020\/04\/Altes-Ehepaar-300x200.jpg?resize=350%2C200","width":350,"height":200},"classes":[]},{"id":2909,"url":"https:\/\/paulmelian.de\/blog\/?p=2909","url_meta":{"origin":6045,"position":5},"title":"Noi variante ale rezisten\u0163ei","author":"Mihai","date":"5 septembrie 2018","format":false,"excerpt":"\u00cencep din nou cu o precizare, pentru a lini\u015fti eventualii cititori: nu m\u0103 refer la mi\u015fcarea #rezist (deci la politic\u0103). Incultura care caracterizeaz\u0103 societatea rom\u00e2neasc\u0103 este deasupra oric\u0103rei politici. Spre deosebire de ultimele sute de ani, c\u00e2nd era benign\u0103, incultura a devenit dup\u0103 revolu\u0163ie virulent\u0103 \u015fi agresiv\u0103. Produce, pe l\u00e2ng\u0103\u2026","rel":"","context":"\u00cen \u201eGeneral\u201d","block_context":{"text":"General","link":"https:\/\/paulmelian.de\/blog\/?cat=8"},"img":{"alt_text":"","src":"","width":0,"height":0},"classes":[]}],"post_mailing_queue_ids":[],"_links":{"self":[{"href":"https:\/\/paulmelian.de\/blog\/index.php?rest_route=\/wp\/v2\/posts\/6045","targetHints":{"allow":["GET"]}}],"collection":[{"href":"https:\/\/paulmelian.de\/blog\/index.php?rest_route=\/wp\/v2\/posts"}],"about":[{"href":"https:\/\/paulmelian.de\/blog\/index.php?rest_route=\/wp\/v2\/types\/post"}],"author":[{"embeddable":true,"href":"https:\/\/paulmelian.de\/blog\/index.php?rest_route=\/wp\/v2\/users\/1"}],"replies":[{"embeddable":true,"href":"https:\/\/paulmelian.de\/blog\/index.php?rest_route=%2Fwp%2Fv2%2Fcomments&post=6045"}],"version-history":[{"count":4,"href":"https:\/\/paulmelian.de\/blog\/index.php?rest_route=\/wp\/v2\/posts\/6045\/revisions"}],"predecessor-version":[{"id":6052,"href":"https:\/\/paulmelian.de\/blog\/index.php?rest_route=\/wp\/v2\/posts\/6045\/revisions\/6052"}],"wp:attachment":[{"href":"https:\/\/paulmelian.de\/blog\/index.php?rest_route=%2Fwp%2Fv2%2Fmedia&parent=6045"}],"wp:term":[{"taxonomy":"category","embeddable":true,"href":"https:\/\/paulmelian.de\/blog\/index.php?rest_route=%2Fwp%2Fv2%2Fcategories&post=6045"},{"taxonomy":"post_tag","embeddable":true,"href":"https:\/\/paulmelian.de\/blog\/index.php?rest_route=%2Fwp%2Fv2%2Ftags&post=6045"}],"curies":[{"name":"wp","href":"https:\/\/api.w.org\/{rel}","templated":true}]}}