{"id":6269,"date":"2022-12-18T16:30:41","date_gmt":"2022-12-18T14:30:41","guid":{"rendered":"https:\/\/paulmelian.de\/blog\/?p=6269"},"modified":"2022-12-18T16:30:41","modified_gmt":"2022-12-18T14:30:41","slug":"der-kleine-demiurg-micul-demiurg","status":"publish","type":"post","link":"https:\/\/paulmelian.de\/blog\/?p=6269","title":{"rendered":"Der kleine Demiurg \/ Micul demiurg"},"content":{"rendered":"<p>Nach unz\u00e4hligen Experimenten und Berechnungen stellte er schlie\u00dflich eine Formel auf, die die Vorg\u00e4nge in der Realit\u00e4t einigerma\u00dfen genau beschreiben konnte. Sie war genauso reichlich gespickt wie eine Weihnachtsgans, allerdings mit lauter empirischen Korrekturfaktoren. \u201cMeine Formel mu\u00df ein Naturgesetz sein\u201d, dachte er sich voller Stolz, \u201csonst w\u00fcrde die Natur ihr nicht gehorchen\u201d.<\/p>\n<p style=\"text-align: center;\">===<\/p>\n<p>Dup\u0103 nenum\u0103rate experimente \u015fi calcule a postulat \u00een sf\u00e2r\u015fit o formul\u0103, care putea s\u0103 descrie fenomenele reale c\u00e2t de c\u00e2t corect. Era la fel de bogat \u00eemp\u0103nat\u0103 ca o g\u00e2sc\u0103 de Cr\u0103ciun, \u00eens\u0103 cu o droaie de factori de corec\u0163ie empirici. &#8222;Formula mea trebuie s\u0103 fie o lege a naturii&#8221;, a reflectat el plin de m\u00e2ndrie, &#8222;c\u0103 altfel natura n-ar asculta de ea.&#8221;<\/p>\n<p>&nbsp;<\/p>\n<p><a href=\"https:\/\/i0.wp.com\/paulmelian.de\/blog\/wp-content\/uploads\/2022\/12\/Demiurg.jpg?ssl=1\"><img data-recalc-dims=\"1\" loading=\"lazy\" decoding=\"async\" data-attachment-id=\"6273\" data-permalink=\"https:\/\/paulmelian.de\/blog\/?attachment_id=6273\" data-orig-file=\"https:\/\/i0.wp.com\/paulmelian.de\/blog\/wp-content\/uploads\/2022\/12\/Demiurg.jpg?fit=1000%2C1238&amp;ssl=1\" data-orig-size=\"1000,1238\" data-comments-opened=\"1\" data-image-meta=\"{&quot;aperture&quot;:&quot;0&quot;,&quot;credit&quot;:&quot;&quot;,&quot;camera&quot;:&quot;&quot;,&quot;caption&quot;:&quot;&quot;,&quot;created_timestamp&quot;:&quot;0&quot;,&quot;copyright&quot;:&quot;&quot;,&quot;focal_length&quot;:&quot;0&quot;,&quot;iso&quot;:&quot;0&quot;,&quot;shutter_speed&quot;:&quot;0&quot;,&quot;title&quot;:&quot;&quot;,&quot;orientation&quot;:&quot;0&quot;}\" data-image-title=\"Demiurg\" data-image-description=\"\" data-image-caption=\"\" data-large-file=\"https:\/\/i0.wp.com\/paulmelian.de\/blog\/wp-content\/uploads\/2022\/12\/Demiurg.jpg?fit=640%2C792&amp;ssl=1\" class=\"aligncenter size-medium wp-image-6273\" src=\"https:\/\/i0.wp.com\/paulmelian.de\/blog\/wp-content\/uploads\/2022\/12\/Demiurg.jpg?resize=242%2C300&#038;ssl=1\" alt=\"\" width=\"242\" height=\"300\" srcset=\"https:\/\/i0.wp.com\/paulmelian.de\/blog\/wp-content\/uploads\/2022\/12\/Demiurg.jpg?resize=242%2C300&amp;ssl=1 242w, https:\/\/i0.wp.com\/paulmelian.de\/blog\/wp-content\/uploads\/2022\/12\/Demiurg.jpg?resize=827%2C1024&amp;ssl=1 827w, https:\/\/i0.wp.com\/paulmelian.de\/blog\/wp-content\/uploads\/2022\/12\/Demiurg.jpg?resize=768%2C951&amp;ssl=1 768w, https:\/\/i0.wp.com\/paulmelian.de\/blog\/wp-content\/uploads\/2022\/12\/Demiurg.jpg?w=1000&amp;ssl=1 1000w\" sizes=\"auto, (max-width: 242px) 100vw, 242px\" \/><\/a><\/p>\n<p style=\"text-align: center;\">Demiurg<br \/>\nRichard Teschner (1879 &#8211; 1948)<\/p>\n","protected":false},"excerpt":{"rendered":"<p>Nach unz\u00e4hligen Experimenten und Berechnungen stellte er schlie\u00dflich eine Formel auf, die die Vorg\u00e4nge in der Realit\u00e4t einigerma\u00dfen genau beschreiben konnte. Sie war genauso reichlich gespickt wie eine Weihnachtsgans, allerdings mit lauter empirischen Korrekturfaktoren. \u201cMeine Formel mu\u00df ein Naturgesetz sein\u201d, &hellip; <a href=\"https:\/\/paulmelian.de\/blog\/?p=6269\">Continu\u0103 s\u0103 cite\u0219ti <span class=\"meta-nav\">&rarr;<\/span><\/a><\/p>\n","protected":false},"author":1,"featured_media":0,"comment_status":"open","ping_status":"open","sticky":false,"template":"","format":"standard","meta":{"ngg_post_thumbnail":0,"jetpack_post_was_ever_published":false,"_jetpack_newsletter_access":"","_jetpack_dont_email_post_to_subs":false,"_jetpack_newsletter_tier_id":0,"_jetpack_memberships_contains_paywalled_content":false,"_jetpack_memberships_contains_paid_content":false,"footnotes":"","jetpack_publicize_message":"","jetpack_publicize_feature_enabled":true,"jetpack_social_post_already_shared":true,"jetpack_social_options":{"image_generator_settings":{"template":"highway","default_image_id":0,"font":"","enabled":false},"version":2}},"categories":[8,9,6,14,1,16],"tags":[],"class_list":["post-6269","post","type-post","status-publish","format-standard","hentry","category-general","category-internautice","category-borituri","category-oameni","category-fara-categorie","category-platitudini"],"jetpack_publicize_connections":[],"jetpack_featured_media_url":"","jetpack_sharing_enabled":true,"jetpack_shortlink":"https:\/\/wp.me\/p9mZDH-1D7","jetpack_likes_enabled":true,"jetpack-related-posts":[{"id":255,"url":"https:\/\/paulmelian.de\/blog\/?p=255","url_meta":{"origin":6269,"position":0},"title":"Scrisoare deschis\u0103 &#8211; Offener Brief D-lui &#8211; Herrn Sigmar Gabriel","author":"Mihai","date":"16 noiembrie 2014","format":false,"excerpt":"Dr. Mihail-Onoriu Lungu Schulstr 13A 67365 Schwegenheim Germania D-lui Sigmar Gabriel Pre\u015fedintele SPD Scrisoare deschis\u0103 D-le Gabriel \u00eemi permit pentru \u00eenceput o scurt\u0103 prezentare. Sunt cet\u0103\u0163ean german de origine rom\u00e2n\u0103 \u015fi tr\u0103iesc de la \u00eenceputul anului 1975 \u00een Germania, unde mi-am completat studiile la Universitatea din Bonn. Dup\u0103 studiu am\u2026","rel":"","context":"\u00cen \u201eDeutsche Erinnerungen \/ Amintiri din Germania\u201d","block_context":{"text":"Deutsche Erinnerungen \/ Amintiri din Germania","link":"https:\/\/paulmelian.de\/blog\/?cat=2"},"img":{"alt_text":"","src":"","width":0,"height":0},"classes":[]},{"id":4742,"url":"https:\/\/paulmelian.de\/blog\/?p=4742","url_meta":{"origin":6269,"position":1},"title":"Mondfinsternis \/ Eclips\u0103 de lun\u0103","author":"Mihai","date":"25 mai 2020","format":false,"excerpt":"Da ich im Moment wenig Zeit habe, etwas Neues zu schreiben, habe ich wieder eine \u00e4ltere Geschichte ausgegraben. Mondfinsternis Kurz nach acht Uhr morgens klingelte es. Ich guckte durchs Fenster. Am Tor war schon wieder dieser Knirps auf dem Fahrrad, der einem L\u00f6cher in den Bauch fragt. Er hielt sich\u2026","rel":"","context":"\u00cen \u201eDeutsche Erinnerungen \/ Amintiri din Germania\u201d","block_context":{"text":"Deutsche Erinnerungen \/ Amintiri din Germania","link":"https:\/\/paulmelian.de\/blog\/?cat=2"},"img":{"alt_text":"","src":"https:\/\/i0.wp.com\/paulmelian.de\/blog\/wp-content\/uploads\/2020\/05\/Mondfinsternis-300x300.jpg?resize=350%2C200","width":350,"height":200},"classes":[]},{"id":4648,"url":"https:\/\/paulmelian.de\/blog\/?p=4648","url_meta":{"origin":6269,"position":2},"title":"Erinnerung \/ Amintire (3)","author":"Mihai","date":"14 mai 2020","format":false,"excerpt":"In den Siebzigern bin ich in Bonn f\u00fcr einige Zeit in eine kosmopolitische Gesellschaft geraten, das war so eine Art intellektuell angehauchter Kochklub. Die Gastgeberin war Sekret\u00e4rin im Ausw\u00e4rtigen Amt, w\u00e4hlte gr\u00fcn und war die geheime Geliebte eines hohen CDU Parteifunktion\u00e4rs. Der heutige Koch war der Libanese Abdel Nour, ein\u2026","rel":"","context":"\u00cen \u201eAntifeminismus \/ Antifeminism\u201d","block_context":{"text":"Antifeminismus \/ Antifeminism","link":"https:\/\/paulmelian.de\/blog\/?cat=4"},"img":{"alt_text":"","src":"","width":0,"height":0},"classes":[]},{"id":63,"url":"https:\/\/paulmelian.de\/blog\/?p=63","url_meta":{"origin":6269,"position":3},"title":"Cine pe cine traduce","author":"Mihai","date":"16 martie 2011","format":false,"excerpt":"F\u0103-\u0163i idee, domnule, ce traducere! I.L. Caragiale, D-ale carnavalului Am primit \u00eentre timp prin amazon \"Der Fuchs war damals schon der J\u00e4ger\". Probabil c\u0103 n-o s\u0103-mi \u0163in totu\u015fi promisiunea de a traduce cartea \u00een \u00eentregime, pentru c\u0103 trebuie s\u0103 m\u0103rturisesc c\u0103-mi vine cam greu s\u0103 fac un lucru pe care-l\u2026","rel":"","context":"\u00cen \u201eGeneral\u201d","block_context":{"text":"General","link":"https:\/\/paulmelian.de\/blog\/?cat=8"},"img":{"alt_text":"","src":"","width":0,"height":0},"classes":[]},{"id":4616,"url":"https:\/\/paulmelian.de\/blog\/?p=4616","url_meta":{"origin":6269,"position":4},"title":"Ratschlag \/ Sfat","author":"Mihai","date":"4 mai 2020","format":false,"excerpt":"Das Ger\u00fccht geht um, Donald Trump h\u00e4tte Elon Musk eine Methode verraten, wie Tesla die Elektroautos verbessern kann. Man k\u00f6nnte sowohl den Herstellpreis, als auch den Verbrauch senken, meint er, indem man den Blinker abschafft. Denn er sei, auch wenn er eingeschaltet ist, in der H\u00e4lfte der Zeit aus. Und\u2026","rel":"","context":"\u00cen \u201eGeneral\u201d","block_context":{"text":"General","link":"https:\/\/paulmelian.de\/blog\/?cat=8"},"img":{"alt_text":"","src":"https:\/\/i0.wp.com\/paulmelian.de\/blog\/wp-content\/uploads\/2019\/07\/Denkender-Affea-300x246.jpg?resize=350%2C200","width":350,"height":200},"classes":[]},{"id":6318,"url":"https:\/\/paulmelian.de\/blog\/?p=6318","url_meta":{"origin":6269,"position":5},"title":"Die rote Linie \/ Linia ro\u015fie","author":"Mihai","date":"24 ianuarie 2023","format":false,"excerpt":"Zu den Zeiten der UdSSR gab es auf die Frage \"Mit wem ist die UdSSR benachbart?\" h\u00e4ufig die arrogante Antwort: \"Mit wem sie will\". Vladimir Putin, der nostalgische KGBler, hat nicht davor zur\u00fcckgeschreckt, diese Enormit\u00e4t in einer \u00f6ffentlichen Rede (als Witz getarnt) auch f\u00fcr Russland zu beanspruchen. Was lernen wir\u2026","rel":"","context":"\u00cen \u201eGeneral\u201d","block_context":{"text":"General","link":"https:\/\/paulmelian.de\/blog\/?cat=8"},"img":{"alt_text":"","src":"https:\/\/i0.wp.com\/paulmelian.de\/blog\/wp-content\/uploads\/2023\/01\/Rote-Linie-300x200.jpg?resize=350%2C200&ssl=1","width":350,"height":200},"classes":[]}],"post_mailing_queue_ids":[],"_links":{"self":[{"href":"https:\/\/paulmelian.de\/blog\/index.php?rest_route=\/wp\/v2\/posts\/6269","targetHints":{"allow":["GET"]}}],"collection":[{"href":"https:\/\/paulmelian.de\/blog\/index.php?rest_route=\/wp\/v2\/posts"}],"about":[{"href":"https:\/\/paulmelian.de\/blog\/index.php?rest_route=\/wp\/v2\/types\/post"}],"author":[{"embeddable":true,"href":"https:\/\/paulmelian.de\/blog\/index.php?rest_route=\/wp\/v2\/users\/1"}],"replies":[{"embeddable":true,"href":"https:\/\/paulmelian.de\/blog\/index.php?rest_route=%2Fwp%2Fv2%2Fcomments&post=6269"}],"version-history":[{"count":4,"href":"https:\/\/paulmelian.de\/blog\/index.php?rest_route=\/wp\/v2\/posts\/6269\/revisions"}],"predecessor-version":[{"id":6274,"href":"https:\/\/paulmelian.de\/blog\/index.php?rest_route=\/wp\/v2\/posts\/6269\/revisions\/6274"}],"wp:attachment":[{"href":"https:\/\/paulmelian.de\/blog\/index.php?rest_route=%2Fwp%2Fv2%2Fmedia&parent=6269"}],"wp:term":[{"taxonomy":"category","embeddable":true,"href":"https:\/\/paulmelian.de\/blog\/index.php?rest_route=%2Fwp%2Fv2%2Fcategories&post=6269"},{"taxonomy":"post_tag","embeddable":true,"href":"https:\/\/paulmelian.de\/blog\/index.php?rest_route=%2Fwp%2Fv2%2Ftags&post=6269"}],"curies":[{"name":"wp","href":"https:\/\/api.w.org\/{rel}","templated":true}]}}