{"id":6415,"date":"2023-04-07T17:10:06","date_gmt":"2023-04-07T15:10:06","guid":{"rendered":"https:\/\/paulmelian.de\/blog\/?p=6415"},"modified":"2023-04-07T17:10:45","modified_gmt":"2023-04-07T15:10:45","slug":"6415","status":"publish","type":"post","link":"https:\/\/paulmelian.de\/blog\/?p=6415","title":{"rendered":"Aussicht \/ Perspectiv\u0103"},"content":{"rendered":"<p>Der ehemalige russische Waffenschieber Viktor Bout hat Donald Trump <a href=\"http:\/\/stiri.tvr.ro\/fostul-dealer-de-arme-rus-viktor-bout-i-a-propus-lui-trump-sa-se-refugieze-in-rusia_928659.html#view\">vorgeschlagen<\/a>, sich nach Russland abzusetzen, um der Verfolgung durch die amerikanische Justitz zu entgehen. Ich hoffe, Trump willigt ein, das g\u00f6nne ich ihm vom Herzen.<\/p>\n<p style=\"text-align: center;\">===<\/p>\n<p>Fostul contrabandist rus de arme Viktor Bout i-a <a href=\"http:\/\/stiri.tvr.ro\/fostul-dealer-de-arme-rus-viktor-bout-i-a-propus-lui-trump-sa-se-refugieze-in-rusia_928659.html#view\">propus<\/a> lui Donald Trump s\u0103 se refugieze \u00een Rusia, pentru a sc\u0103pa de urm\u0103rirea la care este supus de c\u0103tre justi\u0163ia american\u0103. Sper c\u0103 Trump \u00eei va urma sfatul, i-o doresc din inim\u0103.<\/p>\n<p><a href=\"https:\/\/i0.wp.com\/paulmelian.de\/blog\/wp-content\/uploads\/2023\/04\/TrumpPutin.jpg?ssl=1\"><img data-recalc-dims=\"1\" loading=\"lazy\" decoding=\"async\" data-attachment-id=\"6416\" data-permalink=\"https:\/\/paulmelian.de\/blog\/?attachment_id=6416\" data-orig-file=\"https:\/\/i0.wp.com\/paulmelian.de\/blog\/wp-content\/uploads\/2023\/04\/TrumpPutin.jpg?fit=747%2C506&amp;ssl=1\" data-orig-size=\"747,506\" data-comments-opened=\"1\" data-image-meta=\"{&quot;aperture&quot;:&quot;0&quot;,&quot;credit&quot;:&quot;&quot;,&quot;camera&quot;:&quot;&quot;,&quot;caption&quot;:&quot;&quot;,&quot;created_timestamp&quot;:&quot;0&quot;,&quot;copyright&quot;:&quot;&quot;,&quot;focal_length&quot;:&quot;0&quot;,&quot;iso&quot;:&quot;0&quot;,&quot;shutter_speed&quot;:&quot;0&quot;,&quot;title&quot;:&quot;&quot;,&quot;orientation&quot;:&quot;0&quot;}\" data-image-title=\"TrumpPutin\" data-image-description=\"\" data-image-caption=\"\" data-large-file=\"https:\/\/i0.wp.com\/paulmelian.de\/blog\/wp-content\/uploads\/2023\/04\/TrumpPutin.jpg?fit=640%2C434&amp;ssl=1\" class=\"aligncenter size-medium wp-image-6416\" src=\"https:\/\/i0.wp.com\/paulmelian.de\/blog\/wp-content\/uploads\/2023\/04\/TrumpPutin.jpg?resize=300%2C203&#038;ssl=1\" alt=\"\" width=\"300\" height=\"203\" srcset=\"https:\/\/i0.wp.com\/paulmelian.de\/blog\/wp-content\/uploads\/2023\/04\/TrumpPutin.jpg?resize=300%2C203&amp;ssl=1 300w, https:\/\/i0.wp.com\/paulmelian.de\/blog\/wp-content\/uploads\/2023\/04\/TrumpPutin.jpg?w=747&amp;ssl=1 747w\" sizes=\"auto, (max-width: 300px) 100vw, 300px\" \/><\/a><\/p>\n","protected":false},"excerpt":{"rendered":"<p>Der ehemalige russische Waffenschieber Viktor Bout hat Donald Trump vorgeschlagen, sich nach Russland abzusetzen, um der Verfolgung durch die amerikanische Justitz zu entgehen. Ich hoffe, Trump willigt ein, das g\u00f6nne ich ihm vom Herzen. === Fostul contrabandist rus de arme &hellip; <a href=\"https:\/\/paulmelian.de\/blog\/?p=6415\">Continu\u0103 s\u0103 cite\u0219ti <span class=\"meta-nav\">&rarr;<\/span><\/a><\/p>\n","protected":false},"author":1,"featured_media":0,"comment_status":"open","ping_status":"open","sticky":false,"template":"","format":"standard","meta":{"ngg_post_thumbnail":0,"jetpack_post_was_ever_published":false,"_jetpack_newsletter_access":"","_jetpack_dont_email_post_to_subs":false,"_jetpack_newsletter_tier_id":0,"_jetpack_memberships_contains_paywalled_content":false,"_jetpack_memberships_contains_paid_content":false,"footnotes":"","jetpack_publicize_message":"","jetpack_publicize_feature_enabled":true,"jetpack_social_post_already_shared":true,"jetpack_social_options":{"image_generator_settings":{"template":"highway","default_image_id":0,"font":"","enabled":false},"version":2}},"categories":[8,9,6,14,17],"tags":[],"class_list":["post-6415","post","type-post","status-publish","format-standard","hentry","category-general","category-internautice","category-borituri","category-oameni","category-politica"],"jetpack_publicize_connections":[],"jetpack_featured_media_url":"","jetpack_sharing_enabled":true,"jetpack_shortlink":"https:\/\/wp.me\/s9mZDH-6415","jetpack_likes_enabled":true,"jetpack-related-posts":[{"id":7033,"url":"https:\/\/paulmelian.de\/blog\/?p=7033","url_meta":{"origin":6415,"position":0},"title":"Denkste! \/ Aiurea!","author":"Mihai","date":"10 octombrie 2025","format":false,"excerpt":"Die ganze Welt wartet darauf, dass Norwegen in irgendeiner Form bestraft wird, weil Donald Trump den Nobelpreis verfehlt hat. Ich pers\u00f6nlich denke eher,\u00a0 dass er ein Atomuboot nach der Schweiz schicken wird. === Toat\u0103 lumea se a\u015fteapt\u0103 ca Norvegia s\u0103 fie pedepsit\u0103 \u00eentr-o form\u0103 sau alta pentru faptul c\u0103 Donald\u2026","rel":"","context":"\u00cen \u201eInternautisches \/ Internautice\u201d","block_context":{"text":"Internautisches \/ Internautice","link":"https:\/\/paulmelian.de\/blog\/?cat=9"},"img":{"alt_text":"","src":"https:\/\/i0.wp.com\/paulmelian.de\/blog\/wp-content\/uploads\/2025\/10\/Nobelpreis-300x169.webp?resize=350%2C200&ssl=1","width":350,"height":200},"classes":[]},{"id":7182,"url":"https:\/\/paulmelian.de\/blog\/?p=7182","url_meta":{"origin":6415,"position":1},"title":"Gewissheit","author":"Mihai","date":"18 martie 2026","format":false,"excerpt":"Der intellektuelle Athlet Donald Trump hat eine Offenbarung: Er ist sich sicher, dass Keir Starmer nicht Winston Churchill ist. Der Speichellecker-Athlet Dimitri Peskow f\u00fcllt sich berufen, ihm zuzustimmen. Bei so viel geballtes und souver\u00e4n vorgetragenes Wissen bleibt mir, armer Provinzler der ich bin, nur die Anmerkung, dass Vladimir Putin auch\u2026","rel":"","context":"\u00cen \u201eDeutsche Erinnerungen \/ Amintiri din Germania\u201d","block_context":{"text":"Deutsche Erinnerungen \/ Amintiri din Germania","link":"https:\/\/paulmelian.de\/blog\/?cat=2"},"img":{"alt_text":"","src":"","width":0,"height":0},"classes":[]},{"id":5926,"url":"https:\/\/paulmelian.de\/blog\/?p=5926","url_meta":{"origin":6415,"position":2},"title":"Rettet den Kapitalismus! \/ Salva\u0163i capitalismul!","author":"Mihai","date":"8 iunie 2021","format":false,"excerpt":"Das habe ich schon mal gesagt: wenn der Kapitalismus gerettet zu werden braucht, dann h\u00f6chstens vor sich selbst. Der klassische Kapitalismus, der die Erscheinung der heutigen westlichen Demokratie (wenn auch nicht immer freiwillig) erlaubt hat, wird jetzt von zwei seiner extrem aggressiven Erscheinungsformen bedroht, die in anderen Teilen der Welt\u2026","rel":"","context":"\u00cen \u201eGeneral\u201d","block_context":{"text":"General","link":"https:\/\/paulmelian.de\/blog\/?cat=8"},"img":{"alt_text":"","src":"https:\/\/i0.wp.com\/paulmelian.de\/blog\/wp-content\/uploads\/2020\/01\/Rettet-den-Kapitalismus-300x180.jpg?resize=350%2C200","width":350,"height":200},"classes":[]},{"id":3742,"url":"https:\/\/paulmelian.de\/blog\/?p=3742","url_meta":{"origin":6415,"position":3},"title":"Noch einer, der das Wetter manipuliert \/ \u00cenc\u0103 unul care manipuleaz\u0103 vremea","author":"Mihai","date":"8 septembrie 2019","format":false,"excerpt":"Als Donald Trump wohl aus Versehen verk\u00fcndet hat, dass der Wirbelsturm Dorian Alabama bedroht, hat der Wetterdienst des Staates Alabama dies dementiert. Nun stellt sich die nationale Wetterbeh\u00f6rde mit einer wischi-waschi Erkl\u00e4rung durch einen nicht namentlich genannten Sprecher hinter Trump, wohl damit der Autor dieser geografischen Posse in der \u00d6ffentlichkeit\u2026","rel":"","context":"\u00cen \u201eGeneral\u201d","block_context":{"text":"General","link":"https:\/\/paulmelian.de\/blog\/?cat=8"},"img":{"alt_text":"","src":"https:\/\/i0.wp.com\/paulmelian.de\/blog\/wp-content\/uploads\/2019\/09\/TrumpAlabamajpg-300x84.jpg?resize=350%2C200","width":350,"height":200},"classes":[]},{"id":3445,"url":"https:\/\/paulmelian.de\/blog\/?p=3445","url_meta":{"origin":6415,"position":4},"title":"KuK Revival?","author":"Mihai","date":"8 mai 2019","format":false,"excerpt":"Viktor Orban entzieht dem EVP Kandidaten Manfred Weber seine Unterst\u00fctzung. Die peinliche Eierei der EVP beim Konflikt mit Orban und Fidesz, bei der sie statt eines Rausschmisses eine \"Suspendierung\" beschlossen hat, hat sich nicht ausgezahlt. Hingegen zeigt Orban eine gro\u00dfe Liebe f\u00fcr \u00d6VP und Strache. === Viktor Orban \u00ee\u015fi retrage\u2026","rel":"","context":"\u00cen \u201eDeutsche Erinnerungen \/ Amintiri din Germania\u201d","block_context":{"text":"Deutsche Erinnerungen \/ Amintiri din Germania","link":"https:\/\/paulmelian.de\/blog\/?cat=2"},"img":{"alt_text":"","src":"https:\/\/i0.wp.com\/paulmelian.de\/blog\/wp-content\/uploads\/2019\/05\/strache-orban-101_v-videowebl-300x169.jpg?resize=350%2C200","width":350,"height":200},"classes":[]},{"id":5342,"url":"https:\/\/paulmelian.de\/blog\/?p=5342","url_meta":{"origin":6415,"position":5},"title":"Sic transit&#8230;","author":"Mihai","date":"9 noiembrie 2020","format":false,"excerpt":"Es laufen gegen den (noch) amtierenden US Pr\u00e4sidenten Donald Trump 30 Strafverfahren (sexueller Mi\u00dfbrauch, Betrug, Steuerhinterziehung). Wenn seine Immunit\u00e4t ihn nicht mehr sch\u00fctzen wird, dann wird es richtig brenzlig. Ob er auch im Knast landet? Hat Dragnea eine gl\u00fcckliche Hand gehabt? === \u00cempotriva pre\u015fedintelui american Donald Trump sunt \u00een curs\u2026","rel":"","context":"\u00cen \u201eInternautisches \/ Internautice\u201d","block_context":{"text":"Internautisches \/ Internautice","link":"https:\/\/paulmelian.de\/blog\/?cat=9"},"img":{"alt_text":"","src":"https:\/\/i0.wp.com\/paulmelian.de\/blog\/wp-content\/uploads\/2020\/11\/Dragnea-Trump-300x225.jpg?resize=350%2C200","width":350,"height":200},"classes":[]}],"post_mailing_queue_ids":[],"_links":{"self":[{"href":"https:\/\/paulmelian.de\/blog\/index.php?rest_route=\/wp\/v2\/posts\/6415","targetHints":{"allow":["GET"]}}],"collection":[{"href":"https:\/\/paulmelian.de\/blog\/index.php?rest_route=\/wp\/v2\/posts"}],"about":[{"href":"https:\/\/paulmelian.de\/blog\/index.php?rest_route=\/wp\/v2\/types\/post"}],"author":[{"embeddable":true,"href":"https:\/\/paulmelian.de\/blog\/index.php?rest_route=\/wp\/v2\/users\/1"}],"replies":[{"embeddable":true,"href":"https:\/\/paulmelian.de\/blog\/index.php?rest_route=%2Fwp%2Fv2%2Fcomments&post=6415"}],"version-history":[{"count":2,"href":"https:\/\/paulmelian.de\/blog\/index.php?rest_route=\/wp\/v2\/posts\/6415\/revisions"}],"predecessor-version":[{"id":6418,"href":"https:\/\/paulmelian.de\/blog\/index.php?rest_route=\/wp\/v2\/posts\/6415\/revisions\/6418"}],"wp:attachment":[{"href":"https:\/\/paulmelian.de\/blog\/index.php?rest_route=%2Fwp%2Fv2%2Fmedia&parent=6415"}],"wp:term":[{"taxonomy":"category","embeddable":true,"href":"https:\/\/paulmelian.de\/blog\/index.php?rest_route=%2Fwp%2Fv2%2Fcategories&post=6415"},{"taxonomy":"post_tag","embeddable":true,"href":"https:\/\/paulmelian.de\/blog\/index.php?rest_route=%2Fwp%2Fv2%2Ftags&post=6415"}],"curies":[{"name":"wp","href":"https:\/\/api.w.org\/{rel}","templated":true}]}}