{"id":6420,"date":"2023-04-25T18:47:58","date_gmt":"2023-04-25T16:47:58","guid":{"rendered":"https:\/\/paulmelian.de\/blog\/?p=6420"},"modified":"2023-04-30T06:33:49","modified_gmt":"2023-04-30T04:33:49","slug":"banalitat-banalitate","status":"publish","type":"post","link":"https:\/\/paulmelian.de\/blog\/?p=6420","title":{"rendered":"Banalit\u00e4t \/ Banalitate"},"content":{"rendered":"<p>Gipfel des Widersinns: Entt\u00e4uscht von Gott und voller Zorn, versucht manch einer Rache an Ihm zu nehmen, indem er Seine Existenz vehement verleugnet. Wir echte Atheisten haben es einfacher: wir glauben schlicht und einfach nicht.<\/p>\n<p style=\"text-align: center;\">===<\/p>\n<p>Culmea absurdului: dezam\u0103gi\u0163i de Dumnezeu \u015fi plini de m\u00e2nie, \u00eencearc\u0103 unii s\u0103 se r\u0103zbune pe El, neg\u00e2ndu-i vehement existen\u0163a. Pentru noi, adev\u0103ra\u0163ii atei, este mai u\u015for: noi pur \u015fi simplu nu credem.<\/p>\n<p>&nbsp;<\/p>\n<p><a href=\"https:\/\/i0.wp.com\/paulmelian.de\/blog\/wp-content\/uploads\/2023\/04\/Bus-mit-Gott.jpg?ssl=1\"><img data-recalc-dims=\"1\" loading=\"lazy\" decoding=\"async\" data-attachment-id=\"6421\" data-permalink=\"https:\/\/paulmelian.de\/blog\/?attachment_id=6421\" data-orig-file=\"https:\/\/i0.wp.com\/paulmelian.de\/blog\/wp-content\/uploads\/2023\/04\/Bus-mit-Gott.jpg?fit=1000%2C562&amp;ssl=1\" data-orig-size=\"1000,562\" data-comments-opened=\"1\" data-image-meta=\"{&quot;aperture&quot;:&quot;0&quot;,&quot;credit&quot;:&quot;&quot;,&quot;camera&quot;:&quot;&quot;,&quot;caption&quot;:&quot;&quot;,&quot;created_timestamp&quot;:&quot;0&quot;,&quot;copyright&quot;:&quot;&quot;,&quot;focal_length&quot;:&quot;0&quot;,&quot;iso&quot;:&quot;0&quot;,&quot;shutter_speed&quot;:&quot;0&quot;,&quot;title&quot;:&quot;&quot;,&quot;orientation&quot;:&quot;0&quot;}\" data-image-title=\"Bus mit Gott\" data-image-description=\"\" data-image-caption=\"\" data-large-file=\"https:\/\/i0.wp.com\/paulmelian.de\/blog\/wp-content\/uploads\/2023\/04\/Bus-mit-Gott.jpg?fit=640%2C360&amp;ssl=1\" class=\"aligncenter size-medium wp-image-6421\" src=\"https:\/\/i0.wp.com\/paulmelian.de\/blog\/wp-content\/uploads\/2023\/04\/Bus-mit-Gott.jpg?resize=300%2C169&#038;ssl=1\" alt=\"\" width=\"300\" height=\"169\" srcset=\"https:\/\/i0.wp.com\/paulmelian.de\/blog\/wp-content\/uploads\/2023\/04\/Bus-mit-Gott.jpg?resize=300%2C169&amp;ssl=1 300w, https:\/\/i0.wp.com\/paulmelian.de\/blog\/wp-content\/uploads\/2023\/04\/Bus-mit-Gott.jpg?resize=768%2C432&amp;ssl=1 768w, https:\/\/i0.wp.com\/paulmelian.de\/blog\/wp-content\/uploads\/2023\/04\/Bus-mit-Gott.jpg?w=1000&amp;ssl=1 1000w\" sizes=\"auto, (max-width: 300px) 100vw, 300px\" \/><\/a><\/p>\n","protected":false},"excerpt":{"rendered":"<p>Gipfel des Widersinns: Entt\u00e4uscht von Gott und voller Zorn, versucht manch einer Rache an Ihm zu nehmen, indem er Seine Existenz vehement verleugnet. Wir echte Atheisten haben es einfacher: wir glauben schlicht und einfach nicht. === Culmea absurdului: dezam\u0103gi\u0163i de &hellip; <a href=\"https:\/\/paulmelian.de\/blog\/?p=6420\">Continu\u0103 s\u0103 cite\u0219ti <span class=\"meta-nav\">&rarr;<\/span><\/a><\/p>\n","protected":false},"author":1,"featured_media":0,"comment_status":"open","ping_status":"open","sticky":false,"template":"","format":"standard","meta":{"ngg_post_thumbnail":0,"jetpack_post_was_ever_published":false,"_jetpack_newsletter_access":"","_jetpack_dont_email_post_to_subs":false,"_jetpack_newsletter_tier_id":0,"_jetpack_memberships_contains_paywalled_content":false,"_jetpack_memberships_contains_paid_content":false,"footnotes":"","jetpack_publicize_message":"","jetpack_publicize_feature_enabled":true,"jetpack_social_post_already_shared":true,"jetpack_social_options":{"image_generator_settings":{"template":"highway","default_image_id":0,"font":"","enabled":false},"version":2}},"categories":[8,14,1,16],"tags":[],"class_list":["post-6420","post","type-post","status-publish","format-standard","hentry","category-general","category-oameni","category-fara-categorie","category-platitudini"],"jetpack_publicize_connections":[],"jetpack_featured_media_url":"","jetpack_sharing_enabled":true,"jetpack_shortlink":"https:\/\/wp.me\/p9mZDH-1Fy","jetpack_likes_enabled":true,"jetpack-related-posts":[{"id":4588,"url":"https:\/\/paulmelian.de\/blog\/?p=4588","url_meta":{"origin":6420,"position":0},"title":"Wie die Zeit verrinnt \/ Cum se scurge timpul","author":"Mihai","date":"25 aprilie 2020","format":false,"excerpt":"Vor Jahren habe ich bereits eindeutig bewiesen, dass es \"Die Zeit\" gar nicht gibt. Jetzt will ich Ihnen eine andere Weisheit mitteilen: \u201eDie Zeit\u201c existiert nicht, aber sie flie\u00dft gegen den Uhrzeigersinn. Und wenn Ihnen diese Erkenntnis nicht gef\u00e4llt, kommen Sie gelegentlich wieder, wir kriegen immer wieder Neues von der\u2026","rel":"","context":"\u00cen \u201eGeneral\u201d","block_context":{"text":"General","link":"https:\/\/paulmelian.de\/blog\/?cat=8"},"img":{"alt_text":"","src":"https:\/\/i0.wp.com\/paulmelian.de\/blog\/wp-content\/uploads\/2018\/02\/Dali-Uhr-150x150.jpg?resize=350%2C200","width":350,"height":200},"classes":[]},{"id":5295,"url":"https:\/\/paulmelian.de\/blog\/?p=5295","url_meta":{"origin":6420,"position":1},"title":"Failed States. Failed Planet.","author":"Mihai","date":"24 octombrie 2020","format":false,"excerpt":"Tag der Vereinten Nationen. Wird heute offiziell gefeiert. Ha, ha. Wenn ein Land so regiert wird, wie die Welt heute, dann wird es sofort, v\u00f6llig zu Recht, als Failed State, gescheiterten Staat, angesehen. Aber: ist die ganze Welt nicht wiklich gescheitert? Das Gef\u00fchl, dass wir als Menschheit es gr\u00fcndlich vermasselt\u2026","rel":"","context":"\u00cen \u201eDeutsche Erinnerungen \/ Amintiri din Germania\u201d","block_context":{"text":"Deutsche Erinnerungen \/ Amintiri din Germania","link":"https:\/\/paulmelian.de\/blog\/?cat=2"},"img":{"alt_text":"","src":"https:\/\/i0.wp.com\/paulmelian.de\/blog\/wp-content\/uploads\/2020\/10\/Blue-Marble-300x143.jpg?resize=350%2C200","width":350,"height":200},"classes":[]},{"id":3882,"url":"https:\/\/paulmelian.de\/blog\/?p=3882","url_meta":{"origin":6420,"position":2},"title":"Unser Gott \/ Dumnezeul nostru","author":"Mihai","date":"31 octombrie 2019","format":false,"excerpt":"Adrian Papahagi beantwortet die brennenden Fragen der Menschheit: Warum kocht das Wasser? Wegen der Molekularbewegung, die von einer W\u00e4rmequelle verursacht wird etc. Weil ich mir einen Tee zubereiten will. Die wissenschaftliche Erkl\u00e4rung und die, die an einen sich au\u00dferhalb des Systems befindlichen Denkverm\u00f6gen\/Willen apelliert, schliessen sich gegenseitig nicht aus. Die\u2026","rel":"","context":"\u00cen \u201eGeneral\u201d","block_context":{"text":"General","link":"https:\/\/paulmelian.de\/blog\/?cat=8"},"img":{"alt_text":"","src":"https:\/\/i0.wp.com\/paulmelian.de\/blog\/wp-content\/uploads\/2019\/10\/strafender_gott-300x145.jpg?resize=350%2C200","width":350,"height":200},"classes":[]},{"id":5642,"url":"https:\/\/paulmelian.de\/blog\/?p=5642","url_meta":{"origin":6420,"position":3},"title":"Schatten ohne Licht? \/  Mult\u0103 prostie f\u0103r\u0103 (mult\u0103) minte?","author":"Mihai","date":"4 ianuarie 2021","format":false,"excerpt":"Man kann sich nur wundern: in USA f\u00fchlen sich ehemalige Verteidigungsminister, Demokraten wie Republikaner, gen\u00f6tigt, vor einem Missbrauch der Streitkr\u00e4fte im Rahmen des Machtwechsels zu warnen. Mit anderen Worten: sie schlie\u00dfen nicht aus, dass Donald Trump sogar auf einen Putsch als letztes Mittel zum Machterhalt zur\u00fcckgreifen k\u00f6nnte. Einen offensichtlichen Versuch,\u2026","rel":"","context":"\u00cen \u201eGeneral\u201d","block_context":{"text":"General","link":"https:\/\/paulmelian.de\/blog\/?cat=8"},"img":{"alt_text":"","src":"https:\/\/i0.wp.com\/paulmelian.de\/blog\/wp-content\/uploads\/2021\/01\/dummheit-300x300.jpg?resize=350%2C200","width":350,"height":200},"classes":[]},{"id":4781,"url":"https:\/\/paulmelian.de\/blog\/?p=4781","url_meta":{"origin":6420,"position":4},"title":"Kerwe \/ Chermez\u0103","author":"Mihai","date":"28 iunie 2020","format":false,"excerpt":"Da war diesmal nicht viel los. Zwei Wagen mit S\u00fc\u00dfigkeiten, ein Schie\u00dfstand, ein Stand, wo man mit dem Kescher Plastikfische (10 Fische 3 \u20ac, 20 Fische 5\u20ac, jeder Fisch gewinnt!) aus einem Bassin rausholen konnte, eine Reitschule* mit Plastikpferden, eine Bahn mit Boxautos** und zwei Wagen der Fa. W\u00fcst Getr\u00e4nkehandel\u2026","rel":"","context":"\u00cen \u201eDeutsche Erinnerungen \/ Amintiri din Germania\u201d","block_context":{"text":"Deutsche Erinnerungen \/ Amintiri din Germania","link":"https:\/\/paulmelian.de\/blog\/?cat=2"},"img":{"alt_text":"","src":"https:\/\/i0.wp.com\/paulmelian.de\/blog\/wp-content\/uploads\/2020\/06\/reitschule-203x300.jpg?resize=350%2C200","width":350,"height":200},"classes":[]},{"id":136,"url":"https:\/\/paulmelian.de\/blog\/?p=136","url_meta":{"origin":6420,"position":5},"title":"Isus Cristos, aproape ungur! \/ Jesus Christus, fast Ungar!","author":"Mihai","date":"17 martie 2013","format":false,"excerpt":"Guvernul Ungariei a constatat cu nemul\u0163umire faptul c\u0103 Rom\u00e2nia este pe cale de a deveni, \u00een mod incontestabil, oaia cea mai neagr\u0103 din Uniunea European\u0103. Prin ini\u0163iativa cabinetului Orban \u201eS\u0103 dovedim c\u0103 noi putem fi \u015fi mai negri!\u201d au fost repurtate deja primele succese \u00een cursa de urm\u0103rire a liderului\u2026","rel":"","context":"\u00cen \u201eGeneral\u201d","block_context":{"text":"General","link":"https:\/\/paulmelian.de\/blog\/?cat=8"},"img":{"alt_text":"","src":"","width":0,"height":0},"classes":[]}],"post_mailing_queue_ids":[],"_links":{"self":[{"href":"https:\/\/paulmelian.de\/blog\/index.php?rest_route=\/wp\/v2\/posts\/6420","targetHints":{"allow":["GET"]}}],"collection":[{"href":"https:\/\/paulmelian.de\/blog\/index.php?rest_route=\/wp\/v2\/posts"}],"about":[{"href":"https:\/\/paulmelian.de\/blog\/index.php?rest_route=\/wp\/v2\/types\/post"}],"author":[{"embeddable":true,"href":"https:\/\/paulmelian.de\/blog\/index.php?rest_route=\/wp\/v2\/users\/1"}],"replies":[{"embeddable":true,"href":"https:\/\/paulmelian.de\/blog\/index.php?rest_route=%2Fwp%2Fv2%2Fcomments&post=6420"}],"version-history":[{"count":2,"href":"https:\/\/paulmelian.de\/blog\/index.php?rest_route=\/wp\/v2\/posts\/6420\/revisions"}],"predecessor-version":[{"id":6423,"href":"https:\/\/paulmelian.de\/blog\/index.php?rest_route=\/wp\/v2\/posts\/6420\/revisions\/6423"}],"wp:attachment":[{"href":"https:\/\/paulmelian.de\/blog\/index.php?rest_route=%2Fwp%2Fv2%2Fmedia&parent=6420"}],"wp:term":[{"taxonomy":"category","embeddable":true,"href":"https:\/\/paulmelian.de\/blog\/index.php?rest_route=%2Fwp%2Fv2%2Fcategories&post=6420"},{"taxonomy":"post_tag","embeddable":true,"href":"https:\/\/paulmelian.de\/blog\/index.php?rest_route=%2Fwp%2Fv2%2Ftags&post=6420"}],"curies":[{"name":"wp","href":"https:\/\/api.w.org\/{rel}","templated":true}]}}