{"id":6510,"date":"2023-08-20T19:40:07","date_gmt":"2023-08-20T17:40:07","guid":{"rendered":"https:\/\/paulmelian.de\/blog\/?p=6510"},"modified":"2023-08-20T19:40:07","modified_gmt":"2023-08-20T17:40:07","slug":"plans-de-mila","status":"publish","type":"post","link":"https:\/\/paulmelian.de\/blog\/?p=6510","title":{"rendered":"Pl\u00e2ns de mil\u0103"},"content":{"rendered":"<p>Avocata t\u00e2n\u0103rului drogat care a accidentat mortal dou\u0103 personae \u015fi a r\u0103nit \u00eenc\u0103 vreo c\u00e2teva, <a href=\"http:\/\/stiri.tvr.ro\/avocata-tanarului-care-a-accidentat-mortal-doua-persoane-dupa-ce-s-a-urcat-drogat-la-volan--e-in-stare-de---oc--plange---i-ii-pare-rau--nu-este-fiu-de-beizadea--a--a-cum-s-a-vehiculat--parin--ii-nu-sunt-oameni-cu-bani-care-nu-au-ce-face-cu-ei_937360.html#view\">ne asigur\u0103<\/a> c\u0103 acesta \u201cnu este fiu de beizadea\u201d. Tot ce se poate. Mai cunoa\u015ftem cazuri de tineri, ca de exemplu Nicu Ceau\u015fescu, care aveau la dispozi\u0163ie ma\u015fini sport \u015fi multe alte alea, f\u0103r\u0103 s\u0103 fie odrasle de beizadele. Dar nu pot s\u0103 m\u0103 pronun\u0163 cu certitudine c\u0103 nu-i cunosc bunicii.<\/p>\n<p><ahref=\"https:\/\/paulmelian.de\/blog\/wp-content\/uploads\/2019\/07\/Denkender-Affea.jpg\"><img data-recalc-dims=\"1\" loading=\"lazy\" decoding=\"async\" data-attachment-id=\"3614\" data-permalink=\"https:\/\/paulmelian.de\/blog\/?attachment_id=3614\" data-orig-file=\"https:\/\/i0.wp.com\/paulmelian.de\/blog\/wp-content\/uploads\/2019\/07\/Denkender-Affea.jpg?fit=910%2C745&amp;ssl=1\" data-orig-size=\"910,745\" data-comments-opened=\"1\" data-image-meta=\"{&quot;aperture&quot;:&quot;0&quot;,&quot;credit&quot;:&quot;&quot;,&quot;camera&quot;:&quot;&quot;,&quot;caption&quot;:&quot;&quot;,&quot;created_timestamp&quot;:&quot;0&quot;,&quot;copyright&quot;:&quot;&quot;,&quot;focal_length&quot;:&quot;0&quot;,&quot;iso&quot;:&quot;0&quot;,&quot;shutter_speed&quot;:&quot;0&quot;,&quot;title&quot;:&quot;&quot;,&quot;orientation&quot;:&quot;0&quot;}\" data-image-title=\"Denkender Affea\" data-image-description=\"\" data-image-caption=\"\" data-large-file=\"https:\/\/i0.wp.com\/paulmelian.de\/blog\/wp-content\/uploads\/2019\/07\/Denkender-Affea.jpg?fit=640%2C524&amp;ssl=1\" src=\"https:\/\/i0.wp.com\/paulmelian.de\/blog\/wp-content\/uploads\/2019\/07\/Denkender-Affea.jpg?resize=300%2C246&#038;ssl=1\" alt=\"\" width=\"300\" height=\"246\" class=\"aligncenter size-medium wp-image-3614\" srcset=\"https:\/\/i0.wp.com\/paulmelian.de\/blog\/wp-content\/uploads\/2019\/07\/Denkender-Affea.jpg?resize=300%2C246&amp;ssl=1 300w, https:\/\/i0.wp.com\/paulmelian.de\/blog\/wp-content\/uploads\/2019\/07\/Denkender-Affea.jpg?resize=768%2C629&amp;ssl=1 768w, https:\/\/i0.wp.com\/paulmelian.de\/blog\/wp-content\/uploads\/2019\/07\/Denkender-Affea.jpg?w=910&amp;ssl=1 910w\" sizes=\"auto, (max-width: 300px) 100vw, 300px\" \/><\/a>,<\/p>\n","protected":false},"excerpt":{"rendered":"<p>Avocata t\u00e2n\u0103rului drogat care a accidentat mortal dou\u0103 personae \u015fi a r\u0103nit \u00eenc\u0103 vreo c\u00e2teva, ne asigur\u0103 c\u0103 acesta \u201cnu este fiu de beizadea\u201d. Tot ce se poate. Mai cunoa\u015ftem cazuri de tineri, ca de exemplu Nicu Ceau\u015fescu, care aveau &hellip; <a href=\"https:\/\/paulmelian.de\/blog\/?p=6510\">Continu\u0103 s\u0103 cite\u0219ti <span class=\"meta-nav\">&rarr;<\/span><\/a><\/p>\n","protected":false},"author":1,"featured_media":0,"comment_status":"open","ping_status":"open","sticky":false,"template":"","format":"standard","meta":{"ngg_post_thumbnail":0,"jetpack_post_was_ever_published":false,"_jetpack_newsletter_access":"","_jetpack_dont_email_post_to_subs":false,"_jetpack_newsletter_tier_id":0,"_jetpack_memberships_contains_paywalled_content":false,"_jetpack_memberships_contains_paid_content":false,"footnotes":"","jetpack_publicize_message":"","jetpack_publicize_feature_enabled":true,"jetpack_social_post_already_shared":true,"jetpack_social_options":{"image_generator_settings":{"template":"highway","default_image_id":0,"font":"","enabled":false},"version":2}},"categories":[8,9,6,14],"tags":[],"class_list":["post-6510","post","type-post","status-publish","format-standard","hentry","category-general","category-internautice","category-borituri","category-oameni"],"jetpack_publicize_connections":[],"jetpack_featured_media_url":"","jetpack_sharing_enabled":true,"jetpack_shortlink":"https:\/\/wp.me\/p9mZDH-1H0","jetpack_likes_enabled":true,"jetpack-related-posts":[{"id":87,"url":"https:\/\/paulmelian.de\/blog\/?p=87","url_meta":{"origin":6510,"position":0},"title":"Retardel se retrage? Tardiv!","author":"Mihai","date":"13 februarie 2012","format":false,"excerpt":"Dac\u0103 se \u00eent\u00e2mpl\u0103 cumva s\u0103 nu \u015fti\u0163i cine e \u201eRetardel\u201d, face\u0163i o c\u0103utare prin Google cu acest cuv\u00e2nt cheie. Alege\u0163i-l din rezultatele c\u0103ut\u0103rii pe primul bloger, care afirm\u0103 despre o alt\u0103 persoan\u0103 c\u0103 acesta ar fi un \u201eretardel\u201d . Cine spune, \u0103la e! A\u0163i g\u0103sit? Aha ! \u015ei ce arat\u0103\u2026","rel":"","context":"\u00cen \u201eGeneral\u201d","block_context":{"text":"General","link":"https:\/\/paulmelian.de\/blog\/?cat=8"},"img":{"alt_text":"","src":"","width":0,"height":0},"classes":[]},{"id":231,"url":"https:\/\/paulmelian.de\/blog\/?p=231","url_meta":{"origin":6510,"position":1},"title":"Drag\u0103 Bunicu\u0163o!","author":"Mihai","date":"22 septembrie 2014","format":false,"excerpt":"Redau aici integral comentariul scris de Octavian Alexandru Berceanu pe siteul timesnewroman. (Aflu ulterior c\u0103 acest text a ap\u0103rut \u015fi pe platforma vice.) Mi-am permis doar s\u0103-i pun diacritice, sper c\u0103 autorul nu are nimic \u00eempotriv\u0103. Drag\u0103 Bunicu\u0163o, \u00ee\u0163i mul\u0163umesc c\u0103 mi-ai oferit ocazia s\u0103 fiu martor la dec\u0103derea unui\u2026","rel":"","context":"\u00cen \u201eGeneral\u201d","block_context":{"text":"General","link":"https:\/\/paulmelian.de\/blog\/?cat=8"},"img":{"alt_text":"","src":"","width":0,"height":0},"classes":[]},{"id":6629,"url":"https:\/\/paulmelian.de\/blog\/?p=6629","url_meta":{"origin":6510,"position":2},"title":"Cioara vopsit\u0103 sau Negrul este Verde","author":"Mihai","date":"16 ianuarie 2024","format":false,"excerpt":"Nu m\u0103 refer prin titlul de mai sus neap\u0103rat la lozincile peiorative, cum ar fi, de exemplu, \u201cVerdele este Ro\u015fu\u201d, proprii autorilor de la \u201c\u00cen Linie Dreapt\u0103\u201d (platform\u0103 care denigreaz\u0103 orice mi\u015fcare ecologic\u0103, oric\u00e2t de moderat\u0103 ar fi aceasta), de\u015fi ar merita \u015fi acest limbaj o tratare mai atent\u0103. Le\u2026","rel":"","context":"\u00cen \u201eGeneral\u201d","block_context":{"text":"General","link":"https:\/\/paulmelian.de\/blog\/?cat=8"},"img":{"alt_text":"","src":"https:\/\/i0.wp.com\/paulmelian.de\/blog\/wp-content\/uploads\/2019\/12\/craca-de-sub-picioare-830x568-300x205.jpg?resize=350%2C200&ssl=1","width":350,"height":200},"classes":[]},{"id":274,"url":"https:\/\/paulmelian.de\/blog\/?p=274","url_meta":{"origin":6510,"position":3},"title":"Brucanisme","author":"Mihai","date":"17 ianuarie 2015","format":false,"excerpt":"D-l Dorin Tudoran mi-a f\u0103cut, dup\u0103 cum se pare, cinstea deosebit\u0103 de a citi articolul meu de mai jos \u201cCurat mocirl\u0103\u201d. Altfel nu prea pot s\u0103-mi explic comentariul s\u0103u de pe blogul personal, pe care \u00eel redau mai jos, afar\u0103 doar de cazul \u00een care vreunul dintre trep\u0103du\u015fii domniei sale\u2026","rel":"","context":"\u00cen \u201eGeneral\u201d","block_context":{"text":"General","link":"https:\/\/paulmelian.de\/blog\/?cat=8"},"img":{"alt_text":"","src":"","width":0,"height":0},"classes":[]},{"id":2652,"url":"https:\/\/paulmelian.de\/blog\/?p=2652","url_meta":{"origin":6510,"position":4},"title":"Natura femeii explicat\u0103 pe \u00een\u0163elesul unui b\u0103rbat","author":"Mihai","date":"27 ianuarie 2018","format":false,"excerpt":"De cur\u00e2nd, am fost din nou for\u0163at s\u0103 reflectez asupra misoginiei, a imaginii femeii \u00een societate \u015fi a situa\u0163iei \u00een care se afl\u0103 emanciparea femeii la noi \u00een \u0163ar\u0103, printr-o imagine g\u0103sit\u0103 pe site-ul \u015ei noi suntem familie. Aceast\u0103 imagine mi-a trezit amintirea unei c\u0103r\u0163i \u00een limba german\u0103 pe care\u2026","rel":"","context":"\u00cen \u201eAntifeminismus \/ Antifeminism\u201d","block_context":{"text":"Antifeminismus \/ Antifeminism","link":"https:\/\/paulmelian.de\/blog\/?cat=4"},"img":{"alt_text":"","src":"https:\/\/i0.wp.com\/paulmelian.de\/blog\/wp-content\/uploads\/2018\/01\/Bastovoi-Goltz-300x225.jpg?resize=350%2C200","width":350,"height":200},"classes":[]},{"id":1865,"url":"https:\/\/paulmelian.de\/blog\/?p=1865","url_meta":{"origin":6510,"position":5},"title":"Extazul t(r)\u00e2mp al &#8222;dreptei&#8221; rom\u00e2ne\u015fti","author":"Mihai","date":"15 ianuarie 2017","format":false,"excerpt":"Platforma \u00ceLD (\"Conservatorii Rom\u00e2ni\") preia de pe facebook o postare a lui Drago\u015f Paul Aligic\u0103, pe care o ridic\u0103 la nivelul de articol(a\u015f). Chintesen\u0163a ar fi cam asta: un comentator de politic\u0103 extern\u0103, care se informeaz\u0103 doar prin CNN, BBC, WaPo, HuffPo, NYT etc. ar fi, de fapt, neinformat. \u015ei\u2026","rel":"","context":"\u00cen \u201eGeneral\u201d","block_context":{"text":"General","link":"https:\/\/paulmelian.de\/blog\/?cat=8"},"img":{"alt_text":"","src":"","width":0,"height":0},"classes":[]}],"post_mailing_queue_ids":[],"_links":{"self":[{"href":"https:\/\/paulmelian.de\/blog\/index.php?rest_route=\/wp\/v2\/posts\/6510","targetHints":{"allow":["GET"]}}],"collection":[{"href":"https:\/\/paulmelian.de\/blog\/index.php?rest_route=\/wp\/v2\/posts"}],"about":[{"href":"https:\/\/paulmelian.de\/blog\/index.php?rest_route=\/wp\/v2\/types\/post"}],"author":[{"embeddable":true,"href":"https:\/\/paulmelian.de\/blog\/index.php?rest_route=\/wp\/v2\/users\/1"}],"replies":[{"embeddable":true,"href":"https:\/\/paulmelian.de\/blog\/index.php?rest_route=%2Fwp%2Fv2%2Fcomments&post=6510"}],"version-history":[{"count":2,"href":"https:\/\/paulmelian.de\/blog\/index.php?rest_route=\/wp\/v2\/posts\/6510\/revisions"}],"predecessor-version":[{"id":6512,"href":"https:\/\/paulmelian.de\/blog\/index.php?rest_route=\/wp\/v2\/posts\/6510\/revisions\/6512"}],"wp:attachment":[{"href":"https:\/\/paulmelian.de\/blog\/index.php?rest_route=%2Fwp%2Fv2%2Fmedia&parent=6510"}],"wp:term":[{"taxonomy":"category","embeddable":true,"href":"https:\/\/paulmelian.de\/blog\/index.php?rest_route=%2Fwp%2Fv2%2Fcategories&post=6510"},{"taxonomy":"post_tag","embeddable":true,"href":"https:\/\/paulmelian.de\/blog\/index.php?rest_route=%2Fwp%2Fv2%2Ftags&post=6510"}],"curies":[{"name":"wp","href":"https:\/\/api.w.org\/{rel}","templated":true}]}}